{"id":3647,"date":"2024-06-15T16:48:49","date_gmt":"2024-06-15T14:48:49","guid":{"rendered":"https:\/\/oglasi.infooglasi.rs\/oglasi\/oglasiljubovija\/poceo-9-po-redu-festival-prica-oglasi-ljubovija\/"},"modified":"2024-06-15T16:48:49","modified_gmt":"2024-06-15T14:48:49","slug":"poceo-9-po-redu-festival-prica-oglasi-ljubovija","status":"publish","type":"post","link":"https:\/\/oglasi.infooglasi.rs\/oglasi\/oglasiljubovija\/poceo-9-po-redu-festival-prica-oglasi-ljubovija\/","title":{"rendered":"Po\u010deo 9. po redu Festival pri\u010da &#8211; OGLASI LJUBOVIJA"},"content":{"rendered":"<p><\/p>\n<div>\n<p>U gradu na Moravi po\u010deo deveti po redu festival \u201ePri\u010da\u201d pored odli\u010dnih rok bendova i izvo\u0111a\u010da, uz bogat prate\u0107i sadr\u017eaj koji zaokru\u017euje \u010ditavu jednu sliku ovo jedinstvenog festivala.<\/p>\n<p><img decoding=\"async\" src=\"https:\/\/www.glaszapadnesrbije.rs\/files\/images\/cacani_rock.jpg\"\/><\/p>\n<p>Sa prve festivalske ve\u010deri, foto: 4N Studio<\/p>\n<p>Ovo nam je drugi nastup u \u010ca\u010dku sa Midlseksom, iako smo svi iz \u010ca\u010dka, ovaj trenutak sada kakav je ste sa konceptom festivala jesu pank bendovi i na neki na\u010din iako nismo \u010dist pank, uklapamo se. U prvom delu repertoara, bilo je malo treme. Postoji neka publikakoja nije brojna,a li je verna i ov o je sasvim dovoljan broj ljudi koji se pojavio. Sviraju\u0107i sa ovim bendom po Srbiji u nekim manjim mestima od \u010ca\u010dka, uvek postgoji interesovanje za kulturnode\u0161avanje. Ovaj grad ume da odreaguje na ovakve manifestacije i da podr\u017ei\u201d, rekli su Jovan \u010corbec Kova\u010devi\u0107 i \u0110or\u0111e \u0106iri\u0107 iz benda \u201eMidlsex\u201d.<\/p>\n<p><img decoding=\"async\" src=\"https:\/\/www.glaszapadnesrbije.rs\/files\/images\/0231bee298-6e34-4132-af74-4350809725fd.jpg\"\/><\/p>\n<p>Nenad Kuzmi\u0107, glavni muzi\u010dki urednik radio \u201eBeograda 202\u201d, foto: 4N Studio<\/p>\n<p>Festival \u201ePri\u010da\u201d nije samo obi\u010dna pri\u010da istakao je Nenad Kuzmi\u0107, glavni muzi\u010dki urednik radio \u201eBeograda 202\u201d i dodao da je \u201ePri\u010da\u201d definitivno dokazala da je jedna od najhrtabrijih muzi\u010dkih festivala u Srbiji.<\/p>\n<p>\u201eNije lakoorganizovati jedan ovakav festival, posebno da traje vi\u0161e od jednog dana, a organizatori Pri\u010de to uspe\u0161no rade godinama. Nadam se da \u0107e nastaviti to da rtade i ubudu\u0107e. Pored grupa i bendova koje dovode sa strane daju podrf\u0161ku i lokalnim bendovima izvo\u0111a\u010dima i na taj na\u010din poma\u017eu nama iz drugih medija i gradova omogu\u0107avaju da prisustvujemo. Ove godine je pank pri\u010da, to je neki zvuk ojitreba da stigne do mladih ljudi koji bi u\u017eivali u njemu i mo\u017eda nastavili tim putem. Nadam se da je ovo jo\u0161 jedan u nizu festivala kada je pri\u010da u pitanju i da \u0107e u budu\u0107im godinama mo\u0107i u \u010ca\u010dku da u\u017eivamo u dobroj muzici\u201d, rekao je Kuzmi\u0107.<\/p>\n<p><img decoding=\"async\" src=\"https:\/\/www.glaszapadnesrbije.rs\/files\/images\/060a861c24-1327-4ada-b4b1-03bda6e966dd.jpg\"\/><\/p>\n<p>Sa prve festivalske ve\u010deri, foto: 4N Studio<\/p>\n<p>I Lokan je prvi put u \u010ca\u010dku koji je rekao da je prijatno izna\u0111en atmosferom u gradu na Moravi.<\/p>\n<p>\u201eIznan\u0111en sam i brojem ljudi, organizacijom koja je fantasti\u010dna i \u017eelim da ovo nastavi da postoji, te da \u010de\u0161\u0107e dolazimo u \u010ca\u010dak. Crna lista je prvi put ovde, nadam se da nije poslednji, devet godina je veliki uspeh u dana\u0161njim uslovima i \u017eelim im da traju jo\u0161 99\u201d, rekao je Lokan.<\/p>\n<p><img decoding=\"async\" src=\"https:\/\/www.glaszapadnesrbije.rs\/files\/images\/041bd243cd5-5d8e-448d-a3af-1c816ec40ac0.jpg\"\/><\/p>\n<p>Sa prve festivalske ve\u010deri, foto: 4N Studio<\/p>\n<p>On je dodao da su svi bendovi na bini bili odli\u010dni, a da je Crna lista bila najbolja. Svaki grad u Srbiji, svaki zaselak zaslu\u017euje da slu\u0161a ovakvu muziku.<\/p>\n<p>\u201eVeoma davno smo svirali u \u010ca\u010dku, uvek mi je drago kada otkrijemoneko mesto u kome nismo svitrali, a ovde ba\u0161 dugo nismo nastupali, tj. toliko smo davno svirali, pa kao da je prvi put. Odli\u010dna je publika, prostor i super oprema\u201d, kazao je Milan Mumin iz grupe \u201eLove Hunters\u201d.<\/p>\n<p><img decoding=\"async\" src=\"https:\/\/www.glaszapadnesrbije.rs\/files\/images\/05c3f481af-da13-4fa7-81a9-6f1a4dbebc37.jpg\"\/><\/p>\n<p>Sa prve festivalske ve\u010deri, foto: 4N Studio<\/p>\n<p>Po prvi put u \u010ca\u010dku u okviru Festivala Pri\u010da nasupala je i grupa \u201ePero defformero\u201d.<\/p>\n<p>\u201eFenomenalno ve\u010de, a oni koji puno pri\u010daju, obi\u010dno ni\u0161ta ne urade, a ovde vidimo na delu da je razglas bio fantasti\u010dan, sve \u0161to jedan mali festival treba da ima \u201ePri\u010da\u201d apsolutno ima, i \u017eelim da traje dugo, dugo. Sve je to na\u0161a publika, ne mo\u017eemo mi deliti rock and roll publiku na ove ili one, to je sve ista familija, rfokeri su poznatipo tome da su \u0161irokog uma i shvatanja. Rok je vi\u0161e stil \u017eivota, a ne slu\u0161anje muzike, pre svega sloboda u svakom obliku\u201d, zaklju\u010dio je Goran Bi\u0161evac, peva\u010d grupe \u201ePero defformero\u201d.<\/p>\n<p><img decoding=\"async\" src=\"https:\/\/www.glaszapadnesrbije.rs\/files\/images\/03915efe9b-3e04-48a3-b3ba-dffd8ffbeac2.jpg\"\/><\/p>\n<p>Sa prve festivalske ve\u010deri, foto: 4N Studio<\/p>\n<p>Ina\u010de, ve\u010deras, druge festivalske ve\u010deri nastupi\u0107e Osmi dan, Majkan, Six pack i Ritam nereda.<\/p>\n<p>\u00a0<\/p>\n<p>GZS\/Amppress<\/p>\n<h3 class=\"awpa-title\">Autor<\/h3>\n<div class=\"wp-post-author-wrap wp-post-author-shortcode  left\">\n<div class=\"awpa-tab-content active\" id=\"1_awpa-tab1\">\n<div class=\"wp-post-author\">\n<div class=\"awpa-img awpa-author-block square\">\n                <a href=\"https:\/\/amppress.rs\/index.php\/author\/eduka\/\" target=\"_blank\" rel=\"noopener\"><img loading=\"lazy\" decoding=\"async\" alt=\"\" src=\"https:\/\/secure.gravatar.com\/avatar\/3dc3333f0b21809b9f86b72b0c93c955?s=150&amp;d=mm&amp;r=g\" srcset=\"https:\/\/secure.gravatar.com\/avatar\/3dc3333f0b21809b9f86b72b0c93c955?s=300&amp;d=mm&amp;r=g 2x\" class=\"avatar avatar-150 photo\" height=\"150\" width=\"150\"\/><\/a><\/p><\/div>\n<\/p><\/div>\n<\/p><\/div>\n<\/p><\/div>\n<nav class=\"navigation post-navigation\" aria-label=\"Continue Reading\">\n<h2 class=\"screen-reader-text\">Continue Reading<\/h2>\n<\/nav><\/div>\n<p><a href=\"https:\/\/amppress.rs\/index.php\/2024\/06\/15\/poceo-9-po-redu-festival-prica\/\" target=\"_blank\" rel=\"noopener\">Source link <\/a><br \/>\n\n Po\u010deo 9. po redu Festival pri\u010da<\/p>\n","protected":false},"excerpt":{"rendered":"<p>U gradu na Moravi po\u010deo deveti po redu festival \u201ePri\u010da\u201d pored odli\u010dnih rok bendova i izvo\u0111a\u010da, uz bogat prate\u0107i sadr\u017eaj&hellip;<\/p>\n","protected":false},"author":1,"featured_media":3648,"comment_status":"open","ping_status":"open","sticky":false,"template":"","format":"standard","meta":{"footnotes":""},"categories":[1],"tags":[],"class_list":["post-3647","post","type-post","status-publish","format-standard","has-post-thumbnail","hentry","category-oglasi-ljubovija"],"_links":{"self":[{"href":"https:\/\/oglasi.infooglasi.rs\/oglasi\/oglasiljubovija\/wp-json\/wp\/v2\/posts\/3647","targetHints":{"allow":["GET"]}}],"collection":[{"href":"https:\/\/oglasi.infooglasi.rs\/oglasi\/oglasiljubovija\/wp-json\/wp\/v2\/posts"}],"about":[{"href":"https:\/\/oglasi.infooglasi.rs\/oglasi\/oglasiljubovija\/wp-json\/wp\/v2\/types\/post"}],"author":[{"embeddable":true,"href":"https:\/\/oglasi.infooglasi.rs\/oglasi\/oglasiljubovija\/wp-json\/wp\/v2\/users\/1"}],"replies":[{"embeddable":true,"href":"https:\/\/oglasi.infooglasi.rs\/oglasi\/oglasiljubovija\/wp-json\/wp\/v2\/comments?post=3647"}],"version-history":[{"count":0,"href":"https:\/\/oglasi.infooglasi.rs\/oglasi\/oglasiljubovija\/wp-json\/wp\/v2\/posts\/3647\/revisions"}],"wp:featuredmedia":[{"embeddable":true,"href":"https:\/\/oglasi.infooglasi.rs\/oglasi\/oglasiljubovija\/wp-json\/wp\/v2\/media\/3648"}],"wp:attachment":[{"href":"https:\/\/oglasi.infooglasi.rs\/oglasi\/oglasiljubovija\/wp-json\/wp\/v2\/media?parent=3647"}],"wp:term":[{"taxonomy":"category","embeddable":true,"href":"https:\/\/oglasi.infooglasi.rs\/oglasi\/oglasiljubovija\/wp-json\/wp\/v2\/categories?post=3647"},{"taxonomy":"post_tag","embeddable":true,"href":"https:\/\/oglasi.infooglasi.rs\/oglasi\/oglasiljubovija\/wp-json\/wp\/v2\/tags?post=3647"}],"curies":[{"name":"wp","href":"https:\/\/api.w.org\/{rel}","templated":true}]}}