{"id":3662,"date":"2024-07-07T03:36:14","date_gmt":"2024-07-07T01:36:14","guid":{"rendered":"https:\/\/oglasi.infooglasi.rs\/oglasi\/oglasiljubovija\/pripreme-za-sabor-violinista-u-punom-jeku-ocekuje-se-na-desetine-hiljada-posetilaca-oglasi-ljubovija\/"},"modified":"2024-07-07T03:36:14","modified_gmt":"2024-07-07T01:36:14","slug":"pripreme-za-sabor-violinista-u-punom-jeku-ocekuje-se-na-desetine-hiljada-posetilaca-oglasi-ljubovija","status":"publish","type":"post","link":"https:\/\/oglasi.infooglasi.rs\/oglasi\/oglasiljubovija\/pripreme-za-sabor-violinista-u-punom-jeku-ocekuje-se-na-desetine-hiljada-posetilaca-oglasi-ljubovija\/","title":{"rendered":"Pripreme za Sabor violinista u punom jeku, o\u010dekuje se na desetine hiljada posetilaca &#8211; OGLASI LJUBOVIJA"},"content":{"rendered":"<p><\/p>\n<div>\n<p>Ve\u0107 uveliko su po\u010dele pripreme za predstoje\u0107i Sabor violinist Srbije u Pranjanima koji \u0107e se odr\u017eati po \u0161esti put 16.17. i 18. avgusta. Saborski odbor ve\u0107 je izdao uputstva<\/p>\n<p>budu\u0107i da se o\u010dekuje ogroman broj posetilaca.<\/p>\n<p>Pre svega ne\u0107emo dozvoliti divljanje ugostiteljskih usluga. Cene su limitirane, ko god pomisli da se mo\u017ee pona\u0161ati kako mu volja mora da zna da nije dobrodo\u0161ao. To zna\u010di da su cene piva\u00a0 300 dinara, jedino za strana piva tipa ,,Bavarije\u201d \u0107e se tolerisati do 350 dinara obzirom da su u nabavci oko 150 dinara. Cene to\u010denih piva kod uli\u010dnih prodavaca su limitirane na 250 dinara I ne\u0107emo tolerisati\u00a0 da bilo ko zloupotrebljava gostoprimstvo doma\u0107ina\u00a0 i organizatora koji jesu za saradnju ali ne na \u0161tetu gostiju i Sabora, \u00a0ka\u017eu u Saborskom odboru.<\/p>\n<p>Pre svega oslanjamo se na doma\u0107e ugostitelje, a to su lokalni restorani i kafane. Restoran Dom koji ima naje\u0107e kapacitete preko 1000 mesta ve\u0107 je prihvatio saborske cene i \u0161tampao cenovnike sa cenama piva od 300 dinara, kafe 150, rakija\u00a0 200, \u00a0sokovi 300. Porcija kupusa sa projom ko\u0161ta\u0107e 600 dinara, pljeskavica 350 dinara a ukoliko ne do\u0111e do skoka cena na tr\u017ei\u0161tu stoke\u00a0 prase\u0107e pe\u010denje ko\u0161ta\u0107e 2500 a jagnje\u0107e 3000 dinara.<\/p>\n<p>Cene parking su limitirane na 300 dinara po automobilu van centra varo\u0161ice i proverava\u0107e se da li se oni koji izdaju parcele pridr\u017eavaju toga.<\/p>\n<p>Sli\u010dne cene o\u010dekuju se i od stalnih poznatih pranjanskih ugostitelja, Milije Kreje,Ranka usta\u0161e i \u0106elpa koji \u00a0do sada svojim uslugama \u00a0nisu obrukali ni sebe ni svoj kraj.<\/p>\n<p>,,\u0160to se \u0161atrad\u017eija ti\u010de otvoren poziv je upu\u0107en za Mi\u0107a Mraka koji je potvrdio da \u0107e se pridr\u017eavati saborskog \u00a0cenovnika, a to se o\u010dekuje i od Srbovca koji je od prvog dana tako\u0111e\u00a0 sa svojim pokretnim objektom \u00a0na Saboru. \u00a0Aleksandar Popovi\u0107 (Aco Pop) tako\u0111e je najavio da \u0107e postaviti ugostiteljski objekat. Da li \u0107e se on pridr\u017eavti cenovnika ostaje da se vidi, sa \u00a0njim sam imao razgovor ali se nismo za sada slo\u017eili u svemu ali o\u010dekujem da \u0107e mo u obostranom interesu usaglasiti stavove.<\/p>\n<p>Smatram da su cena zakupa zemlji\u0161ta za pokretne objekte (\u0161atrad\u017eije) u Pranjanima koje se kre\u0107u do 800 evra pristojne, 10 puta ni\u017ee od onih u Gu\u010di, i ne smeju biti ve\u0107e. Tako\u0111e ugostiteljima je obezbe\u0111ena struja a do sada je taj tro\u0161ak snosila Op\u0161tina Gornji Milanovac tako da su ugostiteljima tro\u0161kovi svedeni na minimum. Ne\u0107emo pristati i na\u0107i\u0107emo na\u010din da se suprostavimo svima koji poku\u0161aju na bilo koji na\u010din da uru\u0161avaju saborska pravila. \u017delim da svi zarade, ali ho\u0107emo da sabora\u0161i odu zadovoljni I da ih vidimo naredne godine. Ovo je manifestacija koja je interes \u010ditavog kraja i ni\u010diji li\u010dni interes ne mo\u017ee biti ispred toga. Zaista molim sve koji do\u0111u da zarade da to urade korektno, i da se o svemu dogovorimo kao ljudi.\u00a0 Svedoci smo koliko je sjajnih manifestacija uru\u0161eno upravo zbog ovoga o \u010dem pri\u010dam.<\/p>\n<p>Verujem i \u017eelim da u tom duhu sa\u010dekamo ovu veliku narodnu svetkovinu koju \u0107e otvoriti predsednik Srbije. Dr\u017eava je u na\u0161 kraj ulo\u017eila ozbiljna sredstva, na nama je da to o\u010duvamo i predamo budu\u0107im pokoljenjima. Nemamo pravo da trgujemo sa tim a ja kao autor Sabora spreman sam da po svaku cenu branim svetkovinu zajedno sa ljubiteljima violine istovremeno po\u0161tuju\u0107i \u00a0tu\u0111i interes ali koji ne sme biti pre\u010di od Saborskih. Zbog toga jo\u0161 jednom molim sve one koji se pripremaju za jednu od najlep\u0161ih svetkovina na na\u0161im prostorima da zajedno \u010duvamo Sabor. Na \u017ealost bi\u0107e I onih koje je ba\u0161 briga za sve sem sebe, i koji smatraju da su svemo\u0107ni. Samo ih molim da nas ne podcenjuju\u201d kazao je Gvozden Nikoli\u0107 autor manifestacije Sabor violinista Srbije.<\/p>\n<p>AMPPRESS\/GZS<\/p>\n<h3 class=\"awpa-title\">Autor<\/h3>\n<div class=\"wp-post-author-wrap wp-post-author-shortcode left\">\n<div class=\"awpa-tab-content active\" id=\"1_awpa-tab1\">\n<div class=\"wp-post-author\">\n<div class=\"awpa-img awpa-author-block square\">\n                <a href=\"https:\/\/amppress.rs\/index.php\/author\/eduka\/\" target=\"_blank\" rel=\"noopener\"><img loading=\"lazy\" decoding=\"async\" alt=\"\" src=\"https:\/\/secure.gravatar.com\/avatar\/3dc3333f0b21809b9f86b72b0c93c955?s=150&amp;d=mm&amp;r=g\" srcset=\"https:\/\/secure.gravatar.com\/avatar\/3dc3333f0b21809b9f86b72b0c93c955?s=300&amp;d=mm&amp;r=g 2x\" class=\"avatar avatar-150 photo\" height=\"150\" width=\"150\"\/><\/a><\/p><\/div>\n<\/p><\/div>\n<\/p><\/div>\n<\/p><\/div>\n<nav class=\"navigation post-navigation\" aria-label=\"Continue Reading\">\n<h2 class=\"screen-reader-text\">Continue Reading<\/h2>\n<\/nav><\/div>\n<p><a href=\"https:\/\/amppress.rs\/index.php\/2024\/07\/06\/pripreme-za-sabor-violinista-u-punom-jeku-ocekuje-se-na-desetine-hiljada-posetilaca\/\" target=\"_blank\" rel=\"noopener\">Source link <\/a><br \/>\n\n Pripreme za Sabor violinista u punom jeku, o\u010dekuje se na desetine hiljada posetilaca<\/p>\n","protected":false},"excerpt":{"rendered":"<p>Ve\u0107 uveliko su po\u010dele pripreme za predstoje\u0107i Sabor violinist Srbije u Pranjanima koji \u0107e se odr\u017eati po \u0161esti put 16.17.&hellip;<\/p>\n","protected":false},"author":1,"featured_media":3573,"comment_status":"open","ping_status":"open","sticky":false,"template":"","format":"standard","meta":{"footnotes":""},"categories":[1],"tags":[],"class_list":["post-3662","post","type-post","status-publish","format-standard","has-post-thumbnail","hentry","category-oglasi-ljubovija"],"_links":{"self":[{"href":"https:\/\/oglasi.infooglasi.rs\/oglasi\/oglasiljubovija\/wp-json\/wp\/v2\/posts\/3662","targetHints":{"allow":["GET"]}}],"collection":[{"href":"https:\/\/oglasi.infooglasi.rs\/oglasi\/oglasiljubovija\/wp-json\/wp\/v2\/posts"}],"about":[{"href":"https:\/\/oglasi.infooglasi.rs\/oglasi\/oglasiljubovija\/wp-json\/wp\/v2\/types\/post"}],"author":[{"embeddable":true,"href":"https:\/\/oglasi.infooglasi.rs\/oglasi\/oglasiljubovija\/wp-json\/wp\/v2\/users\/1"}],"replies":[{"embeddable":true,"href":"https:\/\/oglasi.infooglasi.rs\/oglasi\/oglasiljubovija\/wp-json\/wp\/v2\/comments?post=3662"}],"version-history":[{"count":0,"href":"https:\/\/oglasi.infooglasi.rs\/oglasi\/oglasiljubovija\/wp-json\/wp\/v2\/posts\/3662\/revisions"}],"wp:featuredmedia":[{"embeddable":true,"href":"https:\/\/oglasi.infooglasi.rs\/oglasi\/oglasiljubovija\/wp-json\/wp\/v2\/media\/3573"}],"wp:attachment":[{"href":"https:\/\/oglasi.infooglasi.rs\/oglasi\/oglasiljubovija\/wp-json\/wp\/v2\/media?parent=3662"}],"wp:term":[{"taxonomy":"category","embeddable":true,"href":"https:\/\/oglasi.infooglasi.rs\/oglasi\/oglasiljubovija\/wp-json\/wp\/v2\/categories?post=3662"},{"taxonomy":"post_tag","embeddable":true,"href":"https:\/\/oglasi.infooglasi.rs\/oglasi\/oglasiljubovija\/wp-json\/wp\/v2\/tags?post=3662"}],"curies":[{"name":"wp","href":"https:\/\/api.w.org\/{rel}","templated":true}]}}