{"id":3537,"date":"2023-10-24T20:30:27","date_gmt":"2023-10-24T18:30:27","guid":{"rendered":"https:\/\/oglasi.infooglasi.rs\/oglasi\/oglasilucani\/mi-smo-zrtve-medijskog-linca-direktor-nije-kriv-iza-svega-stoji-opozicija-slobodne-novine-oglasi-lucani\/"},"modified":"2023-10-24T20:30:27","modified_gmt":"2023-10-24T18:30:27","slug":"mi-smo-zrtve-medijskog-linca-direktor-nije-kriv-iza-svega-stoji-opozicija-slobodne-novine-oglasi-lucani","status":"publish","type":"post","link":"https:\/\/oglasi.infooglasi.rs\/oglasi\/oglasilucani\/mi-smo-zrtve-medijskog-linca-direktor-nije-kriv-iza-svega-stoji-opozicija-slobodne-novine-oglasi-lucani\/","title":{"rendered":"Mi smo \u017ertve medijskog lin\u010da, direktor nije kriv, iza svega stoji opozicija?!? \u2013 Slobodne novine &#8211; OGLASI LU\u010cANI"},"content":{"rendered":"<p><\/p>\n<div>\n<p>Beogradski glas (Beta) \u2013 Radnici vojne fabrike \u201cMilan Blagojevi\u0107 namenska\u201d u Lu\u010danima saop\u0161tili su da su prethodnih dana bili izlo\u017eeni \u201cmedijskom lin\u010du\u201d i \u201cuvredama\u201d, zbog njihovog prisustva ispred suda u Ivanjici na po\u010detku su\u0111enja rukovodstvu fabrike.<\/p>\n<p>\u201cNas 1.340 radnika prethodnih sedam dana izlo\u017eeni smo do sada nevidjenom medijskom lin\u010du od strane pojedinih novinara, kao i od ljudi na dru\u0161tvenim mre\u017eama. Lepljene su nam etikete \u2018ljudskog otpada\u2019, \u2018olo\u0161a\u2019, \u2018zveri\u2019, \u2018bede\u2019, stavljana nam je meta na \u010delo, sudjeno nam je bez sudjenja\u201d, navedeno je u saop\u0161tenju radnika.<\/p>\n<p>Oni navode da su ve\u0107 osu\u0111eni, kao i njihov generalni direktor Rado\u0161 Milovanovi\u0107, \u201ca, sve zbog toga \u0161to smo ustali da branimo na\u0161u koru hleba, onu kojom hranimo na\u0161u decu, na\u0161e porodice\u201d.<\/p>\n<p>Radnici su istakli da je smrt njihovog kolege zloupotrebljena i da \u201covaj lin\u010d koji pre\u017eivljavaju dokazao im je ono \u0161to su predose\u0107ali\u201d.<\/p>\n<p>Radnici su ocenili da iza svih napisa protiv njih stoji opozicija.<\/p>\n<p>\u201c\u017delimo i ho\u0107emo da mislimo da iza svega stoji opozicija, neljudi, koji \u017eele da obezglave na\u0161u fabriku, koju su nazvali \u2018logor smrti\u2019. Ne, srpska javnosti, ovo nije \u2018logor\u2019, ovo je organizacija puna \u017eivota, u kojoj se posle roditelja zapo\u0161ljavaju njihova deca, koja ima budu\u0107nost, i koja, pored svih neda\u0107a koje ovih dana do\u017eivljava namenska industrija u Srbiji, bele\u017ei zna\u010dajne rezultate u poslovanju, a sve zahvaljuju\u0107i na\u0161em menad\u017ementu na \u010delu sa generalnim direktorom. To, o\u010digledno, nekom ne odgovara\u201d, navodi se u saop\u0161tenju.<\/p>\n<p>Radnici isti\u010du da niko od novinara nije \u017eeleo da \u010duje istinu o dogadjaju u kome su poginula dva radnika o \u010demu postiji zve\u0161taj Instituta za preventivu iz Novog Sada i u kome se navodi da je do po\u017eara do\u0161lo u trenutku kada je jedan od radnika elektrokolicima dovezao buri\u0107e baruta do magacina, a potom pozvao kolegu da mu pomogne da skinu buri\u0107e.<\/p>\n<p>\u201cKod skidanja bureta do\u0161lo je do ispu\u0161tanja i pada istog te udara o betonsku podlogu. Otpadni barut (raketno gorivo) je na bazi nitroglicerina i nitroceluloze komercijalnog naziva \u2018balistit\u2019, se aktivirao usled udarca bureta o beton. Posle ove re\u010denice mogli bismo da stavimo ta\u010dku, jer je jasno, na\u017ealost, da je ljudski faktor izazvao po\u017ear\u201d, navodi se u saop\u0161tenju.<\/p>\n<p>U izve\u0161taju se navodi da su li\u010dna za\u0161titna sredstva koja su imali radnici bila u skladu sa va\u017ee\u0107im standardima.<\/p>\n<p>U saop\u0161tenju radnika isti\u010de se da za kompletnu proizvodnju fabrika ima razradjenu tehnologiju i sva potrebna pisana uputstva za bezbedno obavljanje poslova i unutra\u0161njeg transporta pri proizvodnji, da se svakog ponedeljka vr\u0161i \u201cprorada\u201d propisa rada, kao i periodi\u010dno testiranje od strane slu\u017ebe za za\u0161titu na radu.<\/p>\n<p>\u201cGde je ovde, pitamo se, krivica generalnog direktora? Koje mere bezbednosti on nije ispo\u0161tovao? Gde je tu na\u0161a krivica?\u201d, navodi se u saop\u0161tenju.<\/p>\n<p>Radnici su istakli da su odmah posle nesre\u0107e, dok je Milivojevi\u0107 koji je nastradao u fabri\u010dkoj eksploziji bio hospitalizovan na Vojno medicinskoj akademiji u Beogradu, ponudili svoju ko\u017eu za transplantaciju, ali su im lekari poru\u010dili da se njihov kolega oporavlja i da nije potrebno.<\/p>\n<p>\u201cOvaj \u010din spominjemo ne da bismo se njime hvalili, ve\u0107 da podsetimo \u2018neke\u2019 ko su bile njegove kolege i ko su bile kolege njegovog sina onog trenutka kada nam je izgovorio: \u2018Da Bog da svi do\u017eiveli moju sudbinu'\u201d, navodi se u saop\u0161tenju radnika.<\/p>\n<p>Radnici su poru\u010dili da \u0107e i dalje biti na strani generalnog direktora \u201cMilana Blagojevi\u0107a namenska\u201d Rado\u0161a Milovanovi\u0107a i da \u0107e ga i dalje braniti jer, kako navode, \u201cbrane pravdu\u201d i nadaju se da \u0107e \u201cpravda iza\u0107i na videlo posle zavr\u0161enog sudjenja\u201d.<\/p>\n<p>Su\u0111enje je bilo odr\u017eano 3. oktobra, na kome se sudilo direktoru fabrike \u201cMilana Blagojevi\u0107a namenska\u201d iz Lu\u010dana Rado\u0161u Milovanovi\u0107u zbog pogibije radnika Milomira Milivojevi\u0107a i Milojka Ignjatovi\u0107a u fabri\u010dkoj eksploziji, koja se dogodila 14. jula 2017. godine. <\/p>\n<\/p><\/div>\n<p><a href=\"https:\/\/slobodna.rs\/srbija\/radnici-fabrike-milan-blagojevic-mi-smo-zrtve-medijskog-linca-direktor-nije-kriv-iza-svega-stoji-opozicija\/\" target=\"_blank\" rel=\"noopener\">Source link <\/a><br \/>\n\n Mi smo \u017ertve medijskog lin\u010da, direktor nije kriv, iza svega stoji opozicija?!? \u2013 Slobodne novine<\/p>\n","protected":false},"excerpt":{"rendered":"<p>Beogradski glas (Beta) \u2013 Radnici vojne fabrike \u201cMilan Blagojevi\u0107 namenska\u201d u Lu\u010danima saop\u0161tili su da su prethodnih dana bili izlo\u017eeni&hellip;<\/p>\n","protected":false},"author":1,"featured_media":3538,"comment_status":"open","ping_status":"open","sticky":false,"template":"","format":"standard","meta":{"footnotes":""},"categories":[1],"tags":[],"class_list":["post-3537","post","type-post","status-publish","format-standard","has-post-thumbnail","hentry","category-oglasi-lucani"],"_links":{"self":[{"href":"https:\/\/oglasi.infooglasi.rs\/oglasi\/oglasilucani\/wp-json\/wp\/v2\/posts\/3537","targetHints":{"allow":["GET"]}}],"collection":[{"href":"https:\/\/oglasi.infooglasi.rs\/oglasi\/oglasilucani\/wp-json\/wp\/v2\/posts"}],"about":[{"href":"https:\/\/oglasi.infooglasi.rs\/oglasi\/oglasilucani\/wp-json\/wp\/v2\/types\/post"}],"author":[{"embeddable":true,"href":"https:\/\/oglasi.infooglasi.rs\/oglasi\/oglasilucani\/wp-json\/wp\/v2\/users\/1"}],"replies":[{"embeddable":true,"href":"https:\/\/oglasi.infooglasi.rs\/oglasi\/oglasilucani\/wp-json\/wp\/v2\/comments?post=3537"}],"version-history":[{"count":0,"href":"https:\/\/oglasi.infooglasi.rs\/oglasi\/oglasilucani\/wp-json\/wp\/v2\/posts\/3537\/revisions"}],"wp:featuredmedia":[{"embeddable":true,"href":"https:\/\/oglasi.infooglasi.rs\/oglasi\/oglasilucani\/wp-json\/wp\/v2\/media\/3538"}],"wp:attachment":[{"href":"https:\/\/oglasi.infooglasi.rs\/oglasi\/oglasilucani\/wp-json\/wp\/v2\/media?parent=3537"}],"wp:term":[{"taxonomy":"category","embeddable":true,"href":"https:\/\/oglasi.infooglasi.rs\/oglasi\/oglasilucani\/wp-json\/wp\/v2\/categories?post=3537"},{"taxonomy":"post_tag","embeddable":true,"href":"https:\/\/oglasi.infooglasi.rs\/oglasi\/oglasilucani\/wp-json\/wp\/v2\/tags?post=3537"}],"curies":[{"name":"wp","href":"https:\/\/api.w.org\/{rel}","templated":true}]}}