{"id":3569,"date":"2023-11-18T15:31:34","date_gmt":"2023-11-18T14:31:34","guid":{"rendered":"https:\/\/oglasi.infooglasi.rs\/oglasi\/oglasilucani\/jp-rzav-najavilo-restrikcije-vode-u-arilju-cacku-pozegi-lucanima-i-gornjem-milanovcu-drustvo-oglasi-lucani\/"},"modified":"2023-11-18T15:31:34","modified_gmt":"2023-11-18T14:31:34","slug":"jp-rzav-najavilo-restrikcije-vode-u-arilju-cacku-pozegi-lucanima-i-gornjem-milanovcu-drustvo-oglasi-lucani","status":"publish","type":"post","link":"https:\/\/oglasi.infooglasi.rs\/oglasi\/oglasilucani\/jp-rzav-najavilo-restrikcije-vode-u-arilju-cacku-pozegi-lucanima-i-gornjem-milanovcu-drustvo-oglasi-lucani\/","title":{"rendered":"JP Rzav najavilo restrikcije vode u Arilju, \u010ca\u010dku, Po\u017eegi, Lu\u010danima i Gornjem Milanovcu &#8211; Dru\u0161tvo &#8211; OGLASI LU\u010cANI"},"content":{"rendered":"<p><\/p>\n<div id=\"post-2804032\">\n<div class=\"article-post-featured-image\">\n<a href=\"https:\/\/www.danas.rs\/vesti\/drustvo\/ivana-nedeljkovic-puls-teatar\/\" data-wpel-link=\"internal\" target=\"_blank\" rel=\"noopener\"><br \/>\n<img width=\"1000\" height=\"560\" src=\"https:\/\/www.danas.rs\/wp-content\/uploads\/2023\/11\/4-9-1000x560.jpg\" class=\"w-full show-on-desktop wp-post-image\" alt=\"INTERVJU Ivana Nedeljkovi\u0107, direktorka pozori\u0161ta iz Lazarevca: &quot;Rekla sam ono \u0161to svi znaju, car je odavno go&quot; 10\" decoding=\"async\" loading=\"lazy\" title=\"INTERVJU Ivana Nedeljkovi\u0107, direktorka pozori\u0161ta iz Lazarevca: &quot;Rekla sam ono \u0161to svi znaju, car je odavno go&quot; 10\"\/> \t<\/a><\/div>\n<div class=\"article-post-content\">\n<div class=\"article-post-category\">\n<span class=\"primary-category\"><a href=\"https:\/\/www.danas.rs\/rubrika\/vesti\/drustvo\/\" data-wpel-link=\"internal\" target=\"_blank\" rel=\"noopener\">Dru\u0161tvo<\/a><span style=\"color: #868686;\"><strong> \u2022 <\/strong><\/span><\/span><span class=\"published\"><span class=\"special-date\">09.11.2023. <\/span><span class=\"special-time\">21:32<\/span><\/span><\/div>\n<h3 class=\"article-post-title\">\n<a href=\"https:\/\/www.danas.rs\/vesti\/drustvo\/ivana-nedeljkovic-puls-teatar\/\" data-wpel-link=\"internal\" target=\"_blank\" rel=\"noopener\"><br \/>\nINTERVJU Ivana Nedeljkovi\u0107, direktorka pozori\u0161ta iz Lazarevca: \u201eRekla sam ono \u0161to svi znaju, car je odavno go\u201c <\/a><\/h3>\n<p>Video na kome je moje obra\u0107anje bio je namenjen za lokal i trebalo je da bude vi\u0161e kao podno\u0161enje jednog usmenog izve\u0161taja \u0161ta se, sem odli\u010dnih predstava, u na\u0161em gledali\u0161tu de\u0161avalo prethodna tri dana, ka\u017ee u razgovoru za Danas Ivana Nedeljkovi\u0107, direktorka Puls teatra iz Lazarevca.<\/p>\n<\/div>\n<\/div>\n<p><a href=\"https:\/\/www.danas.rs\/vesti\/drustvo\/jp-rzav-najavilo-restrikcije-vode-u-arilju-cacku-pozegi-lucanima-i-gornjem-milanovcu\/\" target=\"_blank\" rel=\"noopener\">Source link <\/a><br \/>\n\n JP Rzav najavilo restrikcije vode u Arilju, \u010ca\u010dku, Po\u017eegi, Lu\u010danima i Gornjem Milanovcu &#8211; Dru\u0161tvo<\/p>\n","protected":false},"excerpt":{"rendered":"<p>Dru\u0161tvo \u2022 09.11.2023. 21:32 INTERVJU Ivana Nedeljkovi\u0107, direktorka pozori\u0161ta iz Lazarevca: \u201eRekla sam ono \u0161to svi znaju, car je odavno&hellip;<\/p>\n","protected":false},"author":1,"featured_media":3570,"comment_status":"open","ping_status":"open","sticky":false,"template":"","format":"standard","meta":{"footnotes":""},"categories":[1],"tags":[],"class_list":["post-3569","post","type-post","status-publish","format-standard","has-post-thumbnail","hentry","category-oglasi-lucani"],"_links":{"self":[{"href":"https:\/\/oglasi.infooglasi.rs\/oglasi\/oglasilucani\/wp-json\/wp\/v2\/posts\/3569","targetHints":{"allow":["GET"]}}],"collection":[{"href":"https:\/\/oglasi.infooglasi.rs\/oglasi\/oglasilucani\/wp-json\/wp\/v2\/posts"}],"about":[{"href":"https:\/\/oglasi.infooglasi.rs\/oglasi\/oglasilucani\/wp-json\/wp\/v2\/types\/post"}],"author":[{"embeddable":true,"href":"https:\/\/oglasi.infooglasi.rs\/oglasi\/oglasilucani\/wp-json\/wp\/v2\/users\/1"}],"replies":[{"embeddable":true,"href":"https:\/\/oglasi.infooglasi.rs\/oglasi\/oglasilucani\/wp-json\/wp\/v2\/comments?post=3569"}],"version-history":[{"count":0,"href":"https:\/\/oglasi.infooglasi.rs\/oglasi\/oglasilucani\/wp-json\/wp\/v2\/posts\/3569\/revisions"}],"wp:featuredmedia":[{"embeddable":true,"href":"https:\/\/oglasi.infooglasi.rs\/oglasi\/oglasilucani\/wp-json\/wp\/v2\/media\/3570"}],"wp:attachment":[{"href":"https:\/\/oglasi.infooglasi.rs\/oglasi\/oglasilucani\/wp-json\/wp\/v2\/media?parent=3569"}],"wp:term":[{"taxonomy":"category","embeddable":true,"href":"https:\/\/oglasi.infooglasi.rs\/oglasi\/oglasilucani\/wp-json\/wp\/v2\/categories?post=3569"},{"taxonomy":"post_tag","embeddable":true,"href":"https:\/\/oglasi.infooglasi.rs\/oglasi\/oglasilucani\/wp-json\/wp\/v2\/tags?post=3569"}],"curies":[{"name":"wp","href":"https:\/\/api.w.org\/{rel}","templated":true}]}}