{"id":3577,"date":"2023-11-27T07:07:41","date_gmt":"2023-11-27T06:07:41","guid":{"rendered":"https:\/\/oglasi.infooglasi.rs\/oglasi\/oglasilucani\/umesto-o-zrtvama-zbog-spinovanja-tema-su-novinari-oglasi-lucani\/"},"modified":"2023-11-27T07:07:41","modified_gmt":"2023-11-27T06:07:41","slug":"umesto-o-zrtvama-zbog-spinovanja-tema-su-novinari-oglasi-lucani","status":"publish","type":"post","link":"https:\/\/oglasi.infooglasi.rs\/oglasi\/oglasilucani\/umesto-o-zrtvama-zbog-spinovanja-tema-su-novinari-oglasi-lucani\/","title":{"rendered":"Umesto o \u017ertvama, zbog spinovanja tema su novinari &#8211; OGLASI LU\u010cANI"},"content":{"rendered":"<p><\/p>\n<div>\n<p>U serijalu \u201e\u017divot pri\u010da\u201d Tatjanom Vojtehovski bavila se tragedijom koja se dogodila pro\u0161le godine u fabrici \u201eMilan Blagojevi\u0107 \u2013 Namenska\u201c kada su poginuli Milojko Ignjatovi\u0107 i Milomir Milivojevi\u0107. Gost je bio jedini svedok nesre\u0107e, Marko Mitrovi\u0107, kolega koji je sa poginulim radnicima bio u magacinu.<\/p>\n<p>Ono \u0161to je usledilo je javno vre\u0111anje novinarke, vo\u0111a smene u fabrici \u201eMilan Blagojevi\u0107 \u2013 Namenska\u201c Slobodan Ne\u0161ovanovi\u0107 tra\u017eio je na dru\u0161tvenim mre\u017eama njeno hap\u0161enje, a usledio je i \u0161trajk sindikata.<\/p>\n<p>\u201eTo nije prvi put da sindikati na\u017ealost vi\u0161e \u0161tite prava rukovodstava, nego radnika. Ponekad mi iz Beograda ne mo\u017eemo da shvatimo koliki je pritisak na ljude u malim sredinama, bili oni radnici ili novinari koji izve\u0161tavaju o takvim pri\u010dama. Mi \u010desto i ne znamo kakvi su sve pritisci\u201c, ka\u017ee on.<\/p>\n<p>Vuka\u0161in Obradovi\u0107, novinar i biv\u0161i predsednik NUNS, ocenio je da Vojtjehovski, bave\u0107i se ovom temom, nije uradila ni\u0161ta \u0161to se protivi pravilima novinarske profesije.<\/p>\n<p>\u201eOvo je vi\u0161i nivo pritisaka na medije. Ne pamtim da imamo javne skupove na kojima se osu\u0111uju novinari. I pitam se \u0161ta je slede\u0107e, da li \u0107emo imati proteste, mitinge protiv novinara ili televizija\u201c, rekao je.<\/p>\n<div class=\"fnc-plugin-element\">\n<div class=\"insertFactBox\">\n<div class=\"js-factbox\">\n<div class=\"quotes\">\n<p class=\"js-factbox-desc\">Novinari meta i zaklon za va\u017ene dru\u0161tvene teme.<\/p>\n<\/div>\n<\/div>\n<\/div>\n<\/div>\n<p>Vojtehovski ka\u017ee da je njen gost govorio o tome kako je bio ucenjivan da promeni iskaz, i nagla\u0161ava kakva je uvezanost ljudi u malim sredinama. Rekla je doga\u0111aje koji su usledili do\u017eivela kao vi\u0161e od poku\u0161aja da bude u\u0107utkana, i da je neupitno da je izlo\u017eena pritiscima dr\u017eave.<\/p>\n<p>Ministarstvo odbrane utvrdilo je niz propusta u namenskoj, a sa druge strane podr\u017ealo je sindikat i ovaj \u0161trajk zvani\u010dno.<\/p>\n<p>\u201eTo je toliko perfidno uvezano, to je stra\u0161na manipulacija\u201c, kazala je.<\/p>\n<p>Od 2016. do danas zabele\u017eeno je 60 napada javnih funkcionera na novinare, to je trend, kazao je Obradovi\u0107.<\/p>\n<p>\u201eAko u skup\u0161tini imate Martinovi\u0107a, Risti\u010devi\u0107a, koji poimence prozivaju novinare, dajete legitimitet nekome da dr\u017ei miting u krugu fabrike i napada novinarku, jer ako oni to rade u najva\u017enijem organu dr\u017eave onda \u2013 za\u0161to bi to bilo protivzakonito ili ru\u017eno\u201c, kazao je.<\/p>\n<p>Doga\u0111aj se desio u organizaciji vlasti i sa znanjem vlasti, a predstavnici vlasti generi\u0161u atmosferu u kojoj je danas \u017ertva Tanja Vojtehovski a, sutra neko drugi, sla\u017eu se gosti.<\/p>\n<p>Radomirovi\u0107 je upozorio da se zaboravljaju oni koji su prave \u017ertve.<\/p>\n<p>\u201eOni koji su poginuli, radnici koji i dalje rade u tim uslovima\u201c, kazao je i pozvao ispred Pi\u0161taljke, sve radnike koji \u017eele da prijave sve nezakonitosti, da \u0107e im pru\u017eiti svu zakonsku podr\u0161ku.<\/p>\n<p>Obradovi\u0107 se slo\u017eio da je na delu spinovanje \u2013 umesto da razgovaramo o \u017ertvama, uslovima rada, mi govoriomo o novinarima, o TV.<\/p>\n<p>\u201eTo je najopasniji efekat cele pri\u010de, i to i \u017eelja onih koji organizuju ovakve doga\u0111aje\u201c, dodao je on.<\/p>\n<p>Obradovi\u0107 je podsetio da je u 2016. zabele\u017eeno 69 slu\u010dajeva napada na novinare, u 2017. 92, a u ovoj sada ve\u0107 70.<\/p>\n<p>\u201eTo je ne\u0161to \u0161to nas brine, to nije pitanje vi\u0161e preko koga mo\u017eemo da prelazimo, brojke su vi\u0161e nego zabrinjavaju\u0107e, i zato \u0161to raste trend pritisaka javnih funkcionera to je veoma opasno jer stvara atmosferu u kojoj novinari postaju legitimne \u017ertve. Novinari se isturaju kao meta i zaklon za va\u017ene dru\u0161tvene teme\u201c, kazao je.<\/p>\n<p>Neka\u017enjivost napada na novinare, dodaje, podsticaj je da se vr\u0161e javne hajke na medije.<\/p>\n<p><a href=\"https:\/\/www.youtube.com\/watch?v=NYpOFpgG2yg\" target=\"_blank\" rel=\"noopener\">https:\/\/www.youtube.com\/watch?v=NYpOFpgG2yg<\/a><\/p>\n<\/p><\/div>\n<p><a href=\"https:\/\/www.cenzolovka.rs\/pritisci-i-napadi\/gosti-n1-umesto-o-zrtvama-zbog-spinovanja-tema-su-novinari\/\" target=\"_blank\" rel=\"noopener\">Source link <\/a><br \/>\n\n Umesto o \u017ertvama, zbog spinovanja tema su novinari<\/p>\n","protected":false},"excerpt":{"rendered":"<p>U serijalu \u201e\u017divot pri\u010da\u201d Tatjanom Vojtehovski bavila se tragedijom koja se dogodila pro\u0161le godine u fabrici \u201eMilan Blagojevi\u0107 \u2013 Namenska\u201c&hellip;<\/p>\n","protected":false},"author":1,"featured_media":3579,"comment_status":"open","ping_status":"open","sticky":false,"template":"","format":"standard","meta":{"footnotes":""},"categories":[1],"tags":[],"class_list":["post-3577","post","type-post","status-publish","format-standard","has-post-thumbnail","hentry","category-oglasi-lucani"],"_links":{"self":[{"href":"https:\/\/oglasi.infooglasi.rs\/oglasi\/oglasilucani\/wp-json\/wp\/v2\/posts\/3577","targetHints":{"allow":["GET"]}}],"collection":[{"href":"https:\/\/oglasi.infooglasi.rs\/oglasi\/oglasilucani\/wp-json\/wp\/v2\/posts"}],"about":[{"href":"https:\/\/oglasi.infooglasi.rs\/oglasi\/oglasilucani\/wp-json\/wp\/v2\/types\/post"}],"author":[{"embeddable":true,"href":"https:\/\/oglasi.infooglasi.rs\/oglasi\/oglasilucani\/wp-json\/wp\/v2\/users\/1"}],"replies":[{"embeddable":true,"href":"https:\/\/oglasi.infooglasi.rs\/oglasi\/oglasilucani\/wp-json\/wp\/v2\/comments?post=3577"}],"version-history":[{"count":0,"href":"https:\/\/oglasi.infooglasi.rs\/oglasi\/oglasilucani\/wp-json\/wp\/v2\/posts\/3577\/revisions"}],"wp:featuredmedia":[{"embeddable":true,"href":"https:\/\/oglasi.infooglasi.rs\/oglasi\/oglasilucani\/wp-json\/wp\/v2\/media\/3579"}],"wp:attachment":[{"href":"https:\/\/oglasi.infooglasi.rs\/oglasi\/oglasilucani\/wp-json\/wp\/v2\/media?parent=3577"}],"wp:term":[{"taxonomy":"category","embeddable":true,"href":"https:\/\/oglasi.infooglasi.rs\/oglasi\/oglasilucani\/wp-json\/wp\/v2\/categories?post=3577"},{"taxonomy":"post_tag","embeddable":true,"href":"https:\/\/oglasi.infooglasi.rs\/oglasi\/oglasilucani\/wp-json\/wp\/v2\/tags?post=3577"}],"curies":[{"name":"wp","href":"https:\/\/api.w.org\/{rel}","templated":true}]}}