{"id":3659,"date":"2024-02-20T10:36:32","date_gmt":"2024-02-20T09:36:32","guid":{"rendered":"https:\/\/oglasi.infooglasi.rs\/oglasi\/oglasilucani\/da-nam-se-ne-stavlja-meta-na-celo-oglasi-lucani\/"},"modified":"2024-02-20T10:36:32","modified_gmt":"2024-02-20T09:36:32","slug":"da-nam-se-ne-stavlja-meta-na-celo-oglasi-lucani","status":"publish","type":"post","link":"https:\/\/oglasi.infooglasi.rs\/oglasi\/oglasilucani\/da-nam-se-ne-stavlja-meta-na-celo-oglasi-lucani\/","title":{"rendered":"Da nam se ne stavlja meta na \u010delo &#8211; OGLASI LU\u010cANI"},"content":{"rendered":"<p><\/p>\n<div>\n<div id=\"attachment_43180\" style=\"width: 895px\" class=\"wp-caption aligncenter\"><img loading=\"lazy\" aria-describedby=\"caption-attachment-43180\" decoding=\"async\" class=\" wp-image-43180\" src=\"https:\/\/www.cenzolovka.rs\/wp-content\/uploads\/2018\/10\/vojtehovski_gajovic_screenshtop_tv_prva.png\" alt=\"\" width=\"885\" height=\"487\" srcset=\"https:\/\/www.cenzolovka.rs\/wp-content\/uploads\/2018\/10\/vojtehovski_gajovic_screenshtop_tv_prva.png 640w, https:\/\/www.cenzolovka.rs\/wp-content\/uploads\/2018\/10\/vojtehovski_gajovic_screenshtop_tv_prva-300x165.png 300w\" sizes=\"auto, (max-width: 885px) 100vw, 885px\"\/><\/p>\n<p id=\"caption-attachment-43180\" class=\"wp-caption-text\">Screenshot TV Prva, preuzeto sa <a href=\"https:\/\/www.b92.net\/info\/vesti\/index.php?yyyy=2018&amp;mm=10&amp;dd=16&amp;nav_category=12&amp;nav_id=1456482\" target=\"_blank\" rel=\"noopener\">b92.net<\/a><\/p>\n<\/div>\n<p>Ko danas u Srbiji preti novinarima i koliko su predstavnici sedme sile ugro\u017eeni samo zato \u0161to rade svoj posao?<\/p>\n<p>U pro\u0161loj sezoni emisije \u017divot pri\u010da emitovane su dve epizode o nesre\u0107i u fabrici u Lu\u010danima u kojoj su u julu pro\u0161le godine \u017eivote izgubili Milojko Ignjatovi\u0107 i Milomir Milivojevi\u0107. U ovoj sezoni emitovana je jedna i danas \u010dlanovi sindikata organizuju jedno\u010dasovni protest, a neki od njih tra\u017ee hap\u0161enje novinarke.<\/p>\n<p>\u201eKao dr\u017eavni sekretar Ministarstva kulture i informisanja i samo Ministarstvo, svaku pretnju svaki pritisak, svaki udar na slobodno novinarstvo mi najo\u0161trije osu\u0111ujemo, ali mi nemamo instrumente da u pravom smislu te re\u010di za\u0161titimo novinare. Mi ka\u017eemo da svako u takvoj situaciji treba da se obrati policiji koja stvar procesuira do tu\u017eila\u0161tva, a mi tra\u017eimo od tu\u017eila\u0161tva da javno objavi rezultate tog procesuiranja. To \u0161to neko \u017eeli da hapsi novinare je apsolutno nedozvoljivo i nedopustivo, a to \u0161to ho\u0107e da \u0161trajkuje, pretpostavljam da je po zakonu. Ja sam po prirodi legalista, volim i \u017eelim da se dr\u017eim zakona. Srbija je ure\u0111ena zemlja, gde se po\u0161tuje vladavina prava. Neka svako radi svoj posao, problema ne\u0107e biti\u201c, kazao je Aleksandar Gajovi\u0107, dr\u017eavni sekretar u Ministarstvu kulture i informisanja u Jutarnjem programu Prve televizije.<\/p>\n<p>Na pitanje ko treba da reaguje u ovoj situaciji on ka\u017ee \u201eda mo\u017ee da reaguje dr\u017eava, a mo\u017ee i ugro\u017eeni novinar\u201c. Gajovi\u0107 je predlo\u017eio kao re\u0161enje medijaciju.<\/p>\n<p>Tatjana Vojtehovski je kazala da je \u201eMinistarstvo odbrane izdalo saop\u0161tenje da podr\u017eava aktivnosti sindikata\u201c.<\/p>\n<p>\u201eMinistarstvo odbrane, odnosno dr\u017eava, naziva javni poziv za hap\u0161enje jedne novinarke apelom na medije. Ka\u017eete da treba da odem u policiju. Koga ja da tu\u017eim \u2013 ministarstvo odbrane, dr\u017eavu? Kako da se \u010duje druga strana, da se napravi medijacija? Da ja sednem sa ljudima koji pozivaju na moje hap\u0161enje, meni nije problem, ali tako se ne re\u0161avaju stvari\u201c, navela je Tatjana Vojtehovski.<\/p>\n<p>\u201eVi li\u010dno stvarate klimu da potpuno u redu da postoje podobni i nepodobni novinari, da je potpuno okej da se novinarima ne\u0161to dogodi, \u010dovek koji je izjavio \u2018nije du\u017enost Ministarstva da osudi svaki napad na novinare'\u201c, dodala je.<\/p>\n<p>Gajovi\u0107 je, sa druge strane, rekao da on \u201ene deli novinare i ne pravi razlike izme\u0111u slu\u010dajeva\u201c.<\/p>\n<p>\u201eNa mene vr\u0161i pritisak dr\u017eava, a ja treba da odem u policiju i \u0161ta da ka\u017eem \u2013 do\u0161la sam da prijavim Vulina. \u0160ta treba radim? O\u010dekujem da \u017eivim u normalnoj dr\u017eavi, da nam se ne stavlja meta na \u010delo. Dosad sam prijavila to NUNS-u i postoji njihova reakcija\u201c, rekla je Tatjana Vojtehovska.<\/p>\n<p>Na pitanje da li bi ne\u0161to promenilo kada bi novinari imali status slu\u017ebenog lica, dr\u017eavni sekretar je rekao da tu \u201edolazimo do klju\u010dnog pitanja \u2013 mi moramo prvo da vidimo ko je novinar\u201c.<\/p>\n<p>\u201eJe l imate definiciju bilo gde novinara, ni u zakonu, ni u strategiji medijskoj koja se priprema. Jednostavno, udru\u017eenja i ja izbegavamo da defini\u0161emo ko je novinar. Te\u0161ko je do\u0107i do te definicije\u201c, naveo je Gajovi\u0107.<\/p>\n<p><strong><em><br \/>Video prilog Prve televizije pogledajte <a href=\"https:\/\/www.b92.net\/info\/vesti\/index.php?yyyy=2018&amp;mm=10&amp;dd=16&amp;nav_category=12&amp;nav_id=1456482\" target=\"_blank\" rel=\"noopener\">ovde<\/a>.<\/em><\/strong><\/p>\n<\/p><\/div>\n<p><a href=\"https:\/\/www.cenzolovka.rs\/pritisci-i-napadi\/vojtehovski-da-nam-se-ne-stavlja-meta-na-celo\/\" target=\"_blank\" rel=\"noopener\">Source link <\/a><br \/>\n\n Da nam se ne stavlja meta na \u010delo<\/p>\n","protected":false},"excerpt":{"rendered":"<p>Screenshot TV Prva, preuzeto sa b92.net Ko danas u Srbiji preti novinarima i koliko su predstavnici sedme sile ugro\u017eeni samo&hellip;<\/p>\n","protected":false},"author":1,"featured_media":3660,"comment_status":"open","ping_status":"open","sticky":false,"template":"","format":"standard","meta":{"footnotes":""},"categories":[1],"tags":[],"class_list":["post-3659","post","type-post","status-publish","format-standard","has-post-thumbnail","hentry","category-oglasi-lucani"],"_links":{"self":[{"href":"https:\/\/oglasi.infooglasi.rs\/oglasi\/oglasilucani\/wp-json\/wp\/v2\/posts\/3659","targetHints":{"allow":["GET"]}}],"collection":[{"href":"https:\/\/oglasi.infooglasi.rs\/oglasi\/oglasilucani\/wp-json\/wp\/v2\/posts"}],"about":[{"href":"https:\/\/oglasi.infooglasi.rs\/oglasi\/oglasilucani\/wp-json\/wp\/v2\/types\/post"}],"author":[{"embeddable":true,"href":"https:\/\/oglasi.infooglasi.rs\/oglasi\/oglasilucani\/wp-json\/wp\/v2\/users\/1"}],"replies":[{"embeddable":true,"href":"https:\/\/oglasi.infooglasi.rs\/oglasi\/oglasilucani\/wp-json\/wp\/v2\/comments?post=3659"}],"version-history":[{"count":0,"href":"https:\/\/oglasi.infooglasi.rs\/oglasi\/oglasilucani\/wp-json\/wp\/v2\/posts\/3659\/revisions"}],"wp:featuredmedia":[{"embeddable":true,"href":"https:\/\/oglasi.infooglasi.rs\/oglasi\/oglasilucani\/wp-json\/wp\/v2\/media\/3660"}],"wp:attachment":[{"href":"https:\/\/oglasi.infooglasi.rs\/oglasi\/oglasilucani\/wp-json\/wp\/v2\/media?parent=3659"}],"wp:term":[{"taxonomy":"category","embeddable":true,"href":"https:\/\/oglasi.infooglasi.rs\/oglasi\/oglasilucani\/wp-json\/wp\/v2\/categories?post=3659"},{"taxonomy":"post_tag","embeddable":true,"href":"https:\/\/oglasi.infooglasi.rs\/oglasi\/oglasilucani\/wp-json\/wp\/v2\/tags?post=3659"}],"curies":[{"name":"wp","href":"https:\/\/api.w.org\/{rel}","templated":true}]}}