{"id":3690,"date":"2024-02-27T01:15:00","date_gmt":"2024-02-27T00:15:00","guid":{"rendered":"https:\/\/oglasi.infooglasi.rs\/oglasi\/oglasilucani\/eksplozija-u-fabrici-povrijedjeno-sest-radnika-oglasi-lucani\/"},"modified":"2024-02-27T01:15:00","modified_gmt":"2024-02-27T00:15:00","slug":"eksplozija-u-fabrici-povrijedjeno-sest-radnika-oglasi-lucani","status":"publish","type":"post","link":"https:\/\/oglasi.infooglasi.rs\/oglasi\/oglasilucani\/eksplozija-u-fabrici-povrijedjeno-sest-radnika-oglasi-lucani\/","title":{"rendered":"Eksplozija u fabrici, povrije\u0111eno \u0161est radnika &#8211; OGLASI LU\u010cANI"},"content":{"rendered":"<p><\/p>\n<div>\n<p><strong>Prema rije\u010dima ljekara, radnici su u stabilnom stanju i nisu \u017eivotno ugro\u017eeni.<\/strong><\/p>\n<p>Dva pacijenta sa opekotinama glave, lica i ekstremiteta su sme\u0161teni u jedinicu intenzivne njege. \u010cetvoro ima lak\u0161e telesne povrede i oni su na odeljenjeu hirurgije. Niko od njih nije \u017eivotno ugro\u017een i njihovo stanje se prati \u2013 rekla je za RINU dr Marija Stranjanac portparol Op\u0161te bolnice povodom <a href=\"https:\/\/srpskainfo.com\/tag\/eksplozija\/\" target=\"_blank\" rel=\"noopener\">eksplozije<\/a> u Lu\u010danima.<\/p>\n<figure class=\"captionImageWrapper\"><img loading=\"lazy\" decoding=\"async\" src=\"https:\/\/srpskainfo.com\/wp-content\/uploads\/2024\/02\/FABRIKA-Lucani-namenska-eksplozija-foto-rina-1-872x610.jpg\" alt=\"FOTO: RINA \" width=\"872\" height=\"610\"\/><figcaption class=\"captionImageCaption\">FOTO: RINA <\/figcaption><\/figure>\n<p>        <span class=\"keySingle\"\/><\/p>\n<p>\u2013 Vidjeli smo dim i sanitetska vozila kako odlaze.\u00a0<strong>Dobro je samo da niko nije \u017eivotno ugro\u017een, to je u ovom trenutku najva\u017enije.\u00a0<\/strong>Sve vrijeme smo strijepili od vijesti koje smo \u010dekali iz \u010da\u010danske bolnice, ka\u017eu mje\u0161tani Lu\u010dana, pi\u0161e Rina.<\/p>\n<p>Uzrok nastanka po\u017eara utvrdi\u0107e nadle\u017ene slu\u017ebe.<\/p>\n<p>Podsjetimo, eksplozija u vojnoj fabrici \u201cMilan Blagojevi\u0107\u201d u Lu\u010danima dogodila se jutros.<\/p>\n<p>Trenutno nije dozvoljen ulazak u fabriku.<\/p>\n<p>                <a style=\"font-weight:bold;&#010;                font-size:14px;margin-bottom:0.6rem;display:block; width:max-content;background-color:#7360F2;color:white;padding:0.6rem;border-radius:5px;cursor:pointer;\" title=\"Viber grupa\" target=\"_blank\" href=\"https:\/\/invite.viber.com\/?g2=AQADj2jdM9Z9glCzKoVL14kr2VhoO%2FPqOu0JB5T7bD3knZHJFKQs4T3Pr1gHQzZv&amp;lang=en\" rel=\"noopener\"><br \/>\n                    Najnovije vijesti Srpskainfo i na Viberu<br \/>\n                <\/a><\/p><\/div>\n<p><script async>\n        !function(f,b,e,v,n,t,s)\n        {if(f.fbq)return;n=f.fbq=function(){n.callMethod?\n            n.callMethod.apply(n,arguments):n.queue.push(arguments)};\n            if(!f._fbq)f._fbq=n;n.push=n;n.loaded=!0;n.version='2.0';\n            n.queue=[];t=b.createElement(e);t.async=!0;\n            t.src=v;s=b.getElementsByTagName(e)[0];\n            s.parentNode.insertBefore(t,s)}(window, document,'script',\n            'https:\/\/connect.facebook.net\/en_US\/fbevents.js');\n        fbq('init', '344652463724127');\n        fbq('track', 'PageView');\n    <\/script><br \/>\n<br \/><a href=\"https:\/\/srpskainfo.com\/foto-utvrdjuju-se-uzroci-eksplozije-u-fabrici-sest-radnika-povrijedjeno-2-imaju-opekotine-glave-i-tijela\/\" target=\"_blank\" rel=\"noopener\">Source link <\/a><br \/>\n\n Eksplozija u fabrici, povrije\u0111eno \u0161est radnika<\/p>\n","protected":false},"excerpt":{"rendered":"<p>Prema rije\u010dima ljekara, radnici su u stabilnom stanju i nisu \u017eivotno ugro\u017eeni. Dva pacijenta sa opekotinama glave, lica i ekstremiteta&hellip;<\/p>\n","protected":false},"author":1,"featured_media":3691,"comment_status":"open","ping_status":"open","sticky":false,"template":"","format":"standard","meta":{"footnotes":""},"categories":[1],"tags":[],"class_list":["post-3690","post","type-post","status-publish","format-standard","has-post-thumbnail","hentry","category-oglasi-lucani"],"_links":{"self":[{"href":"https:\/\/oglasi.infooglasi.rs\/oglasi\/oglasilucani\/wp-json\/wp\/v2\/posts\/3690","targetHints":{"allow":["GET"]}}],"collection":[{"href":"https:\/\/oglasi.infooglasi.rs\/oglasi\/oglasilucani\/wp-json\/wp\/v2\/posts"}],"about":[{"href":"https:\/\/oglasi.infooglasi.rs\/oglasi\/oglasilucani\/wp-json\/wp\/v2\/types\/post"}],"author":[{"embeddable":true,"href":"https:\/\/oglasi.infooglasi.rs\/oglasi\/oglasilucani\/wp-json\/wp\/v2\/users\/1"}],"replies":[{"embeddable":true,"href":"https:\/\/oglasi.infooglasi.rs\/oglasi\/oglasilucani\/wp-json\/wp\/v2\/comments?post=3690"}],"version-history":[{"count":0,"href":"https:\/\/oglasi.infooglasi.rs\/oglasi\/oglasilucani\/wp-json\/wp\/v2\/posts\/3690\/revisions"}],"wp:featuredmedia":[{"embeddable":true,"href":"https:\/\/oglasi.infooglasi.rs\/oglasi\/oglasilucani\/wp-json\/wp\/v2\/media\/3691"}],"wp:attachment":[{"href":"https:\/\/oglasi.infooglasi.rs\/oglasi\/oglasilucani\/wp-json\/wp\/v2\/media?parent=3690"}],"wp:term":[{"taxonomy":"category","embeddable":true,"href":"https:\/\/oglasi.infooglasi.rs\/oglasi\/oglasilucani\/wp-json\/wp\/v2\/categories?post=3690"},{"taxonomy":"post_tag","embeddable":true,"href":"https:\/\/oglasi.infooglasi.rs\/oglasi\/oglasilucani\/wp-json\/wp\/v2\/tags?post=3690"}],"curies":[{"name":"wp","href":"https:\/\/api.w.org\/{rel}","templated":true}]}}