{"id":3692,"date":"2024-03-02T06:21:15","date_gmt":"2024-03-02T05:21:15","guid":{"rendered":"https:\/\/oglasi.infooglasi.rs\/oglasi\/oglasilucani\/do-izbora-ima-jos-mesec-i-po-dana-a-vec-zabelezena-prva-izborna-neregularnost-u-lucanima-slobodne-novine-oglasi-lucani\/"},"modified":"2024-03-02T06:21:15","modified_gmt":"2024-03-02T05:21:15","slug":"do-izbora-ima-jos-mesec-i-po-dana-a-vec-zabelezena-prva-izborna-neregularnost-u-lucanima-slobodne-novine-oglasi-lucani","status":"publish","type":"post","link":"https:\/\/oglasi.infooglasi.rs\/oglasi\/oglasilucani\/do-izbora-ima-jos-mesec-i-po-dana-a-vec-zabelezena-prva-izborna-neregularnost-u-lucanima-slobodne-novine-oglasi-lucani\/","title":{"rendered":"Do izbora ima jo\u0161 mesec i po dana, a ve\u0107 zabele\u017eena prva izborna neregularnost u Lu\u010danima \u2013 Slobodne novine &#8211; OGLASI LU\u010cANI"},"content":{"rendered":"<p><\/p>\n<div>\n<p>Beogradski glas (Beta) \u2013 Predsednik Dveri i jedan od lidera Saveza za Srbiju Bo\u0161ko Obradovi\u0107 ocenio je da je ve\u0107 zabele\u017eena izborna neregularnost pred lokalne izbore u Lu\u010danima koji su zakazani za 16. decembar.<\/p>\n<p>On je istakao da je Izborna komisija u Lu\u010danima na ju\u010dera\u0161njem sastanku utvrdila izgled obrasca za prikupljanje potpisa za predaju izborne liste, ali niko drugi od u\u010desnika na izborima nije imao mogu\u0107nost uvida u taj dokument dok Srpska napredna stranka (SNS) nije predala svoju izbornu listu.<\/p>\n<p>\u201eTo je ve\u0107 prva zabele\u017eena izborna neregularnost na samom startu izborne trke\u201c, rekao je Obradovi\u0107 novinarima.<\/p>\n<p>SNS u Lu\u010danima predala je sino\u0107 Op\u0161tinskoj izbornoj komisiji u Lu\u010danima listu odborni\u010dkih kandidata.<\/p>\n<p>Obradovi\u0107 je dodao da je \u201eposebno zanimljiv\u201c naziv izborne liste SNS-a.<\/p>\n<p>Izborna lista SNS u Lu\u010danima nosi naziv \u201eAleksandar Vu\u010di\u0107 \u2013 Zato \u0161to volimo Lu\u010dane i Draga\u010devo \u2013 Srpska napredna stranka\u201c.<\/p>\n<p>\u201ePonovo je Aleksandar Vu\u010di\u0107 kandidat za predsednika op\u0161tine Lu\u010dani jer o\u010dito da SNS drugog kandidata nema. Medju kandidatima za odbornike ne nalazi se ni jedan od dvojice poverenika SNS u Draga\u010devu, ni Slobodan Jolovi\u0107, aktuelni na\u010delnik Moravi\u010dkog okruga, ni Aleksandar Pajovi\u0107, aktuelni direktor Doma zdravlja u \u010ca\u010dku\u201c, rekao je Obradovi\u0107.<\/p>\n<p>On je ocenio da se sloganom liste \u201eZato \u0161to volimo Lu\u010dane i Draga\u010devo\u201c, ponovo pravi podvojenost izmedju gornjeg i donjeg Draga\u010deva koja je obele\u017eila i prethodne \u010detiri godine vlasti SNS u ovoj op\u0161tini.<\/p>\n<p>\u201eDa li su i Lu\u010dani u Draga\u010devu i dokle \u0107e se vi\u0161e insistirati na ovim podelama koje su donele samo \u0161tetu u prethodnom periodu? Izborna lista SNS je najbolja slika propasti dosada\u0161nje draga\u010devske vlasti. Zato je 16. decembar velika \u0161ansa za po\u010detak politi\u010dkih promena u Draga\u010devu\u201c, rekao je Obradovi\u0107.<\/p>\n<\/p><\/div>\n<p><a href=\"https:\/\/slobodna.rs\/srbija\/do-izbora-ima-jos-mesec-i-po-dana-a-vec-zabelezena-prva-izborna-neregularnost-u-lucanima\/\" target=\"_blank\" rel=\"noopener\">Source link <\/a><br \/>\n\n Do izbora ima jo\u0161 mesec i po dana, a ve\u0107 zabele\u017eena prva izborna neregularnost u Lu\u010danima \u2013 Slobodne novine<\/p>\n","protected":false},"excerpt":{"rendered":"<p>Beogradski glas (Beta) \u2013 Predsednik Dveri i jedan od lidera Saveza za Srbiju Bo\u0161ko Obradovi\u0107 ocenio je da je ve\u0107&hellip;<\/p>\n","protected":false},"author":1,"featured_media":3693,"comment_status":"open","ping_status":"open","sticky":false,"template":"","format":"standard","meta":{"footnotes":""},"categories":[1],"tags":[],"class_list":["post-3692","post","type-post","status-publish","format-standard","has-post-thumbnail","hentry","category-oglasi-lucani"],"_links":{"self":[{"href":"https:\/\/oglasi.infooglasi.rs\/oglasi\/oglasilucani\/wp-json\/wp\/v2\/posts\/3692","targetHints":{"allow":["GET"]}}],"collection":[{"href":"https:\/\/oglasi.infooglasi.rs\/oglasi\/oglasilucani\/wp-json\/wp\/v2\/posts"}],"about":[{"href":"https:\/\/oglasi.infooglasi.rs\/oglasi\/oglasilucani\/wp-json\/wp\/v2\/types\/post"}],"author":[{"embeddable":true,"href":"https:\/\/oglasi.infooglasi.rs\/oglasi\/oglasilucani\/wp-json\/wp\/v2\/users\/1"}],"replies":[{"embeddable":true,"href":"https:\/\/oglasi.infooglasi.rs\/oglasi\/oglasilucani\/wp-json\/wp\/v2\/comments?post=3692"}],"version-history":[{"count":0,"href":"https:\/\/oglasi.infooglasi.rs\/oglasi\/oglasilucani\/wp-json\/wp\/v2\/posts\/3692\/revisions"}],"wp:featuredmedia":[{"embeddable":true,"href":"https:\/\/oglasi.infooglasi.rs\/oglasi\/oglasilucani\/wp-json\/wp\/v2\/media\/3693"}],"wp:attachment":[{"href":"https:\/\/oglasi.infooglasi.rs\/oglasi\/oglasilucani\/wp-json\/wp\/v2\/media?parent=3692"}],"wp:term":[{"taxonomy":"category","embeddable":true,"href":"https:\/\/oglasi.infooglasi.rs\/oglasi\/oglasilucani\/wp-json\/wp\/v2\/categories?post=3692"},{"taxonomy":"post_tag","embeddable":true,"href":"https:\/\/oglasi.infooglasi.rs\/oglasi\/oglasilucani\/wp-json\/wp\/v2\/tags?post=3692"}],"curies":[{"name":"wp","href":"https:\/\/api.w.org\/{rel}","templated":true}]}}