{"id":3704,"date":"2024-03-15T08:22:51","date_gmt":"2024-03-15T07:22:51","guid":{"rendered":"https:\/\/oglasi.infooglasi.rs\/oglasi\/oglasilucani\/izabrane-najlepse-maske-opstine-lucani-info-liga-oglasi-lucani\/"},"modified":"2024-03-15T08:22:51","modified_gmt":"2024-03-15T07:22:51","slug":"izabrane-najlepse-maske-opstine-lucani-info-liga-oglasi-lucani","status":"publish","type":"post","link":"https:\/\/oglasi.infooglasi.rs\/oglasi\/oglasilucani\/izabrane-najlepse-maske-opstine-lucani-info-liga-oglasi-lucani\/","title":{"rendered":"Izabrane najlep\u0161e maske op\u0161tine Lu\u010dani \u2013 Info LIGA &#8211; OGLASI LU\u010cANI"},"content":{"rendered":"<p><\/p>\n<div>\n<p>\n<span class=\"post-views-icon dashicons dashicons-welcome-view-site\"\/> <span class=\"post-views-count\">973<\/span>\n<\/p>\n<p>U Kulturnom centru op\u0161tine Lu\u010dani u Gu\u010di izabrane su najlep\u0161e maske koje \u0107e u\u010destvovati na festivalu u \u010ca\u010dku. Povodom Bele pokladne nedelje, tradicionalno, Kulturno umetni\u010dko dru\u0161tvo \u201eAbra\u0161evi\u0107\u201c iz \u010ca\u010dka organizovalo je ovaj program, posle kra\u0107e pauze uslovljene koronom.<\/p>\n<p><img title=\"\" decoding=\"async\" fetchpriority=\"high\" class=\"alignnone size-full wp-image-37953\" src=\"https:\/\/infoliga.rs\/wp-content\/uploads\/2024\/03\/IL-Maska-Lucani-2.jpg\" alt=\"IL-Maska-Lucani-2 Izabrane najlep\u0161e maske op\u0161tine Lu\u010dani\" width=\"720\" height=\"340\" srcset=\"https:\/\/infoliga.rs\/wp-content\/uploads\/2024\/03\/IL-Maska-Lucani-2.jpg 720w, https:\/\/infoliga.rs\/wp-content\/uploads\/2024\/03\/IL-Maska-Lucani-2-300x142.jpg 300w, https:\/\/infoliga.rs\/wp-content\/uploads\/2024\/03\/IL-Maska-Lucani-2-520x245.jpg 520w\" sizes=\"(max-width: 720px) 100vw, 720px\"\/><br \/>Predstavljene su zanimljive maske u\u010desnika osnovnih \u0161kola iz Gu\u010de, Kotra\u017ee i Lu\u010dana kao i\u00a0 drugara iz pred\u0161kolske ustanove \u201eNa\u0161a radost\u201c Lu\u010dani, vrti\u0107 \u201eBambi\u201c Gu\u010da, kao i njihove sekcije u Gornjem Dubcu, Kotra\u017ei, Vi\u010di i Gora\u010di\u0107ima. Izme\u0111u 25 maski, stru\u010dni \u017eiri je izabrao najbolje. U kategoriji pojedina\u010dnih maski TRE\u0106E mesto pripalo je \u201ePrinceziSrbiji\u201c (O\u0160 \u201eMilan Blagojevi\u0107\u201c, Lu\u010dani), DRUGO mesto osvojila je maska pod nazivom \u201eRecikla\u017ea\u201c (O\u0160 \u201eKotra\u017ea\u201c iz Kotra\u017ee), dok je za najbolju masku progla\u0161ena\u00a0 \u2013 \u201eSne\u017ena kraljica\u201c iz Lu\u010dana.<\/p>\n<p><img loading=\"lazy\" title=\"\" decoding=\"async\" class=\"alignnone size-full wp-image-37951\" src=\"https:\/\/infoliga.rs\/wp-content\/uploads\/2024\/03\/IL-Maska-Lucani-.jpg\" alt=\"IL-Maska-Lucani- Izabrane najlep\u0161e maske op\u0161tine Lu\u010dani\" width=\"720\" height=\"340\" srcset=\"https:\/\/infoliga.rs\/wp-content\/uploads\/2024\/03\/IL-Maska-Lucani-.jpg 720w, https:\/\/infoliga.rs\/wp-content\/uploads\/2024\/03\/IL-Maska-Lucani--300x142.jpg 300w, https:\/\/infoliga.rs\/wp-content\/uploads\/2024\/03\/IL-Maska-Lucani--520x245.jpg 520w\" sizes=\"auto, (max-width: 720px) 100vw, 720px\"\/><\/p>\n<p>U kategoriji grupnih maski, \u017eiri je imao te\u0161ku odluku, te je umesto progla\u0161enja pobedni\u010dkih, posebno pohvalio kao najkompletnije i najinteresantnije, slede\u0107e maske: \u201eSne\u017eana i sedam patuljaka\u201c,<br \/>\u201eMeduze\u201c, \u201eSovice\u201c i \u201eIndijanci\u201c. Za najlep\u0161u tradicionalnu i izvornu masku progla\u0161ene su dve \u2013 jedna grupa i jedna pojedina\u010dna, koje \u0107e imati zajedni\u010dki nastup na finalnom takmi\u010denju u \u010ca\u010dku. To su, grupna maska \u201eKomi\u0161anje\u201c i pojedina\u010dna maska \u201ePrelja\u201d ( obe iz O\u0160 \u201eKotra\u017ea\u201c).<\/p>\n<p><img loading=\"lazy\" title=\"\" decoding=\"async\" class=\"alignnone size-full wp-image-37952\" src=\"https:\/\/infoliga.rs\/wp-content\/uploads\/2024\/03\/IL-Maska-Lucani-1.jpg\" alt=\"IL-Maska-Lucani-1 Izabrane najlep\u0161e maske op\u0161tine Lu\u010dani\" width=\"720\" height=\"340\" srcset=\"https:\/\/infoliga.rs\/wp-content\/uploads\/2024\/03\/IL-Maska-Lucani-1.jpg 720w, https:\/\/infoliga.rs\/wp-content\/uploads\/2024\/03\/IL-Maska-Lucani-1-300x142.jpg 300w, https:\/\/infoliga.rs\/wp-content\/uploads\/2024\/03\/IL-Maska-Lucani-1-520x245.jpg 520w\" sizes=\"auto, (max-width: 720px) 100vw, 720px\"\/><\/p>\n<p>Plasman u finalno takmi\u010denje u \u010ca\u010dku, u nedelju, 17. marta u Kulturnom centru\u00a0 u 12 \u010dasova, obezbedile su mnogobrojne maske iz Lu\u010dana.<\/p>\n<p><img loading=\"lazy\" title=\"\" decoding=\"async\" class=\"alignnone size-full wp-image-37954\" src=\"https:\/\/infoliga.rs\/wp-content\/uploads\/2024\/03\/IL-Maska-Lucani-3.jpg\" alt=\"IL-Maska-Lucani-3 Izabrane najlep\u0161e maske op\u0161tine Lu\u010dani\" width=\"720\" height=\"340\" srcset=\"https:\/\/infoliga.rs\/wp-content\/uploads\/2024\/03\/IL-Maska-Lucani-3.jpg 720w, https:\/\/infoliga.rs\/wp-content\/uploads\/2024\/03\/IL-Maska-Lucani-3-300x142.jpg 300w, https:\/\/infoliga.rs\/wp-content\/uploads\/2024\/03\/IL-Maska-Lucani-3-520x245.jpg 520w\" sizes=\"auto, (max-width: 720px) 100vw, 720px\"\/><\/p>\n<p>\u00a0<\/p>\n<\/p><\/div>\n<p><a href=\"https:\/\/infoliga.rs\/2024\/03\/13\/izabrane-najlepse-maske-opstine-lucani\/?utm_source=rss&#038;utm_medium=rss&#038;utm_campaign=izabrane-najlepse-maske-opstine-lucani\" target=\"_blank\" rel=\"noopener\">Source link <\/a><br \/>\n\n Izabrane najlep\u0161e maske op\u0161tine Lu\u010dani \u2013 Info LIGA<\/p>\n","protected":false},"excerpt":{"rendered":"<p>973 U Kulturnom centru op\u0161tine Lu\u010dani u Gu\u010di izabrane su najlep\u0161e maske koje \u0107e u\u010destvovati na festivalu u \u010ca\u010dku. Povodom&hellip;<\/p>\n","protected":false},"author":1,"featured_media":3705,"comment_status":"open","ping_status":"open","sticky":false,"template":"","format":"standard","meta":{"footnotes":""},"categories":[1],"tags":[],"class_list":["post-3704","post","type-post","status-publish","format-standard","has-post-thumbnail","hentry","category-oglasi-lucani"],"_links":{"self":[{"href":"https:\/\/oglasi.infooglasi.rs\/oglasi\/oglasilucani\/wp-json\/wp\/v2\/posts\/3704","targetHints":{"allow":["GET"]}}],"collection":[{"href":"https:\/\/oglasi.infooglasi.rs\/oglasi\/oglasilucani\/wp-json\/wp\/v2\/posts"}],"about":[{"href":"https:\/\/oglasi.infooglasi.rs\/oglasi\/oglasilucani\/wp-json\/wp\/v2\/types\/post"}],"author":[{"embeddable":true,"href":"https:\/\/oglasi.infooglasi.rs\/oglasi\/oglasilucani\/wp-json\/wp\/v2\/users\/1"}],"replies":[{"embeddable":true,"href":"https:\/\/oglasi.infooglasi.rs\/oglasi\/oglasilucani\/wp-json\/wp\/v2\/comments?post=3704"}],"version-history":[{"count":0,"href":"https:\/\/oglasi.infooglasi.rs\/oglasi\/oglasilucani\/wp-json\/wp\/v2\/posts\/3704\/revisions"}],"wp:featuredmedia":[{"embeddable":true,"href":"https:\/\/oglasi.infooglasi.rs\/oglasi\/oglasilucani\/wp-json\/wp\/v2\/media\/3705"}],"wp:attachment":[{"href":"https:\/\/oglasi.infooglasi.rs\/oglasi\/oglasilucani\/wp-json\/wp\/v2\/media?parent=3704"}],"wp:term":[{"taxonomy":"category","embeddable":true,"href":"https:\/\/oglasi.infooglasi.rs\/oglasi\/oglasilucani\/wp-json\/wp\/v2\/categories?post=3704"},{"taxonomy":"post_tag","embeddable":true,"href":"https:\/\/oglasi.infooglasi.rs\/oglasi\/oglasilucani\/wp-json\/wp\/v2\/tags?post=3704"}],"curies":[{"name":"wp","href":"https:\/\/api.w.org\/{rel}","templated":true}]}}