{"id":3710,"date":"2024-03-25T22:31:16","date_gmt":"2024-03-25T21:31:16","guid":{"rendered":"https:\/\/oglasi.infooglasi.rs\/oglasi\/oglasilucani\/otac-radnika-poginulog-2017-o-pozaru-u-mb-namenska-ocekivano-naprimali-radnike-a-nisu-ih-obucili-oglasi-lucani\/"},"modified":"2024-03-25T22:31:16","modified_gmt":"2024-03-25T21:31:16","slug":"otac-radnika-poginulog-2017-o-pozaru-u-mb-namenska-ocekivano-naprimali-radnike-a-nisu-ih-obucili-oglasi-lucani","status":"publish","type":"post","link":"https:\/\/oglasi.infooglasi.rs\/oglasi\/oglasilucani\/otac-radnika-poginulog-2017-o-pozaru-u-mb-namenska-ocekivano-naprimali-radnike-a-nisu-ih-obucili-oglasi-lucani\/","title":{"rendered":"Otac radnika poginulog 2017. o po\u017earu u MB Namenska: O\u010dekivano, \u201enaprimali\u201c radnike, a nisu ih obu\u010dili &#8211; OGLASI LU\u010cANI"},"content":{"rendered":"<p><img loading=\"lazy\" decoding=\"async\" width=\"300\" height=\"169\" src=\"https:\/\/www.danas.rs\/wp-content\/uploads\/2023\/10\/0102Foto-Nenad-Kovacevic-e1707305159123-300x169.jpg\" class=\"attachment-medium size-medium wp-post-image\" alt=\"Otac radnika poginulog 2017. o po\u017earu u MB Namenska: O\u010dekivano, &quot;naprimali&quot; radnike, a nisu ih obu\u010dili 3\" style=\"float:left;margin:0 10px 10px 0\" title=\"Otac radnika poginulog 2017. o po\u017earu u MB Namenska: O\u010dekivano, &quot;naprimali&quot; radnike, a nisu ih obu\u010dili 3\">Bilo je za o\u010dekivanje da se desi nesre\u0107a poput ove u kojoj su povre\u0111eni radnici fabrike &#8220;Milan Blagojevi\u0107&#8221; u Lu\u010danima, kazao je Milovan Milivojevi\u0107, otac Milomira Milivojevi\u0107a koji je stradao 2017. godine kao radnik u istoj fabrici.<br \/>\n<br \/><a href=\"https:\/\/www.danas.rs\/vesti\/drustvo\/otac-radnika-poginulog-2017-o-pozaru-u-mb-namenska-ocekivano-naprimali-radnike-a-nisu-ih-obucili\/\" target=\"_blank\" rel=\"noopener\">Source link <\/a><br \/>\n\n Otac radnika poginulog 2017. o po\u017earu u MB Namenska: O\u010dekivano, \u201enaprimali\u201c radnike, a nisu ih obu\u010dili<\/p>\n","protected":false},"excerpt":{"rendered":"<p>Bilo je za o\u010dekivanje da se desi nesre\u0107a poput ove u kojoj su povre\u0111eni radnici fabrike &#8220;Milan Blagojevi\u0107&#8221; u Lu\u010danima,&hellip;<\/p>\n","protected":false},"author":1,"featured_media":3711,"comment_status":"open","ping_status":"open","sticky":false,"template":"","format":"standard","meta":{"footnotes":""},"categories":[1],"tags":[],"class_list":["post-3710","post","type-post","status-publish","format-standard","has-post-thumbnail","hentry","category-oglasi-lucani"],"_links":{"self":[{"href":"https:\/\/oglasi.infooglasi.rs\/oglasi\/oglasilucani\/wp-json\/wp\/v2\/posts\/3710","targetHints":{"allow":["GET"]}}],"collection":[{"href":"https:\/\/oglasi.infooglasi.rs\/oglasi\/oglasilucani\/wp-json\/wp\/v2\/posts"}],"about":[{"href":"https:\/\/oglasi.infooglasi.rs\/oglasi\/oglasilucani\/wp-json\/wp\/v2\/types\/post"}],"author":[{"embeddable":true,"href":"https:\/\/oglasi.infooglasi.rs\/oglasi\/oglasilucani\/wp-json\/wp\/v2\/users\/1"}],"replies":[{"embeddable":true,"href":"https:\/\/oglasi.infooglasi.rs\/oglasi\/oglasilucani\/wp-json\/wp\/v2\/comments?post=3710"}],"version-history":[{"count":0,"href":"https:\/\/oglasi.infooglasi.rs\/oglasi\/oglasilucani\/wp-json\/wp\/v2\/posts\/3710\/revisions"}],"wp:featuredmedia":[{"embeddable":true,"href":"https:\/\/oglasi.infooglasi.rs\/oglasi\/oglasilucani\/wp-json\/wp\/v2\/media\/3711"}],"wp:attachment":[{"href":"https:\/\/oglasi.infooglasi.rs\/oglasi\/oglasilucani\/wp-json\/wp\/v2\/media?parent=3710"}],"wp:term":[{"taxonomy":"category","embeddable":true,"href":"https:\/\/oglasi.infooglasi.rs\/oglasi\/oglasilucani\/wp-json\/wp\/v2\/categories?post=3710"},{"taxonomy":"post_tag","embeddable":true,"href":"https:\/\/oglasi.infooglasi.rs\/oglasi\/oglasilucani\/wp-json\/wp\/v2\/tags?post=3710"}],"curies":[{"name":"wp","href":"https:\/\/api.w.org\/{rel}","templated":true}]}}