{"id":3761,"date":"2024-07-16T22:08:07","date_gmt":"2024-07-16T20:08:07","guid":{"rendered":"https:\/\/oglasi.infooglasi.rs\/oglasi\/oglasilucani\/milivojevic-protivpozarna-zastita-u-fabrici-nije-radila-vladavina-prava-oglasi-lucani\/"},"modified":"2024-07-16T22:08:07","modified_gmt":"2024-07-16T20:08:07","slug":"milivojevic-protivpozarna-zastita-u-fabrici-nije-radila-vladavina-prava-oglasi-lucani","status":"publish","type":"post","link":"https:\/\/oglasi.infooglasi.rs\/oglasi\/oglasilucani\/milivojevic-protivpozarna-zastita-u-fabrici-nije-radila-vladavina-prava-oglasi-lucani\/","title":{"rendered":"Milivojevi\u0107: Protivpo\u017earna za\u0161tita u fabrici nije radila &#8211; Vladavina prava &#8211; OGLASI LU\u010cANI"},"content":{"rendered":"<p><\/p>\n<div>\n<div class=\"font-medium post-intro-content content\">\n<p>U Osnovnom sudu u Ivanjici danas je nastavljeno su\u0111enje za tragediju u kojoj su, 17. jula 2017. godine, nakon eksplozije u lu\u010danskoj fabrici \u201eMilan Blagojevi\u0107 \u2013 Namenska\u201c, pognula dvojica radnika.<\/p>\n<\/div>\n<p><span style=\"font-family: georgia, palatino, serif;\">Od zadobijenih povreda u toj tragediji, preminuli su Milomir Milivojevi\u0107 (25) i Milojko Ignjatovi\u0107 (55). <\/span><\/p>\n<p><span style=\"font-family: georgia, palatino, serif;\">Sudski postupak, koji je po\u010deo 3. oktobra 2019. godine, vodi se protiv Rado\u0161a Milovanovi\u0107a, dugogodi\u0161njeg direktora lu\u010danske fabrike, Vladimira Lon\u010darevi\u0107a, rukovodioca pogona Raketna goriva, i Toma Stoji\u0107a, rukovodioca sektora Bezbednost i za\u0161tita na radu, koji su negirali krivicu.<\/span><\/p>\n<p><span style=\"font-family: georgia, palatino, serif;\">Osim Marka Mitrovi\u0107a, glavnog svedoka i biv\u0161eg radnika lu\u010danske fabrike koji je dobio otkaz 2018. godine, nakon svog iskaza u istrazi, a koji je ponovio tvrdnje o tome da se u fabrici nisu po\u0161tovale procedure i mere za\u0161tite na radu, da je u priru\u010dnom magacinu, u kome se dogodila eksplozija, umesto dozvoljenih 450 kilograma, bilo vi\u0161e od dve tone baruta, ali da se na kolicima prevozilo vi\u0161e od jednog bureta sa baritom, svedo\u010dio je i Milovan Milivojevi\u0107, otac poginulog Milomira Milivojevi\u0107a i, tako\u0111e, dugogodi\u0161nji radnik lu\u010danskoj fabrici.<\/span><\/p>\n<p><span style=\"font-family: georgia, palatino, serif;\">On je rekao da su \u201epored okrivljenih, za smrt njegovog sina krivi poslovo\u0111a Bo\u017eidar Milo\u0161evi\u0107, glavni poslovo\u0111a Ivan Pu\u0161ica, izvr\u0161ni direktor Predrag Ili\u0107, upravnik B pogona Goran Ja\u0107imovi\u0107 i pokojni Goran Jova\u0161evi\u0107\u201c.<\/span><\/p>\n<p><span style=\"font-family: georgia, palatino, serif;\">\u2013 Da je Bo\u017eidar Milo\u0161evi\u0107 bio na radnom mestu, moj sin mo\u017eda ne bi stradao. Mo\u017eda bi spre\u010dio da se natovari pet buri\u0107a na elektrokolica, mo\u017eda bi u\u010dinio ne\u0161to da ne do\u0111e do te nezgode, kazao je otac nastradalog radnika i dodao da je \u201egeneralni direktor svakog petka pisao naredbe, koje su se odnosile na rad tokom vikenda u pogonu Raketna goriva\u201c.<\/span><\/p>\n<p><span style=\"font-family: georgia, palatino, serif;\">On je svedo\u010dio o staroj opremi za proizvodnju baruta, kao i o tome da je posle te tragedije, a po nare\u0111enju direktora, svuda u fabrici postavljen video nadzor, da je kupljena nova za\u0161titna oprema, novi buri\u0107i od prohroma za transport baruta sa gumenim poklopcima i antistatik vre\u0107ama, nove prikolice za elektrovozilo za transport tih buradi.<\/span><\/p>\n<p><span style=\"font-family: georgia, palatino, serif;\">\u201eBukvalno, sve se promenilo, samo nisu promenjeni rukovodioci i poslovo\u0111e, jer su podobni i poslu\u0161ni\u201c, kazao je Milivojevi\u0107 i istakao da su oni i dalje na svojim radnim mestima.<\/span><\/p>\n<p><span style=\"font-family: georgia, palatino, serif;\">Kazao je i to da je objekat EO3, u kome su radnici stradali i koji je kako je rekao na dan nesre\u0107e \u201ebio pun baruta\u201c, \u201eizgra\u0111en bez gra\u0111evinske i upotrebne dozvole i bez atesta\u201c, a potom naveo da \u201enije radila protivpo\u017earna za\u0161tita\u201c.<\/span><\/p>\n<p><span style=\"font-family: georgia, palatino, serif;\">Tri meseca posle nesre\u0107e, kako je rekao, njega, njegovu suprugu i k\u0107erku je pozvao na razgovor direktor Rado\u0161 Milovanovi\u0107 i u prisustvu ljudi iz fabri\u010dkog poslovodstva i sindikata, njegovoj k\u0107erki ponudio posao, a supruzi je kazao da \u201ebukvalno, mo\u017ee da bira radno mesto\u201c u fabrici.<\/span><\/p>\n<p><span style=\"font-family: georgia, palatino, serif;\">On je naveo da je ponudu odbio i dodao da su, dan nakon razgovora sa generalnim direktorom, u njegovu ku\u0107u \u201edo\u0161li Predrag Ili\u0107, izvr\u0161ni direktor, i Zoran Babi\u0107, predsednik fabri\u010dkog sindikata i rekli mu da \u201etreba da prihvati ponudu direktora, jer bi trebalo da misli i na drugo dete\u201c.<\/span><\/p>\n<blockquote>\n<p><span style=\"font-family: georgia, palatino, serif;\"><strong>Nastavak su\u0111enja 13. oktobra<\/strong><\/span><br \/><span style=\"font-family: georgia, palatino, serif;\">Naredni pretresi su zakazani za 13. oktobar i 5. novembar, kada \u0107e se nastaviti ispitivanje oca nastradalog radnika i drugi svedoka.<\/span><\/p>\n<\/blockquote>\n<p><strong>Ovaj projekat finansira Evropska unija u saradnji sa listom Danas. Sadr\u017eaj ovog projekta je isklju\u010divo odgovornost lista Danas i ni na koji na\u010din ne odra\u017eava stavove i mi\u0161ljenja Evropske unije.<\/strong><\/p>\n<div class=\"post-disclaimer\">\n<p><strong><em>Pratite nas na na\u0161oj <a href=\"https:\/\/www.facebook.com\/www.danas.rs\" target=\"_blank\" rel=\"noopener external noreferrer\" data-wpel-link=\"external\">Facebook<\/a> i <a href=\"https:\/\/www.instagram.com\/danas.rs\/?hl=en\" target=\"_blank\" rel=\"noopener external noreferrer\" data-wpel-link=\"external\">Instagram<\/a> stranici, ali i na <a href=\"https:\/\/twitter.com\/OnlineDanas\" target=\"_blank\" rel=\"noopener external noreferrer\" data-wpel-link=\"external\">Twitter<\/a> nalogu. Pretplatite se na <a href=\"https:\/\/klub.danas.rs\/\" target=\"_blank\" rel=\"noopener external noreferrer\" data-wpel-link=\"external\">PDF izdanje lista Danas<\/a>.<\/em><\/strong><\/p>\n<\/div>\n<\/div>\n<p><script async src=\"\/\/platform.twitter.com\/widgets.js\" charset=\"utf-8\"><\/script><script async defer src=\"https:\/\/platform.instagram.com\/en_US\/embeds.js\"><\/script><br \/>\n<br \/><a href=\"https:\/\/www.danas.rs\/vesti\/drustvo\/vladavina-prava\/milivojevic-protivpozarna-zastita-u-fabrici-nije-radila\/\" target=\"_blank\" rel=\"noopener\">Source link <\/a><br \/>\n\n Milivojevi\u0107: Protivpo\u017earna za\u0161tita u fabrici nije radila &#8211; Vladavina prava<\/p>\n","protected":false},"excerpt":{"rendered":"<p>U Osnovnom sudu u Ivanjici danas je nastavljeno su\u0111enje za tragediju u kojoj su, 17. jula 2017. godine, nakon eksplozije&hellip;<\/p>\n","protected":false},"author":1,"featured_media":3762,"comment_status":"open","ping_status":"open","sticky":false,"template":"","format":"standard","meta":{"footnotes":""},"categories":[1],"tags":[],"class_list":["post-3761","post","type-post","status-publish","format-standard","has-post-thumbnail","hentry","category-oglasi-lucani"],"_links":{"self":[{"href":"https:\/\/oglasi.infooglasi.rs\/oglasi\/oglasilucani\/wp-json\/wp\/v2\/posts\/3761","targetHints":{"allow":["GET"]}}],"collection":[{"href":"https:\/\/oglasi.infooglasi.rs\/oglasi\/oglasilucani\/wp-json\/wp\/v2\/posts"}],"about":[{"href":"https:\/\/oglasi.infooglasi.rs\/oglasi\/oglasilucani\/wp-json\/wp\/v2\/types\/post"}],"author":[{"embeddable":true,"href":"https:\/\/oglasi.infooglasi.rs\/oglasi\/oglasilucani\/wp-json\/wp\/v2\/users\/1"}],"replies":[{"embeddable":true,"href":"https:\/\/oglasi.infooglasi.rs\/oglasi\/oglasilucani\/wp-json\/wp\/v2\/comments?post=3761"}],"version-history":[{"count":0,"href":"https:\/\/oglasi.infooglasi.rs\/oglasi\/oglasilucani\/wp-json\/wp\/v2\/posts\/3761\/revisions"}],"wp:featuredmedia":[{"embeddable":true,"href":"https:\/\/oglasi.infooglasi.rs\/oglasi\/oglasilucani\/wp-json\/wp\/v2\/media\/3762"}],"wp:attachment":[{"href":"https:\/\/oglasi.infooglasi.rs\/oglasi\/oglasilucani\/wp-json\/wp\/v2\/media?parent=3761"}],"wp:term":[{"taxonomy":"category","embeddable":true,"href":"https:\/\/oglasi.infooglasi.rs\/oglasi\/oglasilucani\/wp-json\/wp\/v2\/categories?post=3761"},{"taxonomy":"post_tag","embeddable":true,"href":"https:\/\/oglasi.infooglasi.rs\/oglasi\/oglasilucani\/wp-json\/wp\/v2\/tags?post=3761"}],"curies":[{"name":"wp","href":"https:\/\/api.w.org\/{rel}","templated":true}]}}