{"id":3770,"date":"2024-07-23T06:43:23","date_gmt":"2024-07-23T04:43:23","guid":{"rendered":"https:\/\/oglasi.infooglasi.rs\/oglasi\/oglasilucani\/sa-bilborda-u-centru-guce-smese-se-lica-djaka-generacije-info-liga-oglasi-lucani\/"},"modified":"2024-07-23T06:43:23","modified_gmt":"2024-07-23T04:43:23","slug":"sa-bilborda-u-centru-guce-smese-se-lica-djaka-generacije-info-liga-oglasi-lucani","status":"publish","type":"post","link":"https:\/\/oglasi.infooglasi.rs\/oglasi\/oglasilucani\/sa-bilborda-u-centru-guce-smese-se-lica-djaka-generacije-info-liga-oglasi-lucani\/","title":{"rendered":"Sa bilborda u centru Gu\u010de sme\u0161e se lica djaka generacije \u2013 Info LIGA &#8211; OGLASI LU\u010cANI"},"content":{"rendered":"<p><\/p>\n<div>\n<p>\n<span class=\"post-views-icon dashicons dashicons-welcome-view-site\"\/> <span class=\"post-views-count\">2.575<\/span>\n<\/p>\n<p>Na inicijativu op\u0161tine Lu\u010dani, a u saradnji sa Srednjom \u0161kolom \u201eDraga\u010devo\u201d iz Gu\u010de, na reklamni bilbord u centru Gu\u010de postavljene su fotografije u\u010denica generacije ove \u0161kole za \u0161kolsku 2023\/2024. godinu.<\/p>\n<p>Prvi put u istoriji \u0161kole dva u\u010denika su izabrana za ovo priznanje. Najbolje i najuspe\u0161nije me\u0111u maturantima i ujedno u\u010denice generacije su Dijana Perovi\u0107 i Milica Stoji\u0107, obe u\u010denice odeljenja gimnazije.<\/p>\n<p><img title=\"\" fetchpriority=\"high\" decoding=\"async\" class=\"alignnone wp-image-39964 size-full\" src=\"https:\/\/infoliga.rs\/wp-content\/uploads\/2024\/07\/IL-Djaci-generacije-na-bilborsu-u-Guci.jpg\" alt=\"IL-Djaci-generacije-na-bilborsu-u-Guci Sa bilborda u centru Gu\u010de sme\u0161e se lica djaka generacije\" width=\"720\" height=\"340\" srcset=\"https:\/\/infoliga.rs\/wp-content\/uploads\/2024\/07\/IL-Djaci-generacije-na-bilborsu-u-Guci.jpg 720w, https:\/\/infoliga.rs\/wp-content\/uploads\/2024\/07\/IL-Djaci-generacije-na-bilborsu-u-Guci-300x142.jpg 300w, https:\/\/infoliga.rs\/wp-content\/uploads\/2024\/07\/IL-Djaci-generacije-na-bilborsu-u-Guci-520x245.jpg 520w\" sizes=\"(max-width: 720px) 100vw, 720px\"\/><\/p>\n<p>\u2013 Ovo je divan primer promocije i isticanja pravih vrednosti \u2013 uspe\u0161nih pojedinaca, \u010diji uspeh doprinosi ne samo njihovoj sopstvenoj afirmaciji i uspehu u \u0161kolovanju, ve\u0107 i celokupnoj lokalnoj zajednici i dru\u0161tvu u celini, rekao je za RINU Milivoje Dolovi\u0107 predsednik op\u0161tine Lu\u010dani.<\/p>\n<p>On dodaje da u okviru pozitivne populacione politike na lokalnom nivou op\u0161tina Lu\u010dani sprovodi niz mera podr\u0161ke porodicama i mladima sa ciljem uve\u0107avanja broja novoro\u0111enih, kao i kvalitetnijeg \u017eivota porodica sa malom decom i decom \u0161kolskog uzrasta.<\/p>\n<p>Posebna pa\u017enja se posve\u0107uje najboljima, u vidu stipendiranja \u0111aka generacije, odnosno do pet studenata deficitarnih kadrova, kao i dodeljivanje laptop ra\u010dunara dobitnicima diplome \u201eVuk Kara\u0111i\u0107\u201d krajem avgusta, zaklju\u010dio je Dolovi\u0107.<\/p>\n<\/p><\/div>\n<p><a href=\"https:\/\/infoliga.rs\/2024\/07\/12\/sa-bilborda-u-centru-guce-smese-se-lica-djaka-generacije\/?utm_source=rss&#038;utm_medium=rss&#038;utm_campaign=sa-bilborda-u-centru-guce-smese-se-lica-djaka-generacije\" target=\"_blank\" rel=\"noopener\">Source link <\/a><br \/>\n\n Sa bilborda u centru Gu\u010de sme\u0161e se lica djaka generacije \u2013 Info LIGA<\/p>\n","protected":false},"excerpt":{"rendered":"<p>2.575 Na inicijativu op\u0161tine Lu\u010dani, a u saradnji sa Srednjom \u0161kolom \u201eDraga\u010devo\u201d iz Gu\u010de, na reklamni bilbord u centru Gu\u010de&hellip;<\/p>\n","protected":false},"author":1,"featured_media":3771,"comment_status":"open","ping_status":"open","sticky":false,"template":"","format":"standard","meta":{"footnotes":""},"categories":[1],"tags":[],"class_list":["post-3770","post","type-post","status-publish","format-standard","has-post-thumbnail","hentry","category-oglasi-lucani"],"_links":{"self":[{"href":"https:\/\/oglasi.infooglasi.rs\/oglasi\/oglasilucani\/wp-json\/wp\/v2\/posts\/3770","targetHints":{"allow":["GET"]}}],"collection":[{"href":"https:\/\/oglasi.infooglasi.rs\/oglasi\/oglasilucani\/wp-json\/wp\/v2\/posts"}],"about":[{"href":"https:\/\/oglasi.infooglasi.rs\/oglasi\/oglasilucani\/wp-json\/wp\/v2\/types\/post"}],"author":[{"embeddable":true,"href":"https:\/\/oglasi.infooglasi.rs\/oglasi\/oglasilucani\/wp-json\/wp\/v2\/users\/1"}],"replies":[{"embeddable":true,"href":"https:\/\/oglasi.infooglasi.rs\/oglasi\/oglasilucani\/wp-json\/wp\/v2\/comments?post=3770"}],"version-history":[{"count":0,"href":"https:\/\/oglasi.infooglasi.rs\/oglasi\/oglasilucani\/wp-json\/wp\/v2\/posts\/3770\/revisions"}],"wp:featuredmedia":[{"embeddable":true,"href":"https:\/\/oglasi.infooglasi.rs\/oglasi\/oglasilucani\/wp-json\/wp\/v2\/media\/3771"}],"wp:attachment":[{"href":"https:\/\/oglasi.infooglasi.rs\/oglasi\/oglasilucani\/wp-json\/wp\/v2\/media?parent=3770"}],"wp:term":[{"taxonomy":"category","embeddable":true,"href":"https:\/\/oglasi.infooglasi.rs\/oglasi\/oglasilucani\/wp-json\/wp\/v2\/categories?post=3770"},{"taxonomy":"post_tag","embeddable":true,"href":"https:\/\/oglasi.infooglasi.rs\/oglasi\/oglasilucani\/wp-json\/wp\/v2\/tags?post=3770"}],"curies":[{"name":"wp","href":"https:\/\/api.w.org\/{rel}","templated":true}]}}