{"id":3652,"date":"2023-11-23T17:26:43","date_gmt":"2023-11-23T16:26:43","guid":{"rendered":"https:\/\/oglasi.infooglasi.rs\/oglasi\/oglasimaliidjos\/mali-idjos-lokalni-veciti-derbi-pripao-fudbalerima-njegosa-oglasi-mali-idjos\/"},"modified":"2023-11-23T17:26:43","modified_gmt":"2023-11-23T16:26:43","slug":"mali-idjos-lokalni-veciti-derbi-pripao-fudbalerima-njegosa-oglasi-mali-idjos","status":"publish","type":"post","link":"https:\/\/oglasi.infooglasi.rs\/oglasi\/oglasimaliidjos\/mali-idjos-lokalni-veciti-derbi-pripao-fudbalerima-njegosa-oglasi-mali-idjos\/","title":{"rendered":"Mali I\u0111o\u0161: Lokalni ve\u010diti derbi pripao fudbalerima \u201cNjego\u0161a\u201d &#8211; OGLASI MALI I\u0110O\u0160"},"content":{"rendered":"<p><\/p>\n<h5><strong>MALI I\u0110O\u0160 &#8211; Poslednje kolo jesenjeg dela \u0161ampionata Podru\u010dne fudbalske lige \u201cSubotica\u201d donelo je ve\u010diti lokalni derbi izme\u0111u fudbalera \u201cNjego\u0161a\u201d iz Lov\u0107enca i \u201cJadrana\u201d iz Feketi\u0107a.<\/strong><\/h5>\n<p>Vetrovito i prohladno vreme nije omelo veliki broj ljubitelja fudbala da odgledaju svih 90 minuta odli\u010dne igre obe ekipe.<\/p>\n<p>\u201cJadran\u201d je poveo rano, ve\u0107 od 12. minuta, pogotkom Mu\u0161iki\u0107a (0:1). Iako se \u010dinilo da \u0107e ovo biti jo\u0161 jedna te\u0161ka utakmica za doma\u0107e, na krilima navija\u010da \u201cNjego\u0161\u201d dolazi do izjedna\u010denja pogotkom Vujovi\u0107a u 32. minutu (1:1). Do drugog gola \u201cNjego\u0161a\u201d \u010dekalo se svega 5 minuta a do tre\u0107eg jo\u0161 4. Oba maestralna gola postigao je mladi Kalu\u0111erovi\u0107 (3:1). Drugo poluvreme, o\u010dekivano, proteklo je u ofanzivi \u201cJadrana\u201d dok je \u201cNjego\u0161\u201d tra\u017eio prilike iz kontra napada. \u0160anse su se re\u0111ale na obe strane ali do realizacije brojnih prilika nije dolazilo. Kazna \u201cJadranu\u201d za propu\u0161tene prilike do\u0161la je u 86. minutu, kada je kontra napad realizovao Bojovi\u0107, \u010dime je stavio ta\u010dku na utakmicu koja se zavr\u0161ila rezultatom 4:1 (3:1).<\/p>\n<p>Obe ekipe jesenji deo prvenstva zavr\u0161ile su sa po 14 ostvarenih bodova (\u201cJadran\u201d na 12. mestu, \u201cNjego\u0161\u201d na 13. mestu). Pauza do po\u010detka prole\u0107nog dela mora se iskoristiti na re\u0161avanju problema, jer je \u010dinjenica da obe ekipe mogu i zaslu\u017euju bolje pozicije u odnosu na ove koje trenutno zauzimaju.<\/p>\n<p><strong>Pro\u010ditajte jo\u0161:<\/strong><\/p>\n<div class=\"vlp-link-container vlp-layout-spotl\"><a href=\"https:\/\/vojvodinauzivo.rs\/pokrajinska-vlada-od-juna-2016-godine-ulozila-22-milijarde-dinara-u-opstinu-mali-idos\/\" class=\"vlp-link\" title=\"Pokrajinska vlada od juna 2016. godine ulo\u017eila 2,2 milijarde dinara u Op\u0161tinu Mali I\u0111o\u0161\" target=\"_blank\" rel=\"noopener\"><\/a><\/p>\n<div class=\"vlp-layout-zone-side\">\n<div class=\"vlp-block-3 vlp-link-image\"><img loading=\"lazy\" decoding=\"async\" style=\"max-width: 1419px\" width=\"1419\" height=\"655\" src=\"https:\/\/vojvodinauzivo.rs\/wp-content\/uploads\/2022\/10\/2022-10-24-12_22_49-Window.png\" class=\"attachment-2048x2048 size-2048x2048\" alt=\"\" \/><\/div>\n<\/div>\n<div class=\"vlp-layout-zone-main\">\n<div class=\"vlp-block-0 vlp-link-title\">Pokrajinska vlada od juna 2016. godine ulo\u017eila 2,2 milijarde dinara u Op\u0161tinu Mali I\u0111o\u0161<\/div>\n<div class=\"vlp-block-1 vlp-link-summary\">MALI I\u0110O\u0160 &#8211; Juna 2016. godine Pokrajinska vlada je kao jedan od svojih ciljeva navela ravnomeran regionalni razvoj i ujedna\u010davanje razlika koje postoje u stepenu razvijenosti me\u0111u jedinicama lokalne samouprave u Vojvodini. &#8220;Ulagano je u sve op\u0161tine, a do sada, u poslednjih osam godina, Op\u0161tini Mali I\u0111o\u0161 opredeljeno je 2.2 milijarde dinara. Sredstva su strate\u0161ki ulagana u razli\u010dite oblasti kako bi se \u0161to vi\u0161e uticalo na podizanje kvaliteta \u017eivota gra\u0111ana ove lokalne samouprave\u2019\u2019, izjavio je Aleksandar Sofi\u0107, pokrajinski sekretar za regionalni razvoj, me\u0111uregionalnu saradnju i lokalnu samoupravu. Preko 870 miliona dinara ulo\u017eeno je u izgradnju magistralnog kolektora fekalne kanalizacije, preko [&hellip;]<\/div>\n<div class=\"vlp-block-2 vlp-link-button\">Op\u0161irnije<\/div>\n<\/div>\n<\/div>\n<p><strong>\u00a0<\/strong><\/p>\n<p><em>Preuzmite na\u0161u <strong><a href=\"https:\/\/play.google.com\/store\/apps\/details?id=com.vojvodina.uzivo\" target=\"_blank\" rel=\"noopener\">Android<\/a><\/strong> aplikaciju sa Google Play Store.<\/em><\/p>\n<p>Vest <a href=\"https:\/\/vojvodinauzivo.rs\/mali-idos-lokalni-veciti-derbi-pripao-fudbalerima-njegosa\/\" target=\"_blank\" rel=\"noopener\">Mali I\u0111o\u0161: Lokalni ve\u010diti derbi pripao fudbalerima \u201cNjego\u0161a\u201d<\/a> objavljena je na sajtu <a href=\"https:\/\/vojvodinauzivo.rs\" target=\"_blank\" rel=\"noopener\">Vojvodina u\u017eivo<\/a>.<\/p>\n<p><a href=\"https:\/\/vojvodinauzivo.rs\/mali-idos-lokalni-veciti-derbi-pripao-fudbalerima-njegosa\/\" target=\"_blank\" rel=\"noopener\">Source link <\/a><br \/>\n\n Mali I\u0111o\u0161: Lokalni ve\u010diti derbi pripao fudbalerima \u201cNjego\u0161a\u201d<\/p>\n","protected":false},"excerpt":{"rendered":"<p>MALI I\u0110O\u0160 &#8211; Poslednje kolo jesenjeg dela \u0161ampionata Podru\u010dne fudbalske lige \u201cSubotica\u201d donelo je ve\u010diti lokalni derbi izme\u0111u fudbalera \u201cNjego\u0161a\u201d&hellip;<\/p>\n","protected":false},"author":1,"featured_media":3653,"comment_status":"open","ping_status":"open","sticky":false,"template":"","format":"standard","meta":{"footnotes":""},"categories":[1],"tags":[],"class_list":["post-3652","post","type-post","status-publish","format-standard","has-post-thumbnail","hentry","category-oglasi-mali-idjos"],"_links":{"self":[{"href":"https:\/\/oglasi.infooglasi.rs\/oglasi\/oglasimaliidjos\/wp-json\/wp\/v2\/posts\/3652","targetHints":{"allow":["GET"]}}],"collection":[{"href":"https:\/\/oglasi.infooglasi.rs\/oglasi\/oglasimaliidjos\/wp-json\/wp\/v2\/posts"}],"about":[{"href":"https:\/\/oglasi.infooglasi.rs\/oglasi\/oglasimaliidjos\/wp-json\/wp\/v2\/types\/post"}],"author":[{"embeddable":true,"href":"https:\/\/oglasi.infooglasi.rs\/oglasi\/oglasimaliidjos\/wp-json\/wp\/v2\/users\/1"}],"replies":[{"embeddable":true,"href":"https:\/\/oglasi.infooglasi.rs\/oglasi\/oglasimaliidjos\/wp-json\/wp\/v2\/comments?post=3652"}],"version-history":[{"count":0,"href":"https:\/\/oglasi.infooglasi.rs\/oglasi\/oglasimaliidjos\/wp-json\/wp\/v2\/posts\/3652\/revisions"}],"wp:featuredmedia":[{"embeddable":true,"href":"https:\/\/oglasi.infooglasi.rs\/oglasi\/oglasimaliidjos\/wp-json\/wp\/v2\/media\/3653"}],"wp:attachment":[{"href":"https:\/\/oglasi.infooglasi.rs\/oglasi\/oglasimaliidjos\/wp-json\/wp\/v2\/media?parent=3652"}],"wp:term":[{"taxonomy":"category","embeddable":true,"href":"https:\/\/oglasi.infooglasi.rs\/oglasi\/oglasimaliidjos\/wp-json\/wp\/v2\/categories?post=3652"},{"taxonomy":"post_tag","embeddable":true,"href":"https:\/\/oglasi.infooglasi.rs\/oglasi\/oglasimaliidjos\/wp-json\/wp\/v2\/tags?post=3652"}],"curies":[{"name":"wp","href":"https:\/\/api.w.org\/{rel}","templated":true}]}}