{"id":3657,"date":"2023-12-02T10:24:15","date_gmt":"2023-12-02T09:24:15","guid":{"rendered":"https:\/\/oglasi.infooglasi.rs\/oglasi\/oglasimaliidjos\/planirano-iskljucenje-struje-u-malom-idjosu-oglasi-mali-idjos\/"},"modified":"2023-12-02T10:24:15","modified_gmt":"2023-12-02T09:24:15","slug":"planirano-iskljucenje-struje-u-malom-idjosu-oglasi-mali-idjos","status":"publish","type":"post","link":"https:\/\/oglasi.infooglasi.rs\/oglasi\/oglasimaliidjos\/planirano-iskljucenje-struje-u-malom-idjosu-oglasi-mali-idjos\/","title":{"rendered":"Planirano isklju\u010denje struje u Malom I\u0111o\u0161u &#8211; OGLASI MALI I\u0110O\u0160"},"content":{"rendered":"<p><\/p>\n<h5><strong>MALI I\u0110O\u0160 &#8211; Zbog najavljenih radova na elektro mre\u017ei predvi\u0111enih za \u010detvrtak, 30. novembar, Elektrodistribucija Subotica, pogon Ba\u010dka Topola, najavila je slede\u0107a isklju\u010denja struje u naselju Mali I\u0111o\u0161:<\/strong><\/h5>\n<ul>\n<li>ulica Va\u0161arska (od \u017delezni\u010dke do Topolskog puta): 09.00h &#8211; 10.20h;<\/li>\n<\/ul>\n<p>U slu\u010daju ranijeg zavr\u0161etka radova, Elektrodistribucija zadr\u017eava pravo da uklju\u010di napajanje korisnika pre planiranog termina.<\/p>\n<p>Radovi se odla\u017eu u slu\u010daju lo\u0161ih vremenskih prilika.<\/p>\n<p><strong>Pro\u010ditajte jo\u0161:<\/strong><\/p>\n<div class=\"vlp-link-container vlp-layout-spotl\"><a href=\"https:\/\/vojvodinauzivo.rs\/mali-idos-lokalni-veciti-derbi-pripao-fudbalerima-njegosa\/\" class=\"vlp-link\" title=\"Mali I\u0111o\u0161: Lokalni ve\u010diti derbi pripao fudbalerima \u201cNjego\u0161a\u201d\" target=\"_blank\" rel=\"noopener\"><\/a><\/p>\n<div class=\"vlp-layout-zone-side\">\n<div class=\"vlp-block-3 vlp-link-image\"><img loading=\"lazy\" decoding=\"async\" style=\"max-width: 627px\" width=\"627\" height=\"369\" src=\"https:\/\/vojvodinauzivo.rs\/wp-content\/uploads\/2023\/05\/tobias-flyckt-5yNJx9NO3Yc-unsplash.jpg\" class=\"attachment-2048x2048 size-2048x2048\" alt=\"lopta-fudbal\" \/><\/div>\n<\/div>\n<div class=\"vlp-layout-zone-main\">\n<div class=\"vlp-block-0 vlp-link-title\">Mali I\u0111o\u0161: Lokalni ve\u010diti derbi pripao fudbalerima \u201cNjego\u0161a\u201d<\/div>\n<div class=\"vlp-block-1 vlp-link-summary\">MALI I\u0110O\u0160 &#8211; Poslednje kolo jesenjeg dela \u0161ampionata Podru\u010dne fudbalske lige \u201cSubotica\u201d donelo je ve\u010diti lokalni derbi izme\u0111u fudbalera \u201cNjego\u0161a\u201d iz Lov\u0107enca i \u201cJadrana\u201d iz Feketi\u0107a. Vetrovito i prohladno vreme nije omelo veliki broj ljubitelja fudbala da odgledaju svih 90 minuta odli\u010dne igre obe ekipe. \u201cJadran\u201d je poveo rano, ve\u0107 od 12. minuta, pogotkom Mu\u0161iki\u0107a (0:1). Iako se \u010dinilo da \u0107e ovo biti jo\u0161 jedna te\u0161ka utakmica za doma\u0107e, na krilima navija\u010da \u201cNjego\u0161\u201d dolazi do izjedna\u010denja pogotkom Vujovi\u0107a u 32. minutu (1:1). Do drugog gola \u201cNjego\u0161a\u201d \u010dekalo se svega 5 minuta a do tre\u0107eg jo\u0161 4. Oba maestralna gola postigao [&hellip;]<\/div>\n<div class=\"vlp-block-2 vlp-link-button\">Op\u0161irnije<\/div>\n<\/div>\n<\/div>\n<p><strong>\u00a0<\/strong><\/p>\n<p><em>Preuzmite na\u0161u <strong><a href=\"https:\/\/play.google.com\/store\/apps\/details?id=com.vojvodina.uzivo\" target=\"_blank\" rel=\"noopener\">Android<\/a><\/strong> aplikaciju sa Google Play Store.<\/em><\/p>\n<p>Vest <a href=\"https:\/\/vojvodinauzivo.rs\/planirano-iskljucenje-struje-u-malom-idosu-5\/\" target=\"_blank\" rel=\"noopener\">Planirano isklju\u010denje struje u Malom I\u0111o\u0161u<\/a> objavljena je na sajtu <a href=\"https:\/\/vojvodinauzivo.rs\" target=\"_blank\" rel=\"noopener\">Vojvodina u\u017eivo<\/a>.<\/p>\n<p><a href=\"https:\/\/vojvodinauzivo.rs\/planirano-iskljucenje-struje-u-malom-idosu-5\/\" target=\"_blank\" rel=\"noopener\">Source link <\/a><br \/>\n\n Planirano isklju\u010denje struje u Malom I\u0111o\u0161u<\/p>\n","protected":false},"excerpt":{"rendered":"<p>MALI I\u0110O\u0160 &#8211; Zbog najavljenih radova na elektro mre\u017ei predvi\u0111enih za \u010detvrtak, 30. novembar, Elektrodistribucija Subotica, pogon Ba\u010dka Topola, najavila&hellip;<\/p>\n","protected":false},"author":1,"featured_media":3658,"comment_status":"open","ping_status":"open","sticky":false,"template":"","format":"standard","meta":{"footnotes":""},"categories":[1],"tags":[],"class_list":["post-3657","post","type-post","status-publish","format-standard","has-post-thumbnail","hentry","category-oglasi-mali-idjos"],"_links":{"self":[{"href":"https:\/\/oglasi.infooglasi.rs\/oglasi\/oglasimaliidjos\/wp-json\/wp\/v2\/posts\/3657","targetHints":{"allow":["GET"]}}],"collection":[{"href":"https:\/\/oglasi.infooglasi.rs\/oglasi\/oglasimaliidjos\/wp-json\/wp\/v2\/posts"}],"about":[{"href":"https:\/\/oglasi.infooglasi.rs\/oglasi\/oglasimaliidjos\/wp-json\/wp\/v2\/types\/post"}],"author":[{"embeddable":true,"href":"https:\/\/oglasi.infooglasi.rs\/oglasi\/oglasimaliidjos\/wp-json\/wp\/v2\/users\/1"}],"replies":[{"embeddable":true,"href":"https:\/\/oglasi.infooglasi.rs\/oglasi\/oglasimaliidjos\/wp-json\/wp\/v2\/comments?post=3657"}],"version-history":[{"count":0,"href":"https:\/\/oglasi.infooglasi.rs\/oglasi\/oglasimaliidjos\/wp-json\/wp\/v2\/posts\/3657\/revisions"}],"wp:featuredmedia":[{"embeddable":true,"href":"https:\/\/oglasi.infooglasi.rs\/oglasi\/oglasimaliidjos\/wp-json\/wp\/v2\/media\/3658"}],"wp:attachment":[{"href":"https:\/\/oglasi.infooglasi.rs\/oglasi\/oglasimaliidjos\/wp-json\/wp\/v2\/media?parent=3657"}],"wp:term":[{"taxonomy":"category","embeddable":true,"href":"https:\/\/oglasi.infooglasi.rs\/oglasi\/oglasimaliidjos\/wp-json\/wp\/v2\/categories?post=3657"},{"taxonomy":"post_tag","embeddable":true,"href":"https:\/\/oglasi.infooglasi.rs\/oglasi\/oglasimaliidjos\/wp-json\/wp\/v2\/tags?post=3657"}],"curies":[{"name":"wp","href":"https:\/\/api.w.org\/{rel}","templated":true}]}}