{"id":3661,"date":"2023-12-13T00:36:28","date_gmt":"2023-12-12T23:36:28","guid":{"rendered":"https:\/\/oglasi.infooglasi.rs\/oglasi\/oglasimaliidjos\/planirano-iskljucenje-struje-u-malom-idjosu-oglasi-mali-idjos-2\/"},"modified":"2023-12-13T00:36:28","modified_gmt":"2023-12-12T23:36:28","slug":"planirano-iskljucenje-struje-u-malom-idjosu-oglasi-mali-idjos-2","status":"publish","type":"post","link":"https:\/\/oglasi.infooglasi.rs\/oglasi\/oglasimaliidjos\/planirano-iskljucenje-struje-u-malom-idjosu-oglasi-mali-idjos-2\/","title":{"rendered":"Planirano isklju\u010denje struje u Malom I\u0111o\u0161u &#8211; OGLASI MALI I\u0110O\u0160"},"content":{"rendered":"<p><\/p>\n<h5><strong>MALI I\u0110O\u0160 &#8211; Zbog najavljenih radova na elektro mre\u017ei predvi\u0111enih za \u010detvrtak, 16. novembar, Elektrodistribucija Subotica, pogon Ba\u010dka Topola, najavila je slede\u0107a isklju\u010denja struje u naselju Mali I\u0111o\u0161:<\/strong><\/h5>\n<ul>\n<li>ulica \u0160iroka (od \u017delezni\u010dke do Topolskog puta): 09.00h &#8211; 11.30h;<\/li>\n<\/ul>\n<p>U slu\u010daju ranijeg zavr\u0161etka radova, Elektrodistribucija zadr\u017eava pravo da uklju\u010di napajanje korisnika pre planiranog termina.<\/p>\n<p>Radovi se odla\u017eu u slu\u010daju lo\u0161ih vremenskih prilika.<\/p>\n<p>&nbsp;<\/p>\n<p><strong>Pro\u010ditajte jo\u0161:<\/strong><\/p>\n<div class=\"vlp-link-container vlp-layout-spotl\"><a href=\"https:\/\/vojvodinauzivo.rs\/mali-idos-raspored-odnosenja-lisca-u-feketicu\/\" class=\"vlp-link\" title=\"Mali I\u0111o\u0161: Raspored odno\u0161enja li\u0161\u0107a u Feketi\u0107u\" target=\"_blank\" rel=\"noopener\"><\/a><\/p>\n<div class=\"vlp-layout-zone-side\">\n<div class=\"vlp-block-3 vlp-link-image\"><img loading=\"lazy\" decoding=\"async\" style=\"max-width: 627px\" width=\"627\" height=\"418\" src=\"https:\/\/vojvodinauzivo.rs\/wp-content\/uploads\/2023\/11\/lisce.jpg\" class=\"attachment-2048x2048 size-2048x2048\" alt=\"li\u0161\u0107e\" \/><\/div>\n<\/div>\n<div class=\"vlp-layout-zone-main\">\n<div class=\"vlp-block-0 vlp-link-title\">Mali I\u0111o\u0161: Raspored odno\u0161enja li\u0161\u0107a u Feketi\u0107u<\/div>\n<div class=\"vlp-block-1 vlp-link-summary\">MALI I\u0110O\u0160\/FEKETI\u0106 &#8211; Mesna zajednica Feketi\u0107 i JKP \u201cKomunal\u201d Mali I\u0111o\u0161 i ove godine organizova\u0107e besplatno odno\u0161enje li\u0161\u0107a za gra\u0111ane Feketi\u0107a po slede\u0107em rasporedu: 17.novembar (petak) 24. novembar (petak) 01.decembar (petak) 08.decembar (petak) 15. decembar (petak) &nbsp; Gra\u0111anima se skre\u0107e pa\u017enja da zbog lak\u0161eg utovara ograni\u010de veli\u010dinu d\u017eakova na kapacitet od maksimalno 150 litara, da d\u017eakovi budu vezani i ostavljeni na ulici. Tako\u0111e, u cilju o\u010duvanja \u017eivotne sredine, gra\u0111ani se mole da ne pale li\u0161\u0107e. &nbsp; Pro\u010ditajte jo\u0161: \u00a0 Preuzmite na\u0161u Android aplikaciju sa Google Play Store.<\/div>\n<div class=\"vlp-block-2 vlp-link-button\">Op\u0161irnije<\/div>\n<\/div>\n<\/div>\n<p><strong>\u00a0<\/strong><\/p>\n<p><em>Preuzmite na\u0161u <strong><a href=\"https:\/\/play.google.com\/store\/apps\/details?id=com.vojvodina.uzivo\" target=\"_blank\" rel=\"noopener\">Android<\/a><\/strong> aplikaciju sa Google Play Store.<\/em><\/p>\n<p>Vest <a href=\"https:\/\/vojvodinauzivo.rs\/planirano-iskljucenje-struje-u-malom-idosu-4\/\" target=\"_blank\" rel=\"noopener\">Planirano isklju\u010denje struje u Malom I\u0111o\u0161u<\/a> objavljena je na sajtu <a href=\"https:\/\/vojvodinauzivo.rs\" target=\"_blank\" rel=\"noopener\">Vojvodina u\u017eivo<\/a>.<\/p>\n<p><a href=\"https:\/\/vojvodinauzivo.rs\/planirano-iskljucenje-struje-u-malom-idosu-4\/\" target=\"_blank\" rel=\"noopener\">Source link <\/a><br \/>\n\n Planirano isklju\u010denje struje u Malom I\u0111o\u0161u<\/p>\n","protected":false},"excerpt":{"rendered":"<p>MALI I\u0110O\u0160 &#8211; Zbog najavljenih radova na elektro mre\u017ei predvi\u0111enih za \u010detvrtak, 16. novembar, Elektrodistribucija Subotica, pogon Ba\u010dka Topola, najavila&hellip;<\/p>\n","protected":false},"author":1,"featured_media":3662,"comment_status":"open","ping_status":"open","sticky":false,"template":"","format":"standard","meta":{"footnotes":""},"categories":[1],"tags":[],"class_list":["post-3661","post","type-post","status-publish","format-standard","has-post-thumbnail","hentry","category-oglasi-mali-idjos"],"_links":{"self":[{"href":"https:\/\/oglasi.infooglasi.rs\/oglasi\/oglasimaliidjos\/wp-json\/wp\/v2\/posts\/3661","targetHints":{"allow":["GET"]}}],"collection":[{"href":"https:\/\/oglasi.infooglasi.rs\/oglasi\/oglasimaliidjos\/wp-json\/wp\/v2\/posts"}],"about":[{"href":"https:\/\/oglasi.infooglasi.rs\/oglasi\/oglasimaliidjos\/wp-json\/wp\/v2\/types\/post"}],"author":[{"embeddable":true,"href":"https:\/\/oglasi.infooglasi.rs\/oglasi\/oglasimaliidjos\/wp-json\/wp\/v2\/users\/1"}],"replies":[{"embeddable":true,"href":"https:\/\/oglasi.infooglasi.rs\/oglasi\/oglasimaliidjos\/wp-json\/wp\/v2\/comments?post=3661"}],"version-history":[{"count":0,"href":"https:\/\/oglasi.infooglasi.rs\/oglasi\/oglasimaliidjos\/wp-json\/wp\/v2\/posts\/3661\/revisions"}],"wp:featuredmedia":[{"embeddable":true,"href":"https:\/\/oglasi.infooglasi.rs\/oglasi\/oglasimaliidjos\/wp-json\/wp\/v2\/media\/3662"}],"wp:attachment":[{"href":"https:\/\/oglasi.infooglasi.rs\/oglasi\/oglasimaliidjos\/wp-json\/wp\/v2\/media?parent=3661"}],"wp:term":[{"taxonomy":"category","embeddable":true,"href":"https:\/\/oglasi.infooglasi.rs\/oglasi\/oglasimaliidjos\/wp-json\/wp\/v2\/categories?post=3661"},{"taxonomy":"post_tag","embeddable":true,"href":"https:\/\/oglasi.infooglasi.rs\/oglasi\/oglasimaliidjos\/wp-json\/wp\/v2\/tags?post=3661"}],"curies":[{"name":"wp","href":"https:\/\/api.w.org\/{rel}","templated":true}]}}