{"id":3692,"date":"2024-01-26T10:10:32","date_gmt":"2024-01-26T09:10:32","guid":{"rendered":"https:\/\/oglasi.infooglasi.rs\/oglasi\/oglasimaliidjos\/persu-komsija-stigao-u-jos-jedno-mesto-foto-oglasi-mali-idjos-2\/"},"modified":"2024-01-26T10:10:32","modified_gmt":"2024-01-26T09:10:32","slug":"persu-komsija-stigao-u-jos-jedno-mesto-foto-oglasi-mali-idjos-2","status":"publish","type":"post","link":"https:\/\/oglasi.infooglasi.rs\/oglasi\/oglasimaliidjos\/persu-komsija-stigao-u-jos-jedno-mesto-foto-oglasi-mali-idjos-2\/","title":{"rendered":"PERSU KOM\u0160IJA STIGAO U JO\u0160 JEDNO MESTO (FOTO) &#8211; OGLASI MALI I\u0110O\u0160"},"content":{"rendered":"<p><\/p>\n<div>\n<div class=\"storyLead mb-3 mt-1\">\n<p>Od subote, 17. februara, PerSu porodica bogatija je za jo\u0161 jednog \u010dlana. Presecanjem crvene trake, sve\u010dano je otvoren novi PerSu market u Malom I\u0111o\u0161u, na adresi Glavna 31. Veliko otvaranje podr\u017eano je od strane predsednika op\u0161tine Mali I\u0111o\u0161 Marka Lazi\u0107a, koji je prisustvovao ovom doga\u0111aju. \u00a0 \u00a0 Vrata ovog PerSu marketa su vam otvorena radnim [\u2026]\n<\/div>\n<p>\t\t\t\t\t\t\t<!-- .entry-meta -->\n\t\t\t\t\t<\/div>\n<div>\n<p>Od subote, 17. februara, <em>PerSu<\/em> porodica bogatija je za jo\u0161 jednog \u010dlana. Presecanjem crvene trake, sve\u010dano je otvoren novi PerSu market u Malom I\u0111o\u0161u, na adresi Glavna 31. Veliko otvaranje podr\u017eano je od strane predsednika op\u0161tine <strong>Mali I\u0111o\u0161<\/strong> Marka Lazi\u0107a, koji je prisustvovao ovom doga\u0111aju.<\/p>\n<p>\u00a0<\/p>\n<p><img loading=\"lazy\" decoding=\"async\" class=\"alignnone wp-image-52770 size-full\" src=\"https:\/\/www.zrenjaninski.com\/wp-content\/uploads\/sites\/10\/2018\/02\/persu-mali-idjos-1.jpg\" alt=\"PerSu\" width=\"900\" height=\"675\" srcset=\"https:\/\/zrenjaninski.com\/wp-content\/uploads\/sites\/10\/2018\/02\/persu-mali-idjos-1.jpg 900w, https:\/\/zrenjaninski.com\/wp-content\/uploads\/sites\/10\/2018\/02\/persu-mali-idjos-1-667x500.jpg 667w\" sizes=\"auto, (max-width: 900px) 100vw, 900px\"\/><\/p>\n<p>\u00a0<\/p>\n<p>Vrata ovog PerSu marketa su vam otvorena radnim danima i subotom od 6.30 do 20.30 \u010dasova, i nedeljom od 7 do 20 sati, gde vas, nakon zavr\u0161ene obuke u Trening centru, spremno \u010deka ljubazno osoblje PerSu marketa.<\/p>\n<p>\u00a0<\/p>\n<p>Supereta u Malom I\u0111o\u0161u svakog dana svojim potro\u0161a\u010dima, na 200 metara kvadratnih\u00a0prodajnog prostora, nudi preko 4.000 razli\u010ditih artikala, vode\u0107ih doma\u0107ih i svetskih brendova. Kako bi vam svakodnevna kupovina bila brza, laka i udobna, objekat je opremljen sa dve SuPer kase.<\/p>\n<p>\u00a0<\/p>\n<p><img loading=\"lazy\" decoding=\"async\" class=\"alignnone wp-image-52771 size-full\" src=\"https:\/\/www.zrenjaninski.com\/wp-content\/uploads\/sites\/10\/2018\/02\/persu-mali-idjos-3.jpg\" alt=\"PerSu\" width=\"900\" height=\"675\" srcset=\"https:\/\/zrenjaninski.com\/wp-content\/uploads\/sites\/10\/2018\/02\/persu-mali-idjos-3.jpg 900w, https:\/\/zrenjaninski.com\/wp-content\/uploads\/sites\/10\/2018\/02\/persu-mali-idjos-3-667x500.jpg 667w\" sizes=\"auto, (max-width: 900px) 100vw, 900px\"\/><\/p>\n<p>\u00a0<\/p>\n<p>Na dan otvaranja, znati\u017eeljne potro\u0161a\u010de je pored brojnih akcijskih sni\u017eenja i promotivnih aktivnosti, do\u010dekao nov i moderno ure\u0111en enterijer, sa rafovima prilago\u0111enim visini kupaca. Iz ponude izdvajamo odeljenje sve\u017eeg mesa u MAP pakovanju, vrhunskog kvaliteta i kontrolisanog porekla, ali i uvek sve\u017eeg vo\u0107a i povr\u0107a po SuPer cenama.<\/p>\n<p>\u00a0<\/p>\n<p><img loading=\"lazy\" decoding=\"async\" class=\"alignnone wp-image-52772 size-full\" src=\"https:\/\/www.zrenjaninski.com\/wp-content\/uploads\/sites\/10\/2018\/02\/persu-mali-idjos-2.jpg\" alt=\"PerSu\" width=\"900\" height=\"675\" srcset=\"https:\/\/zrenjaninski.com\/wp-content\/uploads\/sites\/10\/2018\/02\/persu-mali-idjos-2.jpg 900w, https:\/\/zrenjaninski.com\/wp-content\/uploads\/sites\/10\/2018\/02\/persu-mali-idjos-2-667x500.jpg 667w\" sizes=\"auto, (max-width: 900px) 100vw, 900px\"\/><\/p>\n<p>\u00a0<\/p>\n<p>Od samog trenutka otvaranja, ovaj <em>PerSu market<\/em> spremno je do\u010dekao veliki broj svojih najvernijih kupaca i darovao ih SuPer poklonima.\u00a0 Dva najsre\u0107nija potro\u0161a\u010da su na poklon dobila Samsung LED TV, dok je svaka 50. kupovina bila za 1 dinar. I tu nije kraj iznena\u0111enjima, prvih dvadeset potro\u0161a\u010da obradovano je poklon paketima PerSu, Belkino&amp;Delikato, dok je svaka kupovina na izlazu iz novootvorenog objekta darovana poklonom prijatelja PerSu marketa.<\/p>\n<p>\u00a0<\/p>\n<p><img loading=\"lazy\" decoding=\"async\" class=\"alignnone wp-image-52773 size-full\" src=\"https:\/\/www.zrenjaninski.com\/wp-content\/uploads\/sites\/10\/2018\/02\/persu-mali-idjos-4.jpg\" alt=\"PerSu\" width=\"900\" height=\"675\" srcset=\"https:\/\/zrenjaninski.com\/wp-content\/uploads\/sites\/10\/2018\/02\/persu-mali-idjos-4.jpg 900w, https:\/\/zrenjaninski.com\/wp-content\/uploads\/sites\/10\/2018\/02\/persu-mali-idjos-4-667x500.jpg 667w\" sizes=\"auto, (max-width: 900px) 100vw, 900px\"\/><\/p>\n<p>\u00a0<\/p>\n<p>Ukoliko \u017eivite u Malom I\u0111o\u0161u ili \u0107ete uskoro biti u poseti ovom prelepom mestu, PerSu marketi vas pozivaju da ih posetite i osetite iskustvo prijatne kupovine.<\/p>\n<\/p><\/div>\n<p><a href=\"https:\/\/zrenjaninski.com\/kat-marketing\/persu-komsija-stigao-u-jos-jedno-mesto-foto\/\" target=\"_blank\" rel=\"noopener\">Source link <\/a><br \/>\n\n PERSU KOM\u0160IJA STIGAO U JO\u0160 JEDNO MESTO (FOTO)<\/p>\n","protected":false},"excerpt":{"rendered":"<p>Od subote, 17. februara, PerSu porodica bogatija je za jo\u0161 jednog \u010dlana. Presecanjem crvene trake, sve\u010dano je otvoren novi PerSu&hellip;<\/p>\n","protected":false},"author":1,"featured_media":0,"comment_status":"open","ping_status":"open","sticky":false,"template":"","format":"standard","meta":{"footnotes":""},"categories":[1],"tags":[],"class_list":["post-3692","post","type-post","status-publish","format-standard","hentry","category-oglasi-mali-idjos"],"_links":{"self":[{"href":"https:\/\/oglasi.infooglasi.rs\/oglasi\/oglasimaliidjos\/wp-json\/wp\/v2\/posts\/3692","targetHints":{"allow":["GET"]}}],"collection":[{"href":"https:\/\/oglasi.infooglasi.rs\/oglasi\/oglasimaliidjos\/wp-json\/wp\/v2\/posts"}],"about":[{"href":"https:\/\/oglasi.infooglasi.rs\/oglasi\/oglasimaliidjos\/wp-json\/wp\/v2\/types\/post"}],"author":[{"embeddable":true,"href":"https:\/\/oglasi.infooglasi.rs\/oglasi\/oglasimaliidjos\/wp-json\/wp\/v2\/users\/1"}],"replies":[{"embeddable":true,"href":"https:\/\/oglasi.infooglasi.rs\/oglasi\/oglasimaliidjos\/wp-json\/wp\/v2\/comments?post=3692"}],"version-history":[{"count":0,"href":"https:\/\/oglasi.infooglasi.rs\/oglasi\/oglasimaliidjos\/wp-json\/wp\/v2\/posts\/3692\/revisions"}],"wp:attachment":[{"href":"https:\/\/oglasi.infooglasi.rs\/oglasi\/oglasimaliidjos\/wp-json\/wp\/v2\/media?parent=3692"}],"wp:term":[{"taxonomy":"category","embeddable":true,"href":"https:\/\/oglasi.infooglasi.rs\/oglasi\/oglasimaliidjos\/wp-json\/wp\/v2\/categories?post=3692"},{"taxonomy":"post_tag","embeddable":true,"href":"https:\/\/oglasi.infooglasi.rs\/oglasi\/oglasimaliidjos\/wp-json\/wp\/v2\/tags?post=3692"}],"curies":[{"name":"wp","href":"https:\/\/api.w.org\/{rel}","templated":true}]}}