{"id":3700,"date":"2024-02-13T04:24:57","date_gmt":"2024-02-13T03:24:57","guid":{"rendered":"https:\/\/oglasi.infooglasi.rs\/oglasi\/oglasimaliidjos\/mali-idjos-poraz-jadrana-i-remi-njegosa-oglasi-mali-idjos\/"},"modified":"2024-02-13T04:24:57","modified_gmt":"2024-02-13T03:24:57","slug":"mali-idjos-poraz-jadrana-i-remi-njegosa-oglasi-mali-idjos","status":"publish","type":"post","link":"https:\/\/oglasi.infooglasi.rs\/oglasi\/oglasimaliidjos\/mali-idjos-poraz-jadrana-i-remi-njegosa-oglasi-mali-idjos\/","title":{"rendered":"Mali I\u0111o\u0161: Poraz \u201cJadrana\u201d i remi \u201cNjego\u0161a\u201d &#8211; OGLASI MALI I\u0110O\u0160"},"content":{"rendered":"<p><\/p>\n<h5><strong>MALI I\u0110O\u0160 &#8211; Zavr\u0161eno je i osmo kolo Podru\u010dne fudbalske lige \u201cSubotica\u201d. <\/strong><\/h5>\n<p>Fudbaleri \u201cJadrana\u201d iz Feketi\u0107a pretrpeli su poraz na doma\u0107em terenu od ekipe \u201cUdarnik\u201d iz Vi\u0161njevca rezultatom 1:4 (0:3). Lo\u0161e prvo poluvreme doma\u0107e ekipe na kraju se pokazalo kao presudno za pretrpljeni poraz od izuzetno te\u0161kog gosta, koji pretenduje za osvajanje prvenstva i odlazak u vi\u0161i rang takmi\u010denja.<\/p>\n<p>Sa druge strane, \u201cNjego\u0161\u201d iz Lov\u0107enca odigrao je nere\u0161eno sa ekipom \u201cSrbobrana\u201d. Kona\u010dni rezultat bio je 1:1 (1:0). Iako su mnogi mislili da \u0107e \u201cNjego\u0161\u201d do\u017eiveti novi poraz od ekipe koja pretenduje za osvajanje jedno od prvih mesta na tabeli, gostuju\u0107i igra\u010di uspeli su da \u201cotkinu\u201d bodove doma\u0107inu. Time je, sa novim trenerom Lali\u010di\u0107em, prekinut niz od \u010detiri uzastopna poraza.<\/p>\n<p>\u201cJadran\u201d na tabeli zauzima deseto mesto sa 9 osvojenih bodova, dok je \u201cNjego\u0161\u201d na poziciji 13 sa osvojenih 7 bodova.<\/p>\n<p><strong>Pro\u010ditajte jo\u0161:<\/strong><\/p>\n<div class=\"vlp-link-container vlp-layout-spotl\"><a href=\"https:\/\/vojvodinauzivo.rs\/crveni-krst-mali-idos-posetio-osnovne-skole-u-sva-tri-sela-opstine\/\" class=\"vlp-link\" title=\"Crveni krst Mali I\u0111o\u0161 posetio osnovne \u0161kole u sva tri sela op\u0161tine\" target=\"_blank\" rel=\"noopener\"><\/a><\/p>\n<div class=\"vlp-layout-zone-side\">\n<div class=\"vlp-block-3 vlp-link-image\"><img decoding=\"async\" loading=\"lazy\" style=\"max-width: 614px\" width=\"614\" height=\"426\" src=\"https:\/\/vojvodinauzivo.rs\/wp-content\/uploads\/2023\/01\/crveni-krst-mali-idos-1.jpg\" class=\"attachment-2048x2048 size-2048x2048\" alt=\"mali i\u0111o\u0161-ck\" \/><\/div>\n<\/div>\n<div class=\"vlp-layout-zone-main\">\n<div class=\"vlp-block-0 vlp-link-title\">Crveni krst Mali I\u0111o\u0161 posetio osnovne \u0161kole u sva tri sela op\u0161tine<\/div>\n<div class=\"vlp-block-1 vlp-link-summary\">MALI I\u0110O\u0160 &#8211; Volonteri Crvenog krsta Mali I\u0111o\u0161 posetili su sve tri osnovne \u0161kole u op\u0161tini Mali I\u0111o\u0161. Cilj posete bio je razgovor sa prvacima, kojih ove godine ima 90, i skretanje pa\u017enje na opasnosti u saobra\u0107aju, kao i o va\u017enosti poznavanja saobra\u0107ajnih propisa. Tako\u0111e, iz Crvenog krsta apeluju i na odrasle da, zbog po\u010detka \u0161kolske godine, posebno budu obazrivi u saobra\u0107aju. Pro\u010ditajte jo\u0161: \u00a0 Preuzmite na\u0161u Android aplikaciju sa Google Play Store.<\/div>\n<div class=\"vlp-block-2 vlp-link-button\">Op\u0161irnije<\/div>\n<\/div>\n<\/div>\n<p><strong>\u00a0<\/strong><\/p>\n<p><em>Preuzmite na\u0161u <strong><a href=\"https:\/\/play.google.com\/store\/apps\/details?id=com.vojvodina.uzivo\" target=\"_blank\" rel=\"noopener\">Android<\/a><\/strong> aplikaciju sa Google Play Store.<\/em><\/p>\n<p>Vest <a href=\"https:\/\/vojvodinauzivo.rs\/mali-idos-poraz-jadrana-i-remi-njegosa\/\" target=\"_blank\" rel=\"noopener\">Mali I\u0111o\u0161: Poraz \u201cJadrana\u201d i remi \u201cNjego\u0161a\u201d<\/a> objavljena je na sajtu <a href=\"https:\/\/vojvodinauzivo.rs\" target=\"_blank\" rel=\"noopener\">Vojvodina u\u017eivo<\/a>.<\/p>\n<p><a href=\"https:\/\/vojvodinauzivo.rs\/mali-idos-poraz-jadrana-i-remi-njegosa\/\" target=\"_blank\" rel=\"noopener\">Source link <\/a><br \/>\n\n Mali I\u0111o\u0161: Poraz \u201cJadrana\u201d i remi \u201cNjego\u0161a\u201d<\/p>\n","protected":false},"excerpt":{"rendered":"<p>MALI I\u0110O\u0160 &#8211; Zavr\u0161eno je i osmo kolo Podru\u010dne fudbalske lige \u201cSubotica\u201d. Fudbaleri \u201cJadrana\u201d iz Feketi\u0107a pretrpeli su poraz na&hellip;<\/p>\n","protected":false},"author":1,"featured_media":3701,"comment_status":"open","ping_status":"open","sticky":false,"template":"","format":"standard","meta":{"footnotes":""},"categories":[1],"tags":[],"class_list":["post-3700","post","type-post","status-publish","format-standard","has-post-thumbnail","hentry","category-oglasi-mali-idjos"],"_links":{"self":[{"href":"https:\/\/oglasi.infooglasi.rs\/oglasi\/oglasimaliidjos\/wp-json\/wp\/v2\/posts\/3700","targetHints":{"allow":["GET"]}}],"collection":[{"href":"https:\/\/oglasi.infooglasi.rs\/oglasi\/oglasimaliidjos\/wp-json\/wp\/v2\/posts"}],"about":[{"href":"https:\/\/oglasi.infooglasi.rs\/oglasi\/oglasimaliidjos\/wp-json\/wp\/v2\/types\/post"}],"author":[{"embeddable":true,"href":"https:\/\/oglasi.infooglasi.rs\/oglasi\/oglasimaliidjos\/wp-json\/wp\/v2\/users\/1"}],"replies":[{"embeddable":true,"href":"https:\/\/oglasi.infooglasi.rs\/oglasi\/oglasimaliidjos\/wp-json\/wp\/v2\/comments?post=3700"}],"version-history":[{"count":0,"href":"https:\/\/oglasi.infooglasi.rs\/oglasi\/oglasimaliidjos\/wp-json\/wp\/v2\/posts\/3700\/revisions"}],"wp:featuredmedia":[{"embeddable":true,"href":"https:\/\/oglasi.infooglasi.rs\/oglasi\/oglasimaliidjos\/wp-json\/wp\/v2\/media\/3701"}],"wp:attachment":[{"href":"https:\/\/oglasi.infooglasi.rs\/oglasi\/oglasimaliidjos\/wp-json\/wp\/v2\/media?parent=3700"}],"wp:term":[{"taxonomy":"category","embeddable":true,"href":"https:\/\/oglasi.infooglasi.rs\/oglasi\/oglasimaliidjos\/wp-json\/wp\/v2\/categories?post=3700"},{"taxonomy":"post_tag","embeddable":true,"href":"https:\/\/oglasi.infooglasi.rs\/oglasi\/oglasimaliidjos\/wp-json\/wp\/v2\/tags?post=3700"}],"curies":[{"name":"wp","href":"https:\/\/api.w.org\/{rel}","templated":true}]}}