{"id":3755,"date":"2024-05-16T11:10:51","date_gmt":"2024-05-16T09:10:51","guid":{"rendered":"https:\/\/oglasi.infooglasi.rs\/oglasi\/oglasimaliidjos\/mali-idjos-novi-naslovi-u-biblioteci-oglasi-mali-idjos\/"},"modified":"2024-05-16T11:10:51","modified_gmt":"2024-05-16T09:10:51","slug":"mali-idjos-novi-naslovi-u-biblioteci-oglasi-mali-idjos","status":"publish","type":"post","link":"https:\/\/oglasi.infooglasi.rs\/oglasi\/oglasimaliidjos\/mali-idjos-novi-naslovi-u-biblioteci-oglasi-mali-idjos\/","title":{"rendered":"Mali I\u0111o\u0161: Novi naslovi u biblioteci &#8211; OGLASI MALI I\u0110O\u0160"},"content":{"rendered":"<p><\/p>\n<div>\n<h5><strong>Dok je u Bioblioteci \u201cMitar Pe\u0161ikan\u201d u Lov\u0107encu tokom leta pauza u aktivnostima, pristi\u017eu novi naslovi i vredno se radi na njihovoj obradi. Za sve zainteresovane, raspitali smo se \u0161ta to novo od ove jeseni mogu da prona\u0111u na policama lov\u0107ena\u010dke biblioteke.<\/strong><\/h5>\n<p>Zahvaljuju\u0107i sredstvima koje je za nabavku knjiga izdvojio osniva\u010d biblioteke \u2013 Op\u0161tina Mali I\u0111o\u0161, ogranak u Lov\u0107encu bogatiji je za 197 knjiga.<\/p>\n<p>\u2013\u00a0\u00a0\u00a0\u00a0\u00a0\u00a0\u00a0\u00a0\u00a0 \u201c S obzirom na to da se \u0161kolski plan i program neprekidno menja i dopunjuje, prioritet nam je bio da tako velika sredstva iskoristimo za obnovu kompletnog lektirnog fonda. Zahvaljuju\u0107i lepoj i dugogodi\u0161njoj saradnji sa u\u010diteljima i nastavnicima koji su nas obavestili o nastalim promenama u spiskovima za \u0161kolsku lektiru, nabavili smo sve ono \u0161to je \u0161kolarcima neophodno za nastupaju\u0107u \u0161kolsku godinu. Ovom prilikom ih podse\u0107amo da je de\u010dja godi\u0161nja \u010dlanarina simboli\u010dnih 300 dinara, a za na\u0161e \u0111ake prvake, koji \u0107e tek da uplove u \u010darobni svet slova i knjiga, ona je besplatna.\u201d \u2013 poru\u010duje Sne\u017eana Markovi\u0107, diplomirani bibliotekar Biblioteke \u201cMitar Pe\u0161ikan\u201d,<\/p>\n<p><strong>A, \u0161ta je sa fondom za odrasle?<\/strong><\/p>\n<p>\u2013\u00a0\u00a0\u00a0\u00a0\u00a0\u00a0\u00a0\u00a0\u00a0 \u201cNajpre da napomenem da je pored lektira za decu pristigla i popularna literatura. Potrudili smo se da mali\u0161ane obradujemo svim onim naslovima koje su \u017eeljno i\u0161\u010dekivali da se prona\u0111u na na\u0161im policama: poput nastavka serijala \u201dLo\u0161i momci\u201d, novim knjigama Dejvida Valijamsa, Dragane Mladenovi\u0107, Gradimira Stojkovi\u0107a, Toda Nikoleti\u0107a i drugih\u2026 Tu su, naravno, i svima omiljene nove enciklopedije. Za odrasle je pristiglo mnogo popularne beletristike. Vo\u0111eni onime \u0161to nam \u010ditaoci tra\u017ee, nastojimo i da zadovoljimo njihova interesovanja. Tu su novi naslovi Gijoma Musoa, Kena Foleta, Jua Nesbea, Lusinde Rajli, Vesne Dedi\u0107, Brankice Damjanovi\u0107, Vedrane Rudan i mnogih drugih.\u201d<\/p>\n<p>U prvim danima septembra, zahvaljuju\u0107i otkupu Ministarstva kulture Republike Srbije, u Biblioteku \u201cMitar Pe\u0161ikan\u201d pristiglo je rekornih 286 knjiga. Ove knjige su trenutno u obradi, a vrlo brzo \u0107e biti dostupne za iznajmljivljanje. Pored popularne literature, ovde \u0107e se na\u0107i mnogo naslova stru\u010dne literature iz oblasti religije, istorije, dru\u0161tvenih nauka, umetnosti\u2026<\/p>\n<p>\u2013\u00a0\u00a0\u00a0\u00a0\u00a0\u00a0\u00a0\u00a0\u00a0 \u201cZaista, za svakog po ne\u0161to. Pozivamo vas da pratite na\u0161u stranicu na Fejsbuku, i tako budete obave\u0161teni o dostupnim novim naslovima. Neka ne\u0161to za sada bude i tajna, a ako smo vam zagolicali ma\u0161tu, pro\u0161etajte do Biblioteke i zavirite u ono \u0161to se \u2018kr\u010dka\u2019.\u201d \u2013 zaklju\u010duje Sne\u017eana Markovi\u0107.<\/p>\n<p>Do kraja godine, Biblioteka \u201cMitar Pe\u0161ikan\u201d pribavi\u0107e jo\u0161 novih knjiga, iz sredstava Pokrajinskog sekretarijata za kulturu, kao i iz sopstvenih sredstava (\u010dlanarine). Preostalo nam je samo da se radujemo i budemo sigurni da \u0107emo u nastupaju\u0107im hladnijim danima u\u017eivati u mirisu novih knjiga u ruci.<\/p>\n<p><strong>Pro\u010ditajte jo\u0161:<\/strong><\/p>\n<div class=\"vlp-link-container vlp-layout-spotl\"><a href=\"https:\/\/vojvodinauzivo.rs\/mali-idos-aktivno-leto-kud-p-p-njegos\/\" class=\"vlp-link\" title=\"Mali I\u0111o\u0161: Aktivno leto\" target=\"_blank\" rel=\"noopener\"><\/p>\n<div class=\"vlp-layout-zone-side\">\n<div class=\"vlp-block-3 vlp-link-image\"><img fetchpriority=\"high\" decoding=\"async\" style=\"max-width: 2048px;\" width=\"2048\" height=\"1536\" src=\"https:\/\/vojvodinauzivo.rs\/wp-content\/uploads\/2023\/09\/kud-pp-njegos.jpg\" class=\"attachment-2048x2048 size-2048x2048\" alt=\"\" srcset=\"https:\/\/vojvodinauzivo.rs\/wp-content\/uploads\/2023\/09\/kud-pp-njegos.jpg 2048w, https:\/\/vojvodinauzivo.rs\/wp-content\/uploads\/2023\/09\/kud-pp-njegos-300x225.jpg 300w, https:\/\/vojvodinauzivo.rs\/wp-content\/uploads\/2023\/09\/kud-pp-njegos-1024x768.jpg 1024w, https:\/\/vojvodinauzivo.rs\/wp-content\/uploads\/2023\/09\/kud-pp-njegos-768x576.jpg 768w, https:\/\/vojvodinauzivo.rs\/wp-content\/uploads\/2023\/09\/kud-pp-njegos-1536x1152.jpg 1536w\" sizes=\"(max-width: 2048px) 100vw, 2048px\"\/><\/div>\n<\/div>\n<div class=\"vlp-layout-zone-main\">\n<p>Mali I\u0111o\u0161: Aktivno leto<\/p>\n<p>MALI I\u0110O\u0160 \u2013 Kulturno-umetni\u010dko dru\u0161tvo \u201cP. P. Njego\u0161\u201d iz Lov\u0107enca letnju sezonu je najavilo svojim tradicionalnim Me\u0111unarodnim festivalom folklornih ansambala vetrana \u201cPovedimo vito kolo\u201d, koji je odr\u017ean na samom po\u010detku jula, a kako je leto na izmaku, vreme je za rekapitulaciju, ali i najavu nekih novih projekata. Od 3. do\u00a0 8. jula KUD \u201cNjego\u0161\u201d je organizovao i odveo svu zainteresovanu decu na etno kamp na Milogo\u0161\u0107u. Deca su ovde u\u017eivala u \u010distom planinskom vazduhu, dru\u017eenju, brojnim kreativnim i edukativnim aktivnostima, a i vreme ih je poslu\u017eilo pa su se zabavljali u bazenu ovog predivnog kompleksa. Veteranski sastav uveli\u010dao je proslavu [\u2026]\n<p>Op\u0161irnije<\/p>\n<\/div>\n<\/div>\n<p><em>Preuzmite na\u0161u <strong><a href=\"https:\/\/play.google.com\/store\/apps\/details?id=com.vojvodina.uzivo\" target=\"_blank\" rel=\"noopener\">Android<\/a><\/strong> aplikaciju sa Google Play Store.<\/em><\/p>\n<\/p><\/div>\n<p><script>\n!function(f,b,e,v,n,t,s)\n{if(f.fbq)return;n=f.fbq=function(){n.callMethod?\nn.callMethod.apply(n,arguments):n.queue.push(arguments)};\nif(!f._fbq)f._fbq=n;n.push=n;n.loaded=!0;n.version='2.0';\nn.queue=[];t=b.createElement(e);t.async=!0;\nt.src=v;s=b.getElementsByTagName(e)[0];\ns.parentNode.insertBefore(t,s)}(window,document,'script',\n'https:\/\/connect.facebook.net\/en_US\/fbevents.js');\nfbq('init', '3029724074022447'); \nfbq('track', 'PageView');\n<\/script><br \/>\n<br \/><a href=\"https:\/\/vojvodinauzivo.rs\/mali-idos-novi-naslovi-u-biblioteci\/\" target=\"_blank\" rel=\"noopener\">Source link <\/a><br \/>\n\n Mali I\u0111o\u0161: Novi naslovi u biblioteci<\/p>\n","protected":false},"excerpt":{"rendered":"<p>Dok je u Bioblioteci \u201cMitar Pe\u0161ikan\u201d u Lov\u0107encu tokom leta pauza u aktivnostima, pristi\u017eu novi naslovi i vredno se radi&hellip;<\/p>\n","protected":false},"author":1,"featured_media":3756,"comment_status":"open","ping_status":"open","sticky":false,"template":"","format":"standard","meta":{"footnotes":""},"categories":[1],"tags":[],"class_list":["post-3755","post","type-post","status-publish","format-standard","has-post-thumbnail","hentry","category-oglasi-mali-idjos"],"_links":{"self":[{"href":"https:\/\/oglasi.infooglasi.rs\/oglasi\/oglasimaliidjos\/wp-json\/wp\/v2\/posts\/3755","targetHints":{"allow":["GET"]}}],"collection":[{"href":"https:\/\/oglasi.infooglasi.rs\/oglasi\/oglasimaliidjos\/wp-json\/wp\/v2\/posts"}],"about":[{"href":"https:\/\/oglasi.infooglasi.rs\/oglasi\/oglasimaliidjos\/wp-json\/wp\/v2\/types\/post"}],"author":[{"embeddable":true,"href":"https:\/\/oglasi.infooglasi.rs\/oglasi\/oglasimaliidjos\/wp-json\/wp\/v2\/users\/1"}],"replies":[{"embeddable":true,"href":"https:\/\/oglasi.infooglasi.rs\/oglasi\/oglasimaliidjos\/wp-json\/wp\/v2\/comments?post=3755"}],"version-history":[{"count":0,"href":"https:\/\/oglasi.infooglasi.rs\/oglasi\/oglasimaliidjos\/wp-json\/wp\/v2\/posts\/3755\/revisions"}],"wp:featuredmedia":[{"embeddable":true,"href":"https:\/\/oglasi.infooglasi.rs\/oglasi\/oglasimaliidjos\/wp-json\/wp\/v2\/media\/3756"}],"wp:attachment":[{"href":"https:\/\/oglasi.infooglasi.rs\/oglasi\/oglasimaliidjos\/wp-json\/wp\/v2\/media?parent=3755"}],"wp:term":[{"taxonomy":"category","embeddable":true,"href":"https:\/\/oglasi.infooglasi.rs\/oglasi\/oglasimaliidjos\/wp-json\/wp\/v2\/categories?post=3755"},{"taxonomy":"post_tag","embeddable":true,"href":"https:\/\/oglasi.infooglasi.rs\/oglasi\/oglasimaliidjos\/wp-json\/wp\/v2\/tags?post=3755"}],"curies":[{"name":"wp","href":"https:\/\/api.w.org\/{rel}","templated":true}]}}