{"id":3767,"date":"2024-06-13T00:30:16","date_gmt":"2024-06-12T22:30:16","guid":{"rendered":"https:\/\/oglasi.infooglasi.rs\/oglasi\/oglasimaliidjos\/mali-idjos-biblioteka-mitar-pesikan-u-lovcencu-prosirila-je-svoju-ponudu-knjiga-oglasi-mali-idjos\/"},"modified":"2024-06-13T00:30:16","modified_gmt":"2024-06-12T22:30:16","slug":"mali-idjos-biblioteka-mitar-pesikan-u-lovcencu-prosirila-je-svoju-ponudu-knjiga-oglasi-mali-idjos","status":"publish","type":"post","link":"https:\/\/oglasi.infooglasi.rs\/oglasi\/oglasimaliidjos\/mali-idjos-biblioteka-mitar-pesikan-u-lovcencu-prosirila-je-svoju-ponudu-knjiga-oglasi-mali-idjos\/","title":{"rendered":"Mali I\u0111o\u0161: Biblioteka \u201cMitar Pe\u0161ikan\u201d u Lov\u0107encu pro\u0161irila je svoju ponudu knjiga &#8211; OGLASI MALI I\u0110O\u0160"},"content":{"rendered":"<p><\/p>\n<h5><strong>MALI I\u0110O\u0160\u00a0 &#8211; Biblioteka \u201cMitar Pe\u0161ikan\u201d u Lov\u0107encu pro\u0161irila je svoju ponudu knjiga. Stigla su nova dela autora poput Brankice Damjanovi\u0107, Rumene Bu\u017earovske, D\u017eona Gri\u0161ama&#8230;<\/strong><\/h5>\n<p>Tako\u0111e, nove knjige zabavnog i edukativnog karaktera stigle su i za decu.<\/p>\n<p><strong>Radno vreme biblioteke predvi\u0111eno za rad sa \u010ditaocima ostalo je nepromenjeno:<\/strong><\/p>\n<p>Ponedeljak: 12.00h-18.00h;<\/p>\n<p>Utorak: 08.00h-14.00h;<\/p>\n<p>Sreda: 08.00h-14.00h;<\/p>\n<p>\u010cetvrtak: 12.00h-18.00h;<\/p>\n<p><strong>Pro\u010ditajte jo\u0161:<\/strong><\/p>\n<div class=\"vlp-link-container vlp-layout-spotl\"><a href=\"https:\/\/vojvodinauzivo.rs\/mali-idos-raspisan-javni-oglas-za-davanje-u-zakup-i-na-koriscenje-poljoprivrednog-zemljista\/\" class=\"vlp-link\" title=\"Mali I\u0111o\u0161: Raspisan javni oglas za davanje u zakup i na kori\u0161\u0107enje poljoprivrednog zemlji\u0161ta\" target=\"_blank\" rel=\"noopener\"><\/a><\/p>\n<div class=\"vlp-layout-zone-side\">\n<div class=\"vlp-block-3 vlp-link-image\"><img decoding=\"async\" loading=\"lazy\" style=\"max-width: 1920px\" width=\"1920\" height=\"1439\" src=\"https:\/\/vojvodinauzivo.rs\/wp-content\/uploads\/2023\/08\/agrar-2.jpg\" class=\"attachment-2048x2048 size-2048x2048\" alt=\"\" \/><\/div>\n<\/div>\n<div class=\"vlp-layout-zone-main\">\n<div class=\"vlp-block-0 vlp-link-title\">Mali I\u0111o\u0161: Raspisan javni oglas za davanje u zakup i na kori\u0161\u0107enje poljoprivrednog zemlji\u0161ta<\/div>\n<div class=\"vlp-block-1 vlp-link-summary\">Op\u0161tina Mali I\u0111o\u0161 raspisala je javni oglas za davanje u zakup i na kori\u0161\u0107enje poljoprivrednog zemlji\u0161ta u svojini Republike Srbije u op\u0161tini Mali I\u0111o\u0161. Zemlji\u0161te se nalazi u katastarskim op\u0161tinama Mali I\u0111o\u0161 i Feketi\u0107. Rok za prijavu isti\u010de 7. septembra u 14.00h, dok je otvaranje ponuda predvi\u0111eno za 14. septembar u 11.00h. Kompletan tekst javnog oglasa mo\u017eete pogledati na ovom linku. Pro\u010ditajte jo\u0161: Preuzmite na\u0161u Android aplikaciju sa Google Play Store.<\/div>\n<div class=\"vlp-block-2 vlp-link-button\">Op\u0161irnije<\/div>\n<\/div>\n<\/div>\n<p><em>Preuzmite na\u0161u <strong><a href=\"https:\/\/play.google.com\/store\/apps\/details?id=com.vojvodina.uzivo\" target=\"_blank\" rel=\"noopener\">Android<\/a><\/strong> aplikaciju sa Google Play Store.<\/em><\/p>\n<p>Vest <a href=\"https:\/\/vojvodinauzivo.rs\/mali-idos-biblioteka-mitar-pesikan-u-lovcencu-prosirila-je-svoju-ponudu-knjiga\/\" target=\"_blank\" rel=\"noopener\">Mali I\u0111o\u0161: Biblioteka \u201cMitar Pe\u0161ikan\u201d u Lov\u0107encu pro\u0161irila je svoju ponudu knjiga<\/a> objavljena je na sajtu <a href=\"https:\/\/vojvodinauzivo.rs\" target=\"_blank\" rel=\"noopener\">Vojvodina u\u017eivo<\/a>.<\/p>\n<p><a href=\"https:\/\/vojvodinauzivo.rs\/mali-idos-biblioteka-mitar-pesikan-u-lovcencu-prosirila-je-svoju-ponudu-knjiga\/\" target=\"_blank\" rel=\"noopener\">Source link <\/a><br \/>\n\n Mali I\u0111o\u0161: Biblioteka \u201cMitar Pe\u0161ikan\u201d u Lov\u0107encu pro\u0161irila je svoju ponudu knjiga<\/p>\n","protected":false},"excerpt":{"rendered":"<p>MALI I\u0110O\u0160\u00a0 &#8211; Biblioteka \u201cMitar Pe\u0161ikan\u201d u Lov\u0107encu pro\u0161irila je svoju ponudu knjiga. Stigla su nova dela autora poput Brankice&hellip;<\/p>\n","protected":false},"author":1,"featured_media":3768,"comment_status":"open","ping_status":"open","sticky":false,"template":"","format":"standard","meta":{"footnotes":""},"categories":[1],"tags":[],"class_list":["post-3767","post","type-post","status-publish","format-standard","has-post-thumbnail","hentry","category-oglasi-mali-idjos"],"_links":{"self":[{"href":"https:\/\/oglasi.infooglasi.rs\/oglasi\/oglasimaliidjos\/wp-json\/wp\/v2\/posts\/3767","targetHints":{"allow":["GET"]}}],"collection":[{"href":"https:\/\/oglasi.infooglasi.rs\/oglasi\/oglasimaliidjos\/wp-json\/wp\/v2\/posts"}],"about":[{"href":"https:\/\/oglasi.infooglasi.rs\/oglasi\/oglasimaliidjos\/wp-json\/wp\/v2\/types\/post"}],"author":[{"embeddable":true,"href":"https:\/\/oglasi.infooglasi.rs\/oglasi\/oglasimaliidjos\/wp-json\/wp\/v2\/users\/1"}],"replies":[{"embeddable":true,"href":"https:\/\/oglasi.infooglasi.rs\/oglasi\/oglasimaliidjos\/wp-json\/wp\/v2\/comments?post=3767"}],"version-history":[{"count":0,"href":"https:\/\/oglasi.infooglasi.rs\/oglasi\/oglasimaliidjos\/wp-json\/wp\/v2\/posts\/3767\/revisions"}],"wp:featuredmedia":[{"embeddable":true,"href":"https:\/\/oglasi.infooglasi.rs\/oglasi\/oglasimaliidjos\/wp-json\/wp\/v2\/media\/3768"}],"wp:attachment":[{"href":"https:\/\/oglasi.infooglasi.rs\/oglasi\/oglasimaliidjos\/wp-json\/wp\/v2\/media?parent=3767"}],"wp:term":[{"taxonomy":"category","embeddable":true,"href":"https:\/\/oglasi.infooglasi.rs\/oglasi\/oglasimaliidjos\/wp-json\/wp\/v2\/categories?post=3767"},{"taxonomy":"post_tag","embeddable":true,"href":"https:\/\/oglasi.infooglasi.rs\/oglasi\/oglasimaliidjos\/wp-json\/wp\/v2\/tags?post=3767"}],"curies":[{"name":"wp","href":"https:\/\/api.w.org\/{rel}","templated":true}]}}