{"id":3785,"date":"2024-07-02T14:34:59","date_gmt":"2024-07-02T12:34:59","guid":{"rendered":"https:\/\/oglasi.infooglasi.rs\/oglasi\/oglasimaliidjos\/orban-preuzima-predsedavanje-eu-i-ima-sedam-prioriteta-oglasi-mali-idjos\/"},"modified":"2024-07-02T14:34:59","modified_gmt":"2024-07-02T12:34:59","slug":"orban-preuzima-predsedavanje-eu-i-ima-sedam-prioriteta-oglasi-mali-idjos","status":"publish","type":"post","link":"https:\/\/oglasi.infooglasi.rs\/oglasi\/oglasimaliidjos\/orban-preuzima-predsedavanje-eu-i-ima-sedam-prioriteta-oglasi-mali-idjos\/","title":{"rendered":"Orban preuzima predsedavanje EU i ima sedam prioriteta &#8211; OGLASI MALI I\u0110O\u0160"},"content":{"rendered":"<p><\/p>\n<div>\n<p>Od 1. jula do kraja 2024. godine Ma\u0111arska \u0107e predsedavati Savetu\u00a0Evropske unije. Ta du\u017enost stavlja\u00a0<a href=\"https:\/\/rs.bloombergadria.com\/search\/?search=ma%C4%91arska\" target=\"_blank\" rel=\"noopener\">Ma\u0111arsku<\/a>, vo\u0111enu kontroverznim premijerom\u00a0<strong>Viktorom Orbanom<\/strong>, pod lupu zbog \u010destog suprotstavljanja odlukama Evropske unije. Iako se od zemlje koja preuzima predsedavanje o\u010dekuje nepristrasnost delovanja u interesu cele Unije, mnogi se pitaju mo\u017ee li Orbanova vlada da ispuni tu ulogu s obzirom na dosada\u0161nje politi\u010dke poteze prema pisanju <a href=\"https:\/\/rs.bloombergadria.com\/ostalo\/politika\/61645\/madarska-preuzima-kormilo-eu-uz-mesovite-reakcije-i-skepsu\/news\/\" target=\"_blank\" rel=\"noopener\">Bloomberg Adria<\/a>.<\/p>\n<p>Belgija je zapo\u010dela svoje predsedavanje u januaru, s ciljem delotvornog dono\u0161enja zakonodavnih re\u0161enja pre izbora za Evropski parlament. Do aprila je usvojeno vi\u0161e od 60 zakonodavnih predloga, me\u0111u kojima su\u00a0novi pakt o azilu i migracijama te paket bud\u017eetskog nadzora. Belgija je tako\u0111e\u00a0uspela da unapredi mere podr\u0161ke\u00a0<a href=\"https:\/\/rs.bloombergadria.com\/search\/?search=Ukrajina\" target=\"_blank\" rel=\"noopener\">Ukrajini<\/a>\u00a0i da usvoji sankcije protiv Rusije, nagla\u0161avaju\u0107i svoj proaktivan stav. S druge strane,\u00a0Ma\u0111arska se suo\u010dava s potencijalnim preprekama, s obzirom na Orbanove kontroverzne odnose s institucijama EU i njegovu prorusku politiku.<\/p>\n<p>Za svoje predsedavanje usvojila je slogan \u201eMake Europe Great Again\u201c, \u0161to podse\u0107a na kampanju biv\u0161eg ameri\u010dkog predsednika\u00a0<a href=\"https:\/\/vojvodinauzivo.rs\/trump-se-okrenuo-kriptu-i-obecao-pomoc-osudjenom-osnivacu-silk-roada\/\" target=\"_blank\" rel=\"noopener\"><strong>Donalda Trumpa<\/strong><\/a>.\u00a0Premijer\u00a0je ranije ove godine odr\u017eao govor na konferenciji CPAC u Budimpe\u0161ti, gde je podr\u017eao Trumpovu ponovnu kandidaturu i koristio sli\u010dan slogan.<\/p>\n<p>Prema izjavi ma\u0111arske vlade, logo predsedavanja inspirisan je Rubikovom kockom, poznatom ma\u0111arskom izumu, koja ove godine slavi 50. godi\u0161njicu. Kocka s jedne strane ima ma\u0111arsku zastavu, a s druge zastavu EU.<\/p>\n<h5>Sedam prioriteta za \u0161estomese\u010dno predsedavanje<\/h5>\n<p>Ma\u0111arska je postavila sedam prioriteta za svoje predsedavanje: unapre\u0111enje konkurentnosti, zajedni\u010dku odbranu i za\u0161titu spoljnih granica, kao i unapre\u0111enje kohezione politike, poljoprivrede i re\u0161avanje demografskih problema.<\/p>\n<p>Tako\u0111e, Ma\u0111arska o\u010dekuje napredak u ukidanju kontrola na kopnenim granicama \u0160engena za Bugarsku i Rumuniju, kao i u\u00a0borbi protiv antisemitizma.<\/p>\n<p>Jedan od klju\u010dnih ciljeva bi\u0107e i pro\u0161irenje EU, s naglaskom na Zapadni Balkan. Ma\u0111arska \u017eeli da odr\u017ei samit EU u regionu\u00a0sa zemljama Zapadnog Balkana.<\/p>\n<h5>Zakonodavni izazovi<\/h5>\n<p>Ma\u0111arska \u0107e se suo\u010diti s nekoliko klju\u010dnih zakonodavnih predloga. Prvi od njih je strategija \u201eOd polja do stola\u201c i Zajedni\u010dka poljoprivredna politika (ZPP), gde \u0107e nadgledati predloge o genetski modifikovanim usevima i dobrobiti \u017eivotinja tokom transporta. O\u010dekuju se te\u0161ki pregovori s obzirom na postoje\u0107e protivljenje dr\u017eava \u010dlanica.<\/p>\n<p>Nadalje, nova regulacija kasnog pla\u0107anja, koja je usmerena na potporu malim i srednjim preduze\u0107ima, suo\u010dava se s otporom nekoliko dr\u017eava \u010dlanica, \u0161to ote\u017eava postizanje konsenzusa. Tako\u0111e, Ma\u0111arska mora da se sna\u0111e sa slo\u017eenim<br \/>patentnim pejza\u017eem u okviru standardnih osnovnih patenata balansiraju\u0107i interese vlasnika patenata i korisnika.<\/p>\n<p>Evropski odbrambeni industrijski program (EDIP), s bud\u017eetom od 1,5 milijardi evra, nastoji da oja\u010da odbrambene kapacitete EU. Me\u0111utim, ma\u0111arska ambivalentnost prema finansiranju odbrane, posebno za Ukrajinu, mogla bi da zakomplikuje napredak.<\/p>\n<p>Podsticanje ulaganja gra\u0111ana EU\u00a0tako\u0111e\u00a0je na dnevnom redu, ali se ta nastojanja suo\u010davaju s otporom finansijskih sektora i dr\u017eava \u010dlanica koje \u0161tite svoje finansijske interese. Paket za krizno upravljanje i osiguranje depozita (CMDI) bi\u0107e jo\u0161 jedno podru\u010dje gde \u0107e Ma\u0111arska zapo\u010deti pregovore o stabilizaciji bankarskog sektora, \u0161to je vrlo tehni\u010dko i kontroverzno podru\u010dje.<\/p>\n<p>S obzirom na proruski stav Ma\u0111arske, dalje\u00a0sankcije protiv Rusije ili njihovo sprovo\u0111enje protiv izbegavanja sankcija verovatno ne\u0107e napredovati, \u0161to \u0107e biti jo\u0161 jedan izazov tokom njenog predsedavanja.<\/p>\n<h5>Izazovi za Ukrajinu<\/h5>\n<p>Novo predsedavanje moglo bi da predstavlja izazov za Ukrajinu, koja je i zvani\u010dno otvorila pregovore o pristupanju Uniji. Naime, mnogi veruju\u00a0bi ta zemlja mogla da blokira napredak Ukrajine, optu\u017euju\u0107i je za nepo\u0161tovanje prava ma\u0111arske etni\u010dke manjine.<\/p>\n<p>Ipak, Orban je samo par dana pre\u00a0predsedavanja rekao da nema razloga za strah.<\/p>\n<p>\u201eMa\u0111arska se ne sla\u017ee s ovim pristupnim procesom, ali ga ne blokiramo i podr\u017eavamo po\u010detak pregovora\u201c, rekao je ma\u0111arski premijer i opisao pregovore kao \u201e\u010disto politi\u010dki motivisan proces\u201c.<\/p>\n<p>\u201eOvde nije pitanje slaganja ili protivljenja \u010dlanstvu u EU, ali prvo moramo da ispitamo kakve bi bile posledice ako primimo zemlju koja\u00a0ratuje i \u010dije granice u praksi nisu definisane\u201c, dodao je.<\/p>\n<div>\n<p>Tako\u0111e,\u00a0Orban je izjavio da planira da natera\u00a0institucije koje smatra finansijerima rata u Ukrajini da pokriju tro\u0161kove kazne koju je Evropska unija nametnula Ma\u0111arskoj zbog nepo\u0161tovanja azilantskih politika.<\/p>\n<p>Orban je tu izjavu dao tokom posete Berlinu, a to bi moglo da rezultira novim nametom na finansijsku industriju.<\/p>\n<\/div>\n<p>Naime, Evropski sud pravde izrekao je kaznu od 200 miliona evra plus dodatnu dnevnu kaznu od milion evra protiv Orbanove vlade zbog namernog ignorisanja pravila EU o tretmanu dr\u017eavljana tre\u0107ih zemalja koji tra\u017ee azil u zemlji. Sud sa sedi\u0161tem u Luksemburgu naveo je da je Ma\u0111arska nezakonito pritvarala tra\u017eioce azila i deportovala ljude bez pridr\u017eavanja odgovaraju\u0107ih procedura.<\/p>\n<figure class=\"single-news-img\"><img decoding=\"async\" src=\"https:\/\/rs.bloombergadria.com\/data\/images\/2023-12-14\/49543_405431351_orig.jpg?t=1719494067\"\/><noscript><img decoding=\"async\" src=\"https:\/\/rs.bloombergadria.com\/data\/images\/2023-12-14\/49543_405431351_orig.jpg?t=1719494067\"\/><\/noscript><span class=\"image-source\">Bloomberg Mercury<\/span><figcaption>\u00a0<\/figcaption><\/figure>\n<p>\u201eNa\u0107i \u0107emo na\u010din da to vi\u0161e na\u0161kodi Briselu nego nama\u201c, rekao je Orban u intervjuu za dr\u017eavni radio.<\/p>\n<p>Govore\u0107i iz Berlina tokom posete\u00a0nema\u010dkom kancelaru\u00a0<strong>Olafu Scholzu<\/strong>, Orban je rekao da njegovi zvani\u010dnici rade na zakonodavstvu koje bi kaznu prebacilo na \u201espekulante\u201c koji \u201eprofitiraju\u201c od rata u Ukrajini ili koji daju zajmove za finansiranje rata, ili koji zara\u0111uju od migracija.<\/p>\n<p>Iako\u00a0u intervjuu za ma\u0111arski medij nije naveo koje bi institucije ili pojedinci pla\u0107ali namet, Orban ima istoriju nametanja posebnih poreza bankama i drugim industrijama kako bi popunio rupe u bud\u017eetu, pi\u0161e Bloomberg.<\/p>\n<p>Ipak, ma\u0111arska vlada je\u00a0izjavila da \u0107e obratiti posebnu pa\u017enju na po\u0161tovanje prava nacionalnih manjina u zemljama kandidatima.<\/p>\n<p>Kako Ma\u0111arska preuzima predsedavanje EU, njena sposobnost balansiranja nacionalnih interesa s ciljevima EU bi\u0107e pod lupom. Iako su postavljena obe\u0107anja o neutralnosti i ambiciozni planovi, dosada\u0161nje pona\u0161anje Ma\u0111arske i politi\u010dka opredeljenja sugeri\u0161u da je pred EU\u00a0\u0161est izazovnih\u00a0meseci.<\/p>\n<p><strong>Pro\u010ditajte jo\u0161:<\/strong><\/p>\n<div class=\"vlp-link-container vlp-layout-spotl\"><a href=\"https:\/\/vojvodinauzivo.rs\/orban-babis-i-kikl-formirali-novi-politicki-savez-plan-stvaranje-bloka-u-ep-pozvali-druge-stranke-da-im-se-pridruze\/\" class=\"vlp-link\" title=\"Orban, Babi\u0161 i Kikl formirali novi politi\u010dki savez: Plan stvaranje bloka u EP, pozvali druge stranke da im se pridru\u017ee\" target=\"_blank\" rel=\"noopener\"><\/p>\n<div class=\"vlp-layout-zone-side\">\n<div class=\"vlp-block-3 vlp-link-image\"><img fetchpriority=\"high\" decoding=\"async\" style=\"max-width: 1098px;\" width=\"1098\" height=\"620\" class=\"attachment-2048x2048 size-2048x2048\" alt=\"\" srcset=\"https:\/\/vojvodinauzivo.rs\/wp-content\/uploads\/2024\/06\/249321_tan2024-06-1719092205-0_s.jpg 1098w, https:\/\/vojvodinauzivo.rs\/wp-content\/uploads\/2024\/06\/249321_tan2024-06-1719092205-0_s-300x169.jpg 300w, https:\/\/vojvodinauzivo.rs\/wp-content\/uploads\/2024\/06\/249321_tan2024-06-1719092205-0_s-1024x578.jpg 1024w, https:\/\/vojvodinauzivo.rs\/wp-content\/uploads\/2024\/06\/249321_tan2024-06-1719092205-0_s-768x434.jpg 768w\" data-lazy-sizes=\"(max-width: 1098px) 100vw, 1098px\" src=\"https:\/\/vojvodinauzivo.rs\/wp-content\/uploads\/2024\/06\/249321_tan2024-06-1719092205-0_s.jpg\"\/><noscript><img fetchpriority=\"high\" decoding=\"async\" style=\"max-width: 1098px;\" width=\"1098\" height=\"620\" src=\"https:\/\/vojvodinauzivo.rs\/wp-content\/uploads\/2024\/06\/249321_tan2024-06-1719092205-0_s.jpg\" class=\"attachment-2048x2048 size-2048x2048\" alt=\"\" srcset=\"https:\/\/vojvodinauzivo.rs\/wp-content\/uploads\/2024\/06\/249321_tan2024-06-1719092205-0_s.jpg 1098w, https:\/\/vojvodinauzivo.rs\/wp-content\/uploads\/2024\/06\/249321_tan2024-06-1719092205-0_s-300x169.jpg 300w, https:\/\/vojvodinauzivo.rs\/wp-content\/uploads\/2024\/06\/249321_tan2024-06-1719092205-0_s-1024x578.jpg 1024w, https:\/\/vojvodinauzivo.rs\/wp-content\/uploads\/2024\/06\/249321_tan2024-06-1719092205-0_s-768x434.jpg 768w\" sizes=\"(max-width: 1098px) 100vw, 1098px\"\/><\/noscript><\/div>\n<\/div>\n<div class=\"vlp-layout-zone-main\">\n<p>Orban, Babi\u0161 i Kikl formirali novi politi\u010dki savez: Plan stvaranje bloka u EP, pozvali druge stranke da im se pridru\u017ee<\/p>\n<p>SRBIJA \u2013 Austrijska desni\u010darska Slobodarska partija (FPO), Fides ma\u0111arskog premijera Viktora Orbana i populisti\u010dka \u010de\u0161ka stranka ANO koju predvodi Andrej Babi\u0161 formirale su novi politi\u010dki savez u koji su pozvale i ostale evropske stranke, saop\u0161tio je danas \u0161ef FPO Herbert Kikl. U izjavi medijima na pres konferenciji kojoj su prisustvovala trojica lidera, Kikl je rekao da veruje da c\u0301e se mnoge druge evropske stranke pridru\u017eiti novom politi\u010dkom savezu narednih dana, preneo je Rojters. Cilj ovog politi\u010dkog saveza je da se formira nova frakcija u Evropskom parlamentu, prenose \u010de\u0161ki mediji. Kako navode, trojica lidera, izme\u0111u ostalog, zahtevaju vi\u0161e odlu\u010divanja na nacionalnom [\u2026]\n<p>Op\u0161irnije<\/p>\n<\/div>\n<\/div><\/div>\n<p><script type=\"rocketlazyloadscript\">\n!function(f,b,e,v,n,t,s)\n{if(f.fbq)return;n=f.fbq=function(){n.callMethod?\nn.callMethod.apply(n,arguments):n.queue.push(arguments)};\nif(!f._fbq)f._fbq=n;n.push=n;n.loaded=!0;n.version='2.0';\nn.queue=[];t=b.createElement(e);t.async=!0;\nt.src=v;s=b.getElementsByTagName(e)[0];\ns.parentNode.insertBefore(t,s)}(window,document,'script',\n'https:\/\/connect.facebook.net\/en_US\/fbevents.js');\nfbq('init', '3029724074022447'); \nfbq('track', 'PageView');\n<\/script><br \/>\n<br \/><a href=\"https:\/\/vojvodinauzivo.rs\/orban-preuzima-predsedavanje-eu-i-ima-sedam-prioriteta\/\" target=\"_blank\" rel=\"noopener\">Source link <\/a><br \/>\n\n Orban preuzima predsedavanje EU i ima sedam prioriteta<\/p>\n","protected":false},"excerpt":{"rendered":"<p>Od 1. jula do kraja 2024. godine Ma\u0111arska \u0107e predsedavati Savetu\u00a0Evropske unije. Ta du\u017enost stavlja\u00a0Ma\u0111arsku, vo\u0111enu kontroverznim premijerom\u00a0Viktorom Orbanom, pod&hellip;<\/p>\n","protected":false},"author":1,"featured_media":3786,"comment_status":"open","ping_status":"open","sticky":false,"template":"","format":"standard","meta":{"footnotes":""},"categories":[1],"tags":[],"class_list":["post-3785","post","type-post","status-publish","format-standard","has-post-thumbnail","hentry","category-oglasi-mali-idjos"],"_links":{"self":[{"href":"https:\/\/oglasi.infooglasi.rs\/oglasi\/oglasimaliidjos\/wp-json\/wp\/v2\/posts\/3785","targetHints":{"allow":["GET"]}}],"collection":[{"href":"https:\/\/oglasi.infooglasi.rs\/oglasi\/oglasimaliidjos\/wp-json\/wp\/v2\/posts"}],"about":[{"href":"https:\/\/oglasi.infooglasi.rs\/oglasi\/oglasimaliidjos\/wp-json\/wp\/v2\/types\/post"}],"author":[{"embeddable":true,"href":"https:\/\/oglasi.infooglasi.rs\/oglasi\/oglasimaliidjos\/wp-json\/wp\/v2\/users\/1"}],"replies":[{"embeddable":true,"href":"https:\/\/oglasi.infooglasi.rs\/oglasi\/oglasimaliidjos\/wp-json\/wp\/v2\/comments?post=3785"}],"version-history":[{"count":0,"href":"https:\/\/oglasi.infooglasi.rs\/oglasi\/oglasimaliidjos\/wp-json\/wp\/v2\/posts\/3785\/revisions"}],"wp:featuredmedia":[{"embeddable":true,"href":"https:\/\/oglasi.infooglasi.rs\/oglasi\/oglasimaliidjos\/wp-json\/wp\/v2\/media\/3786"}],"wp:attachment":[{"href":"https:\/\/oglasi.infooglasi.rs\/oglasi\/oglasimaliidjos\/wp-json\/wp\/v2\/media?parent=3785"}],"wp:term":[{"taxonomy":"category","embeddable":true,"href":"https:\/\/oglasi.infooglasi.rs\/oglasi\/oglasimaliidjos\/wp-json\/wp\/v2\/categories?post=3785"},{"taxonomy":"post_tag","embeddable":true,"href":"https:\/\/oglasi.infooglasi.rs\/oglasi\/oglasimaliidjos\/wp-json\/wp\/v2\/tags?post=3785"}],"curies":[{"name":"wp","href":"https:\/\/api.w.org\/{rel}","templated":true}]}}