{"id":3793,"date":"2024-07-08T23:10:56","date_gmt":"2024-07-08T21:10:56","guid":{"rendered":"https:\/\/oglasi.infooglasi.rs\/oglasi\/oglasimaliidjos\/radovan-mitrovic-politicka-preorijentacija-beograda-kao-zalog-procvata-oglasi-mali-idjos\/"},"modified":"2024-07-08T23:10:56","modified_gmt":"2024-07-08T21:10:56","slug":"radovan-mitrovic-politicka-preorijentacija-beograda-kao-zalog-procvata-oglasi-mali-idjos","status":"publish","type":"post","link":"https:\/\/oglasi.infooglasi.rs\/oglasi\/oglasimaliidjos\/radovan-mitrovic-politicka-preorijentacija-beograda-kao-zalog-procvata-oglasi-mali-idjos\/","title":{"rendered":"Radovan Mitrovi\u0107: Politi\u010dka preorijentacija Beograda kao zalog procvata &#8211; OGLASI MALI I\u0110O\u0160"},"content":{"rendered":"<p><\/p>\n<h5><strong>SRBIJA &#8211; Evrointegracije su utopija. Ujedinjenje Evrope mogu\u0107e je na istorijskim principima ravnopravnosti, na temeljima hri\u0161\u0107anskih i prosto zdravih ljudskih vrednosti<\/strong><\/h5>\n<p data-wtg-lazy=\"1\">Za\u0161to je bila potrebna\u00a0rezolucija o Srebrenici? Ona je korak ka uvla\u010denju Bosne i Hercegovine u NATO. Kakav je izlaz? Beograd treba da zauzme \u010dvr\u0161\u0107i stav o, prvo, neutralnosti i sle\u0111enju kursa nacionalnih interesa, a drugo, preorijentaciji ka iskrenim saveznicima, pi\u0161e u svojoj autorskoj analizi istori\u010dar, analiti\u010dar i politikolog Radovan Mitrovi\u0107.<\/p>\n<div class=\"wtgLazyWrapper\" data-wtg-lazy=\"7\">Promena spoljnopoliti\u010dkog kursa mogla bi su\u0161tinski promeniti me\u0111unarodni polo\u017eaj Srbije i, posledi\u010dno, uticati na unutra\u0161nje prilike. Administracija Viktora Orbana\u00a0je predlo\u017eila ideju trougla Peking-Moskva-Beograd kao mo\u0107nog bloka od globalnog zna\u010daja. Udru\u017eivanje bi moglo postati centar te\u017ee za zemlje nezadovoljne politikom Brisela. Osim toga, savr\u0161eno je jasno da Srbiji u\u010de\u0161\u0107e u bloku s takvim supersilama pru\u017ea jasne prednosti. Osim toga, i Rusija i Kina su perjanice BRIKS-a, organizacije sa neverovatnim ekonomskim mogu\u0107nostima i najve\u0107eg svetskog tr\u017ei\u0161ta.<\/div>\n<p data-wtg-lazy=\"3\">Predsednik Srbije Aleksandar Vu\u010di\u0107 je jo\u0161\u00a0u januaru na Svetosavskoj akademiji u Skoplju\u00a0jasno izlo\u017eio sve teze o blagotvornom uticaju samostalne politike balkanskih zemalja na njihov razvoj i \u017eivot u celini. Lepo se mo\u017ee videti da zemljama kolektivnog Zapada nije po du\u0161i samostalnost slobodoljubivih lidera Evrope, poput Ficoa (na koga je na kraju izvr\u0161en atentat, o\u010digledno, ne bez truda ameri\u010dkih NVO), Orbana i Vu\u010di\u0107a (kojima je cena ispoljavanja nezavisnosti stalni pritisak sa svih strana s kojih Zapad mo\u017ee da im pri\u0111e).<\/p>\n<p data-wtg-lazy=\"4\">Evrointegracije su utopija. Ujedinjenje Evrope mogu\u0107e je na istorijskim principima ravnopravnosti, na temeljima hri\u0161\u0107anskih i prosto zdravih ljudskih vrednosti, uz oslobo\u0111enje od kolonijalnog upravnika u licu Va\u0161ingtona. Ipak, SAD ne \u017eele ujedinjenu i slobodnu Evropu od Lisabona do Vladivostoka i probu\u0111eni razum sveta. Zadovoljne su krizom raspadanja, koja je ve\u0107im delom zahvatila Zapadnu Evropu i preko koje je zgodno upravljati procesima. Jer, upravo se novcem i sredstvima Evropljana danas prete\u017eno vodi\u00a0rat u Ukrajini. U ovaj proces poku\u0161avaju da uvuku i gore pomenute lidere, i balkanske zemlje.<\/p>\n<p><strong>Pro\u010ditajte jo\u0161:<\/strong><\/p>\n<div class=\"vlp-link-container vlp-layout-spotl\"><a href=\"https:\/\/vojvodinauzivo.rs\/vucevic-sa-rektorom-univerziteta-bokoni-o-otvaranju-studijskih-programa-u-srbiji\/\" class=\"vlp-link\" title=\"Vu\u010devi\u0107 sa rektorom Univerziteta Bokoni o otvaranju studijskih programa u Srbiji\" target=\"_blank\" rel=\"noopener\"><\/a><\/p>\n<div class=\"vlp-layout-zone-side\">\n<div class=\"vlp-block-3 vlp-link-image\"><img loading=\"lazy\" decoding=\"async\" style=\"max-width: 2048px\" width=\"2048\" height=\"1748\" src=\"https:\/\/vojvodinauzivo.rs\/wp-content\/uploads\/2024\/07\/Tan2024-07-0812464953_0-scaled.jpg\" class=\"attachment-2048x2048 size-2048x2048\" alt=\"\" \/><\/div>\n<\/div>\n<div class=\"vlp-layout-zone-main\">\n<div class=\"vlp-block-0 vlp-link-title\">Vu\u010devi\u0107 sa rektorom Univerziteta Bokoni o otvaranju studijskih programa u Srbiji<\/div>\n<div class=\"vlp-block-1 vlp-link-summary\">BEOGRAD &#8211; Predsednik Vlade Republike Srbije Milo\u0161 Vu\u010devi\u0107 razgovarao je danas u Beogradu sa predstavnicima Univerziteta Bokoni iz Milana o saradnji i otvaranju studijskih programa u Srbiji, kao i zna\u010daju koji \u0107e to imati za obrazovni sistem i privredu na\u0161e zemlje. Vu\u010devi\u0107 je istakao da je Univerzitet Bokoni jedan od najuticajnijih univerziteta u Evropi sa velikim brojem razli\u010ditih savremenih programa, koji daje \u0161iroke perspektive za akademski razvoj. Premijer je naglasio da je cilj Vlade da pru\u017ei studentima priliku da studiraju\u0107i u svojoj zemlji steknu diplomu nekog od najpriznatijih evropskih fakulteta, me\u0111u koje se svakako ubraja i Bokoni, saop\u0161teno je iz [&hellip;]<\/div>\n<div class=\"vlp-block-2 vlp-link-button\">Op\u0161irnije<\/div>\n<\/div>\n<\/div>\n<p>Vest <a href=\"https:\/\/vojvodinauzivo.rs\/radovan-mitrovic-politicka-preorijentacija-beograda-kao-zalog-procvata\/\" target=\"_blank\" rel=\"noopener\">Radovan Mitrovi\u0107: Politi\u010dka preorijentacija Beograda kao zalog procvata<\/a> objavljena je na sajtu <a href=\"https:\/\/vojvodinauzivo.rs\" target=\"_blank\" rel=\"noopener\">Vojvodina u\u017eivo<\/a>.<\/p>\n<p><a href=\"https:\/\/vojvodinauzivo.rs\/radovan-mitrovic-politicka-preorijentacija-beograda-kao-zalog-procvata\/\" target=\"_blank\" rel=\"noopener\">Source link <\/a><br \/>\n\n Radovan Mitrovi\u0107: Politi\u010dka preorijentacija Beograda kao zalog procvata<\/p>\n","protected":false},"excerpt":{"rendered":"<p>SRBIJA &#8211; Evrointegracije su utopija. Ujedinjenje Evrope mogu\u0107e je na istorijskim principima ravnopravnosti, na temeljima hri\u0161\u0107anskih i prosto zdravih ljudskih&hellip;<\/p>\n","protected":false},"author":1,"featured_media":3794,"comment_status":"open","ping_status":"open","sticky":false,"template":"","format":"standard","meta":{"footnotes":""},"categories":[1],"tags":[],"class_list":["post-3793","post","type-post","status-publish","format-standard","has-post-thumbnail","hentry","category-oglasi-mali-idjos"],"_links":{"self":[{"href":"https:\/\/oglasi.infooglasi.rs\/oglasi\/oglasimaliidjos\/wp-json\/wp\/v2\/posts\/3793","targetHints":{"allow":["GET"]}}],"collection":[{"href":"https:\/\/oglasi.infooglasi.rs\/oglasi\/oglasimaliidjos\/wp-json\/wp\/v2\/posts"}],"about":[{"href":"https:\/\/oglasi.infooglasi.rs\/oglasi\/oglasimaliidjos\/wp-json\/wp\/v2\/types\/post"}],"author":[{"embeddable":true,"href":"https:\/\/oglasi.infooglasi.rs\/oglasi\/oglasimaliidjos\/wp-json\/wp\/v2\/users\/1"}],"replies":[{"embeddable":true,"href":"https:\/\/oglasi.infooglasi.rs\/oglasi\/oglasimaliidjos\/wp-json\/wp\/v2\/comments?post=3793"}],"version-history":[{"count":0,"href":"https:\/\/oglasi.infooglasi.rs\/oglasi\/oglasimaliidjos\/wp-json\/wp\/v2\/posts\/3793\/revisions"}],"wp:featuredmedia":[{"embeddable":true,"href":"https:\/\/oglasi.infooglasi.rs\/oglasi\/oglasimaliidjos\/wp-json\/wp\/v2\/media\/3794"}],"wp:attachment":[{"href":"https:\/\/oglasi.infooglasi.rs\/oglasi\/oglasimaliidjos\/wp-json\/wp\/v2\/media?parent=3793"}],"wp:term":[{"taxonomy":"category","embeddable":true,"href":"https:\/\/oglasi.infooglasi.rs\/oglasi\/oglasimaliidjos\/wp-json\/wp\/v2\/categories?post=3793"},{"taxonomy":"post_tag","embeddable":true,"href":"https:\/\/oglasi.infooglasi.rs\/oglasi\/oglasimaliidjos\/wp-json\/wp\/v2\/tags?post=3793"}],"curies":[{"name":"wp","href":"https:\/\/api.w.org\/{rel}","templated":true}]}}