{"id":3795,"date":"2024-07-15T11:11:08","date_gmt":"2024-07-15T09:11:08","guid":{"rendered":"https:\/\/oglasi.infooglasi.rs\/oglasi\/oglasimaliidjos\/braon-pojas-za-sest-clanova-kk-somborac-oglasi-mali-idjos\/"},"modified":"2024-07-15T11:11:08","modified_gmt":"2024-07-15T09:11:08","slug":"braon-pojas-za-sest-clanova-kk-somborac-oglasi-mali-idjos","status":"publish","type":"post","link":"https:\/\/oglasi.infooglasi.rs\/oglasi\/oglasimaliidjos\/braon-pojas-za-sest-clanova-kk-somborac-oglasi-mali-idjos\/","title":{"rendered":"Braon pojas za \u0161est \u010dlanova KK \u201eSomborac\u201c &#8211; OGLASI MALI I\u0110O\u0160"},"content":{"rendered":"<p><\/p>\n<div>\n<p><strong>SOMBOR \u2013 Pred komisijom za zvanja Karate saveza Vojvodine, u Apatinu je odr\u017eano polaganje za braon pojas i majstorska zvanja.<\/strong><\/p>\n<p>Novi nosioci braon pojasa u Karate klubu \u201eSomborac\u201c postali su\u00a0 u\u010denici Petra Kosanovi\u0107a: Boris Senjavin (2007. godi\u0161te), \u0110or\u0111e Hristov (2008. godi\u0161te), Kristina Kosanovi\u0107 (2008. godi\u0161te), Tara Juri\u0107 (2009. godi\u0161te), Lana Krizmani\u0107 (2009. godi\u0161te) i Jana Mijatovi\u0107 (2009. godi\u0161te).<\/p>\n<p>Za prikazan rad na polaganju, od 26 kandidata za braon pojas, komisija je posebno pohvalila \u0110or\u0111a\u00a0 Hristova, Kristinu Kosanovi\u0107 i Lanu Krizmani\u0107.<\/p>\n<p>\u00a0<\/p>\n<p>\u00a0<\/p>\n<p>\u00a0<\/p>\n<p>\u00a0<\/p>\n<p><strong>Pro\u010ditajte jo\u0161:<\/strong><\/p>\n<\/p><\/div>\n<p><script type=\"rocketlazyloadscript\">\n!function(f,b,e,v,n,t,s)\n{if(f.fbq)return;n=f.fbq=function(){n.callMethod?\nn.callMethod.apply(n,arguments):n.queue.push(arguments)};\nif(!f._fbq)f._fbq=n;n.push=n;n.loaded=!0;n.version='2.0';\nn.queue=[];t=b.createElement(e);t.async=!0;\nt.src=v;s=b.getElementsByTagName(e)[0];\ns.parentNode.insertBefore(t,s)}(window,document,'script',\n'https:\/\/connect.facebook.net\/en_US\/fbevents.js');\nfbq('init', '3029724074022447'); \nfbq('track', 'PageView');\n<\/script><br \/>\n<br \/><a href=\"https:\/\/vojvodinauzivo.rs\/braon-pojas-za-sest-clanova-kk-somborac\/\" target=\"_blank\" rel=\"noopener\">Source link <\/a><br \/>\n\n Braon pojas za \u0161est \u010dlanova KK \u201eSomborac\u201c<\/p>\n","protected":false},"excerpt":{"rendered":"<p>SOMBOR \u2013 Pred komisijom za zvanja Karate saveza Vojvodine, u Apatinu je odr\u017eano polaganje za braon pojas i majstorska zvanja.&hellip;<\/p>\n","protected":false},"author":1,"featured_media":3796,"comment_status":"open","ping_status":"open","sticky":false,"template":"","format":"standard","meta":{"footnotes":""},"categories":[1],"tags":[],"class_list":["post-3795","post","type-post","status-publish","format-standard","has-post-thumbnail","hentry","category-oglasi-mali-idjos"],"_links":{"self":[{"href":"https:\/\/oglasi.infooglasi.rs\/oglasi\/oglasimaliidjos\/wp-json\/wp\/v2\/posts\/3795","targetHints":{"allow":["GET"]}}],"collection":[{"href":"https:\/\/oglasi.infooglasi.rs\/oglasi\/oglasimaliidjos\/wp-json\/wp\/v2\/posts"}],"about":[{"href":"https:\/\/oglasi.infooglasi.rs\/oglasi\/oglasimaliidjos\/wp-json\/wp\/v2\/types\/post"}],"author":[{"embeddable":true,"href":"https:\/\/oglasi.infooglasi.rs\/oglasi\/oglasimaliidjos\/wp-json\/wp\/v2\/users\/1"}],"replies":[{"embeddable":true,"href":"https:\/\/oglasi.infooglasi.rs\/oglasi\/oglasimaliidjos\/wp-json\/wp\/v2\/comments?post=3795"}],"version-history":[{"count":0,"href":"https:\/\/oglasi.infooglasi.rs\/oglasi\/oglasimaliidjos\/wp-json\/wp\/v2\/posts\/3795\/revisions"}],"wp:featuredmedia":[{"embeddable":true,"href":"https:\/\/oglasi.infooglasi.rs\/oglasi\/oglasimaliidjos\/wp-json\/wp\/v2\/media\/3796"}],"wp:attachment":[{"href":"https:\/\/oglasi.infooglasi.rs\/oglasi\/oglasimaliidjos\/wp-json\/wp\/v2\/media?parent=3795"}],"wp:term":[{"taxonomy":"category","embeddable":true,"href":"https:\/\/oglasi.infooglasi.rs\/oglasi\/oglasimaliidjos\/wp-json\/wp\/v2\/categories?post=3795"},{"taxonomy":"post_tag","embeddable":true,"href":"https:\/\/oglasi.infooglasi.rs\/oglasi\/oglasimaliidjos\/wp-json\/wp\/v2\/tags?post=3795"}],"curies":[{"name":"wp","href":"https:\/\/api.w.org\/{rel}","templated":true}]}}