{"id":3821,"date":"2024-09-05T00:06:42","date_gmt":"2024-09-04T22:06:42","guid":{"rendered":"https:\/\/oglasi.infooglasi.rs\/oglasi\/oglasimaliidjos\/predlozen-protokol-o-postupanju-nadleznih-u-slucaju-prijave-ujeda-od-strane-napustenih-pasa-oglasi-mali-idjos\/"},"modified":"2024-09-05T00:06:42","modified_gmt":"2024-09-04T22:06:42","slug":"predlozen-protokol-o-postupanju-nadleznih-u-slucaju-prijave-ujeda-od-strane-napustenih-pasa-oglasi-mali-idjos","status":"publish","type":"post","link":"https:\/\/oglasi.infooglasi.rs\/oglasi\/oglasimaliidjos\/predlozen-protokol-o-postupanju-nadleznih-u-slucaju-prijave-ujeda-od-strane-napustenih-pasa-oglasi-mali-idjos\/","title":{"rendered":"Predlo\u017een Protokol o postupanju nadle\u017enih u slu\u010daju prijave ujeda od strane napu\u0161tenih pasa &#8211; OGLASI MALI I\u0110O\u0160"},"content":{"rendered":"<p><\/p>\n<div>\n<h5><strong>IN\u0110IJA \u2013 Op\u0161tina In\u0111ija je kao institucija odgovorna za isplatu \u0161tete za ujede napu\u0161tenih pasa i ma\u010daka.<\/strong><\/h5>\n<p>Kako je ranije najavljivano da \u0107e se op\u0161tina ulo\u017eiti sve napore da spre\u010di zloupotebu isplate \u0161teta nastalih od ujeda napu\u0161tenih \u017eivotinja, danas je odr\u017ean sastanak kako bi se sve zloupotrebe svele na minimum , ili sasvim iskorenile.<\/p>\n<figure id=\"attachment_623323\" aria-describedby=\"caption-attachment-623323\" style=\"width: 1600px\" class=\"wp-caption aligncenter\"><img fetchpriority=\"high\" decoding=\"async\" class=\"size-full wp-image-623323\" alt=\"\" width=\"1600\" height=\"1200\" srcset=\"https:\/\/vojvodinauzivo.rs\/wp-content\/uploads\/2024\/09\/ujedi-3.jpg 1600w, https:\/\/vojvodinauzivo.rs\/wp-content\/uploads\/2024\/09\/ujedi-3-300x225.jpg 300w, https:\/\/vojvodinauzivo.rs\/wp-content\/uploads\/2024\/09\/ujedi-3-1024x768.jpg 1024w, https:\/\/vojvodinauzivo.rs\/wp-content\/uploads\/2024\/09\/ujedi-3-768x576.jpg 768w, https:\/\/vojvodinauzivo.rs\/wp-content\/uploads\/2024\/09\/ujedi-3-1536x1152.jpg 1536w\" data-lazy-sizes=\"(max-width: 1600px) 100vw, 1600px\" src=\"https:\/\/vojvodinauzivo.rs\/wp-content\/uploads\/2024\/09\/ujedi-3.jpg\"\/><noscript><img fetchpriority=\"high\" decoding=\"async\" class=\"size-full wp-image-623323\" src=\"https:\/\/vojvodinauzivo.rs\/wp-content\/uploads\/2024\/09\/ujedi-3.jpg\" alt=\"\" width=\"1600\" height=\"1200\" srcset=\"https:\/\/vojvodinauzivo.rs\/wp-content\/uploads\/2024\/09\/ujedi-3.jpg 1600w, https:\/\/vojvodinauzivo.rs\/wp-content\/uploads\/2024\/09\/ujedi-3-300x225.jpg 300w, https:\/\/vojvodinauzivo.rs\/wp-content\/uploads\/2024\/09\/ujedi-3-1024x768.jpg 1024w, https:\/\/vojvodinauzivo.rs\/wp-content\/uploads\/2024\/09\/ujedi-3-768x576.jpg 768w, https:\/\/vojvodinauzivo.rs\/wp-content\/uploads\/2024\/09\/ujedi-3-1536x1152.jpg 1536w\" sizes=\"(max-width: 1600px) 100vw, 1600px\"\/><\/noscript><figcaption id=\"caption-attachment-623323\" class=\"wp-caption-text\">Foto: Vojvodina u\u017eivo<\/figcaption><\/figure>\n<p>Ovih dana pokrenute su aktivnosti svih nadle\u017enih institucija da se tome stane na put, Doma zdravlja, policije, J\u041aP \u201e\u041aomunalca\u201c, pravobranila\u0161tva, op\u0161tinskih slu\u017ebi.<\/p>\n<figure id=\"attachment_623322\" aria-describedby=\"caption-attachment-623322\" style=\"width: 1600px\" class=\"wp-caption aligncenter\"><img loading=\"lazy\" decoding=\"async\" class=\"size-full wp-image-623322\" alt=\"\" width=\"1600\" height=\"1200\" srcset=\"https:\/\/vojvodinauzivo.rs\/wp-content\/uploads\/2024\/09\/ujedi-2.jpg 1600w, https:\/\/vojvodinauzivo.rs\/wp-content\/uploads\/2024\/09\/ujedi-2-300x225.jpg 300w, https:\/\/vojvodinauzivo.rs\/wp-content\/uploads\/2024\/09\/ujedi-2-1024x768.jpg 1024w, https:\/\/vojvodinauzivo.rs\/wp-content\/uploads\/2024\/09\/ujedi-2-768x576.jpg 768w, https:\/\/vojvodinauzivo.rs\/wp-content\/uploads\/2024\/09\/ujedi-2-1536x1152.jpg 1536w\" data-lazy-sizes=\"(max-width: 1600px) 100vw, 1600px\" src=\"https:\/\/vojvodinauzivo.rs\/wp-content\/uploads\/2024\/09\/ujedi-2.jpg\"\/><noscript><img loading=\"lazy\" decoding=\"async\" class=\"size-full wp-image-623322\" src=\"https:\/\/vojvodinauzivo.rs\/wp-content\/uploads\/2024\/09\/ujedi-2.jpg\" alt=\"\" width=\"1600\" height=\"1200\" srcset=\"https:\/\/vojvodinauzivo.rs\/wp-content\/uploads\/2024\/09\/ujedi-2.jpg 1600w, https:\/\/vojvodinauzivo.rs\/wp-content\/uploads\/2024\/09\/ujedi-2-300x225.jpg 300w, https:\/\/vojvodinauzivo.rs\/wp-content\/uploads\/2024\/09\/ujedi-2-1024x768.jpg 1024w, https:\/\/vojvodinauzivo.rs\/wp-content\/uploads\/2024\/09\/ujedi-2-768x576.jpg 768w, https:\/\/vojvodinauzivo.rs\/wp-content\/uploads\/2024\/09\/ujedi-2-1536x1152.jpg 1536w\" sizes=\"auto, (max-width: 1600px) 100vw, 1600px\"\/><\/noscript><figcaption id=\"caption-attachment-623322\" class=\"wp-caption-text\">Foto: Vojvodina u\u017eivo<\/figcaption><\/figure>\n<p>\u201eDogovorili smo usvajanje Protokola o postupanju nadle\u017enih ustanova i organa u cilju spre\u010davanja zloupotreba prava na naknadu \u0161tete prouzrokovane napadom napu\u0161tenih pasa. Lice koje prijavi ujed u zdravstvenoj ustanovi mora pro\u0107i adekvatnu proceduru. Time \u0107e, prema protokolu, obaveza lekara biti da pribave informaciju od povre\u0111enog o okolnostima pod kojima je do\u0161lo do povre\u0111ivanja, nakon \u010dega \u0107e zdravstveni radnik obave\u0161tavati policiju, koja \u0107e, u skladu sa svojim nadle\u017enostima, iza\u0107i na lice mesta, i uzeti izjavu od povre\u0111enog \u201e, naveo je Ga\u0161i\u0107.<\/p>\n<figure id=\"attachment_623324\" aria-describedby=\"caption-attachment-623324\" style=\"width: 1600px\" class=\"wp-caption aligncenter\"><img loading=\"lazy\" decoding=\"async\" class=\"size-full wp-image-623324\" alt=\"\" width=\"1600\" height=\"1200\" srcset=\"https:\/\/vojvodinauzivo.rs\/wp-content\/uploads\/2024\/09\/ujedi-4.jpg 1600w, https:\/\/vojvodinauzivo.rs\/wp-content\/uploads\/2024\/09\/ujedi-4-300x225.jpg 300w, https:\/\/vojvodinauzivo.rs\/wp-content\/uploads\/2024\/09\/ujedi-4-1024x768.jpg 1024w, https:\/\/vojvodinauzivo.rs\/wp-content\/uploads\/2024\/09\/ujedi-4-768x576.jpg 768w, https:\/\/vojvodinauzivo.rs\/wp-content\/uploads\/2024\/09\/ujedi-4-1536x1152.jpg 1536w\" data-lazy-sizes=\"(max-width: 1600px) 100vw, 1600px\" src=\"https:\/\/vojvodinauzivo.rs\/wp-content\/uploads\/2024\/09\/ujedi-4.jpg\"\/><noscript><img loading=\"lazy\" decoding=\"async\" class=\"size-full wp-image-623324\" src=\"https:\/\/vojvodinauzivo.rs\/wp-content\/uploads\/2024\/09\/ujedi-4.jpg\" alt=\"\" width=\"1600\" height=\"1200\" srcset=\"https:\/\/vojvodinauzivo.rs\/wp-content\/uploads\/2024\/09\/ujedi-4.jpg 1600w, https:\/\/vojvodinauzivo.rs\/wp-content\/uploads\/2024\/09\/ujedi-4-300x225.jpg 300w, https:\/\/vojvodinauzivo.rs\/wp-content\/uploads\/2024\/09\/ujedi-4-1024x768.jpg 1024w, https:\/\/vojvodinauzivo.rs\/wp-content\/uploads\/2024\/09\/ujedi-4-768x576.jpg 768w, https:\/\/vojvodinauzivo.rs\/wp-content\/uploads\/2024\/09\/ujedi-4-1536x1152.jpg 1536w\" sizes=\"auto, (max-width: 1600px) 100vw, 1600px\"\/><\/noscript><figcaption id=\"caption-attachment-623324\" class=\"wp-caption-text\">Foto: Vojvodina u\u017eivo<\/figcaption><\/figure>\n<p>Tako\u0111e, protokol predvi\u0111a obavezu zdravstvenog radnika da uzme bris iz rane, koji \u0107e biti poslat na analizu, gde bi se utvrdilo da li je povreda nastala od ujeda \u017eivotinje.<\/p>\n<p>Nakon toga, povre\u0111eni \u0107e obaviti razgovor i sa nadle\u017enim institucijama i slu\u017ebama ZOO higijene, koje \u0107e proveravati da li se radi o vlasni\u010dkom, ili nevlasni\u010dkom psu.<\/p>\n<p>Ovakav protokol bi trebalo da bude usvojen na slede\u0107oj sednici Skup\u0161tine, kada budu poznati svi detalji o njegovoj primeni.<\/p>\n<\/p><\/div>\n<p><script type=\"rocketlazyloadscript\">\n!function(f,b,e,v,n,t,s)\n{if(f.fbq)return;n=f.fbq=function(){n.callMethod?\nn.callMethod.apply(n,arguments):n.queue.push(arguments)};\nif(!f._fbq)f._fbq=n;n.push=n;n.loaded=!0;n.version='2.0';\nn.queue=[];t=b.createElement(e);t.async=!0;\nt.src=v;s=b.getElementsByTagName(e)[0];\ns.parentNode.insertBefore(t,s)}(window,document,'script',\n'https:\/\/connect.facebook.net\/en_US\/fbevents.js');\nfbq('init', '3029724074022447'); \nfbq('track', 'PageView');\n<\/script><br \/>\n<br \/><a href=\"https:\/\/vojvodinauzivo.rs\/predlozen-protokol-o-postupanju-nadleznih-u-slucaju-prijave-ujeda-od-strane-napustenih-pasa\/\" target=\"_blank\" rel=\"noopener\">Source link <\/a><br \/>\n\n Predlo\u017een Protokol o postupanju nadle\u017enih u slu\u010daju prijave ujeda od strane napu\u0161tenih pasa<\/p>\n","protected":false},"excerpt":{"rendered":"<p>IN\u0110IJA \u2013 Op\u0161tina In\u0111ija je kao institucija odgovorna za isplatu \u0161tete za ujede napu\u0161tenih pasa i ma\u010daka. Kako je ranije&hellip;<\/p>\n","protected":false},"author":1,"featured_media":3822,"comment_status":"open","ping_status":"open","sticky":false,"template":"","format":"standard","meta":{"footnotes":""},"categories":[1],"tags":[],"class_list":["post-3821","post","type-post","status-publish","format-standard","has-post-thumbnail","hentry","category-oglasi-mali-idjos"],"_links":{"self":[{"href":"https:\/\/oglasi.infooglasi.rs\/oglasi\/oglasimaliidjos\/wp-json\/wp\/v2\/posts\/3821","targetHints":{"allow":["GET"]}}],"collection":[{"href":"https:\/\/oglasi.infooglasi.rs\/oglasi\/oglasimaliidjos\/wp-json\/wp\/v2\/posts"}],"about":[{"href":"https:\/\/oglasi.infooglasi.rs\/oglasi\/oglasimaliidjos\/wp-json\/wp\/v2\/types\/post"}],"author":[{"embeddable":true,"href":"https:\/\/oglasi.infooglasi.rs\/oglasi\/oglasimaliidjos\/wp-json\/wp\/v2\/users\/1"}],"replies":[{"embeddable":true,"href":"https:\/\/oglasi.infooglasi.rs\/oglasi\/oglasimaliidjos\/wp-json\/wp\/v2\/comments?post=3821"}],"version-history":[{"count":0,"href":"https:\/\/oglasi.infooglasi.rs\/oglasi\/oglasimaliidjos\/wp-json\/wp\/v2\/posts\/3821\/revisions"}],"wp:featuredmedia":[{"embeddable":true,"href":"https:\/\/oglasi.infooglasi.rs\/oglasi\/oglasimaliidjos\/wp-json\/wp\/v2\/media\/3822"}],"wp:attachment":[{"href":"https:\/\/oglasi.infooglasi.rs\/oglasi\/oglasimaliidjos\/wp-json\/wp\/v2\/media?parent=3821"}],"wp:term":[{"taxonomy":"category","embeddable":true,"href":"https:\/\/oglasi.infooglasi.rs\/oglasi\/oglasimaliidjos\/wp-json\/wp\/v2\/categories?post=3821"},{"taxonomy":"post_tag","embeddable":true,"href":"https:\/\/oglasi.infooglasi.rs\/oglasi\/oglasimaliidjos\/wp-json\/wp\/v2\/tags?post=3821"}],"curies":[{"name":"wp","href":"https:\/\/api.w.org\/{rel}","templated":true}]}}