{"id":3932,"date":"2025-01-22T05:12:55","date_gmt":"2025-01-22T04:12:55","guid":{"rendered":"https:\/\/oglasi.infooglasi.rs\/oglasi\/oglasimaliidjos\/vucic-pozvao-na-skup-u-jagodini-predstavicemo-nove-ljude-koji-nisu-bili-u-politici-oglasi-mali-idjos\/"},"modified":"2025-01-22T05:12:55","modified_gmt":"2025-01-22T04:12:55","slug":"vucic-pozvao-na-skup-u-jagodini-predstavicemo-nove-ljude-koji-nisu-bili-u-politici-oglasi-mali-idjos","status":"publish","type":"post","link":"https:\/\/oglasi.infooglasi.rs\/oglasi\/oglasimaliidjos\/vucic-pozvao-na-skup-u-jagodini-predstavicemo-nove-ljude-koji-nisu-bili-u-politici-oglasi-mali-idjos\/","title":{"rendered":"Vu\u010di\u0107 pozvao na skup u Jagodini: Predstavi\u0107emo nove ljude koji nisu bili u politici &#8211; OGLASI MALI I\u0110O\u0160"},"content":{"rendered":"<p><\/p>\n<div>\n<p class=\"single-news-short-description\"><strong>DAVOS \u2013 Predsednik Srbije Aleksandar Vu\u010di\u0107 pozvao je ve\u010deras iz Dasvosa ljude iz centralnog dela Srbije da do\u0111u u Jagodinu u petak u 17 sati.<\/strong><\/p>\n<p>\u201e\u010cu\u0107e mnoge pametne ljude koje dosad nisu mogle da vide i \u010duju. Poku\u0161a\u0107emo da predstavimo nove ljude koji nisu uprljani, nisu bili u politici, a \u017eele da poka\u017eu da Srbija mo\u017ee bolje, ali pre svega da predstavimo plan i program\u201c.<\/p>\n<p>Dodao je da to\u00a0ne smeju da budu uvrede i mr\u017enja prema drugom, ve\u0107 \u0161ta bi Srbija trebalo da uradi da nastavi da raste i da ima najve\u0107i rast, da bismo pove\u0107avali plate i penzije.<\/p>\n<p>\u201eMoramo da radimo vi\u0161e, da se borimo, da dobro sagledamo \u0161ta se u svetu zbiva i mnogo reformi u zdravstvu i prosveti\u201c, rekao je on.<\/p>\n<p>On je prethodno danas rekao da \u0107e u petak biti pokrenuta inicijativa za stvaranje pokreta.<\/p>\n<p>\u201eTu \u0107e biti profesora, lekara, govori\u0107e ljudi koje ste malo vi\u0111ali u javnosti, jo\u0161 malo ili nimalo u politi\u010dkom \u017eivotu. Mo\u017eda \u0107e neku re\u010d da ka\u017ee Ivica Da\u010di\u0107, jo\u0161 nije odlu\u010deno, ali nekoliko re\u010di \u0107u ja da ka\u017eem i poku\u0161a\u0107u da predstavim, \u0161ta je to, gde i kako vidim budu\u0107nost Srbije\u201c, rekao je Vu\u010di\u0107.<\/p>\n<p>Dodao je da Srbija ima plan do 2027. godine, ali da to nije dovoljno.<\/p>\n<p>\u201eMe\u0111utim, mi moramo da pravimo plan do 2032. godine, jer dolazi do ogromnih promena u svetu, koje moramo da razumemo i sagledamo\u201c, rekao je Vu\u010di\u0107.<\/p>\n<p>On je dodao da smo tako morali da menjamo na\u0161u vojnu doktrinu u skladu sa \u010dinjenicama koje se odigravaju oko nas.<\/p>\n<p>\u201eI promenili smo vojnu doktrinu i zato smo se ubrzano naoru\u017eavali, razumeli potrebe sna\u017enog ja\u010danja na\u0161e vojske, u\u010dinili to \u0161to smo mogli. Me\u0111utim i dalje nisam zadovoljan, uprkos tome \u0161to smo na svim tim svetskim rang listama rangirani jednako ili bolje od onih koji su bili neuporedivo ispred nas samo 10 godina ranije\u201c, rekao je predsednik.<\/p>\n<p>Dodao je da je va\u017eno da se planira budu\u0107nost i da se sagleda gde je mesto Srbije u savremenom svetu. Na pitanje da prokomentari\u0161e to \u0161to Zdravko Pono\u0161 ka\u017ee da \u0107e skup u Jagodini biti negov poslednji skup i da drugi ka\u017eu da se upla\u0161io i da polako odustaje, Vu\u010di\u0107 je poru\u010dio da nikad ne odustaje.<\/p>\n<p>\u201eOdustajemo od \u010dega? Od politike, od politi\u010dke borbe. Ja se nisam upla\u0161io. To mogu da ka\u017eu samo ljudi koji me ne poznaju. Ali to govori o njima. Bi\u0107e da imaju vi\u0161ak autoprojekcije u svojim izjavama. Idem u Jagodinu na skup, na otvorenom prostoru. U Jagodini mislim da nisam govorio od 1994. godine na otvorenom prostoru\u201c, rekao je Vu\u010di\u0107.<\/p>\n<p>Istakao je da je Jagodina srce Pomoravlja i da tamo \u017eeli da se obrati ljudima i da im ka\u017ee \u0161ta je to \u0161to dr\u017eava mo\u017ee da uradi u Pomoravlju.<\/p>\n<p>\u201eAli ne samo u Pomoravlju, ve\u0107 i u \u0160umadijskom okrugu, Rasinskom, Brani\u010devskom, Podunavskom, Ni\u0161ovskom i Borskom okrugu, dakle, okolnim okruzima. Svaki skup mi je bio opro\u0161taj. \u0160to je to? Ho\u0107e da me ubiju u me\u0111uvremenu, jer da me smene ne mogu nikako. Nisu mi prihvatili referendum koji sam im tako velikodu\u0161no ponudio, da me smene ne mogu, dakle \u0161ta god da se desi za tri, \u010detiri i pet i 10 i 20 danas, predsednika ne mo\u017eete da smenite. I to im je jasno. Opro\u0161taj, zna\u010di planiraju da me ubiju\u201c, rekao je Vu\u010di\u0107.<\/p>\n<p>Dodao je da misli da ve\u0107 za sedam dana posle skupa u Jagodini ide u drugi deo Srbije.<\/p>\n<p>\u201eNa sever Srbije. Najvi\u0161e ih se vre\u0111a kad ka\u017eem na severu Srbije. Zato \u0161to ka\u017eu, tako Vu\u010di\u0107 ne priznaje Vojvodinu. Priznajem, volim ja Vojvodinu, volim i da ka\u017eem da je na severu Srbije, da bi se znalo da je Vojvodina Srbije. Tako da, nemoj da se nadaju da \u0107u da se povla\u010dim. A to da sam se upla\u0161io, misle da se pre\u010desto gledaju u ogledalu. Za mene je va\u017eno \u0161ta \u0107emo u Jagodini da ka\u017eemo, da ljudi steknu poverenje i znaju da \u0107emo da se borimo\u201c, istakao je Vu\u010di\u0107.<\/p>\n<p>Kako je rekao, veruje da \u0107e umeti i da prona\u0111u i one u njihovim redovima koji ne zaslu\u017euju poverenje naroda.<\/p>\n<p>\u201eAli da \u0107e Srbija nastaviti da se kre\u0107e uzlaznom putanjom, da \u0107e biti uspe\u0161na, da \u0107e biti zemlja pobednik. U to nemam nikakve sumnje. Jo\u0161 jednom pozivam sve, ne samo Jagodince i Moravce, ve\u0107 i sve koji mogu da do\u0111u. Ne treba da dolaze ljudi s juga Srbije ili sa severa Srbije. Prosto nema potrebe. Dolazi\u0107u ja u njihove krajeve. Nikad ne\u0107u da zaboravim ni na Vranje, ni na Leskovac, ni Pirot, i naravno ni Ba\u010dku, Banat i Srem. Tako da bi\u0107emo zajedno, samo \u0161to \u0107u imati mnogo vi\u0161e tih malih skupova gde \u0107u ja \u017eeleti da slu\u0161am ljude, da \u010dujem ljude, a manje ne\u0161to od ovih velikih skupova gde se okupi 1.000, 2.000, 3.000, 5.000, 10.000, 15.000 ljudi\u201c, poru\u010dio je Vu\u010di\u0107.<\/p>\n<\/p><\/div>\n<p><script type=\"rocketlazyloadscript\">\n!function(f,b,e,v,n,t,s)\n{if(f.fbq)return;n=f.fbq=function(){n.callMethod?\nn.callMethod.apply(n,arguments):n.queue.push(arguments)};\nif(!f._fbq)f._fbq=n;n.push=n;n.loaded=!0;n.version='2.0';\nn.queue=[];t=b.createElement(e);t.async=!0;\nt.src=v;s=b.getElementsByTagName(e)[0];\ns.parentNode.insertBefore(t,s)}(window,document,'script',\n'https:\/\/connect.facebook.net\/en_US\/fbevents.js');\nfbq('init', '3029724074022447'); \nfbq('track', 'PageView');\n<\/script><br \/>\n<br \/><a href=\"https:\/\/vojvodinauzivo.rs\/vucic-pozvao-na-skup-u-jagodini-predstavicemo-nove-ljude-koji-nisu-bili-u-politici\/\" target=\"_blank\" rel=\"noopener\">Source link <\/a><br \/>\n\n Vu\u010di\u0107 pozvao na skup u Jagodini: Predstavi\u0107emo nove ljude koji nisu bili u politici<\/p>\n","protected":false},"excerpt":{"rendered":"<p>DAVOS \u2013 Predsednik Srbije Aleksandar Vu\u010di\u0107 pozvao je ve\u010deras iz Dasvosa ljude iz centralnog dela Srbije da do\u0111u u Jagodinu&hellip;<\/p>\n","protected":false},"author":1,"featured_media":3933,"comment_status":"open","ping_status":"open","sticky":false,"template":"","format":"standard","meta":{"footnotes":""},"categories":[1],"tags":[],"class_list":["post-3932","post","type-post","status-publish","format-standard","has-post-thumbnail","hentry","category-oglasi-mali-idjos"],"_links":{"self":[{"href":"https:\/\/oglasi.infooglasi.rs\/oglasi\/oglasimaliidjos\/wp-json\/wp\/v2\/posts\/3932","targetHints":{"allow":["GET"]}}],"collection":[{"href":"https:\/\/oglasi.infooglasi.rs\/oglasi\/oglasimaliidjos\/wp-json\/wp\/v2\/posts"}],"about":[{"href":"https:\/\/oglasi.infooglasi.rs\/oglasi\/oglasimaliidjos\/wp-json\/wp\/v2\/types\/post"}],"author":[{"embeddable":true,"href":"https:\/\/oglasi.infooglasi.rs\/oglasi\/oglasimaliidjos\/wp-json\/wp\/v2\/users\/1"}],"replies":[{"embeddable":true,"href":"https:\/\/oglasi.infooglasi.rs\/oglasi\/oglasimaliidjos\/wp-json\/wp\/v2\/comments?post=3932"}],"version-history":[{"count":0,"href":"https:\/\/oglasi.infooglasi.rs\/oglasi\/oglasimaliidjos\/wp-json\/wp\/v2\/posts\/3932\/revisions"}],"wp:featuredmedia":[{"embeddable":true,"href":"https:\/\/oglasi.infooglasi.rs\/oglasi\/oglasimaliidjos\/wp-json\/wp\/v2\/media\/3933"}],"wp:attachment":[{"href":"https:\/\/oglasi.infooglasi.rs\/oglasi\/oglasimaliidjos\/wp-json\/wp\/v2\/media?parent=3932"}],"wp:term":[{"taxonomy":"category","embeddable":true,"href":"https:\/\/oglasi.infooglasi.rs\/oglasi\/oglasimaliidjos\/wp-json\/wp\/v2\/categories?post=3932"},{"taxonomy":"post_tag","embeddable":true,"href":"https:\/\/oglasi.infooglasi.rs\/oglasi\/oglasimaliidjos\/wp-json\/wp\/v2\/tags?post=3932"}],"curies":[{"name":"wp","href":"https:\/\/api.w.org\/{rel}","templated":true}]}}