{"id":3959,"date":"2025-04-10T00:30:20","date_gmt":"2025-04-09T22:30:20","guid":{"rendered":"https:\/\/oglasi.infooglasi.rs\/oglasi\/oglasimaliidjos\/zahvalan-sam-makronu-na-podrsci-za-expo-2027-oglasi-mali-idjos\/"},"modified":"2025-04-10T00:30:20","modified_gmt":"2025-04-09T22:30:20","slug":"zahvalan-sam-makronu-na-podrsci-za-expo-2027-oglasi-mali-idjos","status":"publish","type":"post","link":"https:\/\/oglasi.infooglasi.rs\/oglasi\/oglasimaliidjos\/zahvalan-sam-makronu-na-podrsci-za-expo-2027-oglasi-mali-idjos\/","title":{"rendered":"Zahvalan sam Makronu na podr\u0161ci za EXPO 2027 &#8211; OGLASI MALI I\u0110O\u0160"},"content":{"rendered":"<p><\/p>\n<div>\n<p><strong> BEOGRAD \u2013 Predsednik Srbije <a href=\"https:\/\/vojvodinauzivo.rs\/vucic-pozivam-ljude-da-se-okupe-u-subotu-da-se-bore-za-svoju-srbiju\/\" target=\"_blank\" rel=\"noopener\">Aleksandar Vu\u010di\u0107<\/a> izjavio je da je dobro da Srbija ima jednog velikog saveznika u Evropi, kakva je Francuska i zahvalio francuskom predsedniku Emanuelu Makronu na potvrdi da \u0107e ta zemlja u\u010destvovati na specijalizovanoj izlo\u017ebi EXPO 2027. u Beogradu.<\/strong><\/p>\n<p>\u201eDobro je da imamo jednog velikog saveznika u Evropi, kakva je Francuska. Verujem da je to va\u017eno. Hvala predsedniku Makronu i na potvrdi za u\u010de\u0161\u0107e Francuske na EXPO 2027. u Beogradu!\u201c, napisao je Vu\u010di\u0107 na Instagramu buducnostsrbijeav, uz video snimak svoje dana\u0161nje posete Francuskoj.<\/p>\n<p><strong>Vu\u010di\u0107 se tokom posete u Jelisejskoj palati sastao <a href=\"https:\/\/vojvodinauzivo.rs\/makron-potvrdio-ucesce-na-expo-pridajemo-znacaj-evropskoj-buducnosti-srbije\/\" target=\"_blank\" rel=\"noopener\">sa Makronom<\/a>, koji je u njegovu \u010dast priredio radni ru\u010dak.<\/strong><\/p>\n<p>Predsednik Vu\u010di\u0107 je posle sastanka izjavio da su zajedni\u010dki zaklju\u010dili da svet ulazi u nemirno doba i vreme op\u0161te nesigurnosti koje \u0107e dugo trajati, da su jo\u0161 jednom konstatovali dobre srpsko \u2013 francuske odnose, kao i da su razgovarali o mnogim temama i \u0161ta je to \u0161to zajedno moraju da urade u narednom periodu.<\/p>\n<p>Makron je posle sastanka sa Vu\u010di\u0107em na dru\u0161tvenoj mre\u017ei X potvrdio u\u010de\u0161\u0107e Francuske na izlo\u017ebi EXPO 2027. u Beogradu i istakao da Francuska pridaje zna\u010daj demokratskoj i evropskoj budu\u0107nosti Srbije.<\/p>\n<\/p><\/div>\n<p><script type=\"rocketlazyloadscript\">\n!function(f,b,e,v,n,t,s)\n{if(f.fbq)return;n=f.fbq=function(){n.callMethod?\nn.callMethod.apply(n,arguments):n.queue.push(arguments)};\nif(!f._fbq)f._fbq=n;n.push=n;n.loaded=!0;n.version='2.0';\nn.queue=[];t=b.createElement(e);t.async=!0;\nt.src=v;s=b.getElementsByTagName(e)[0];\ns.parentNode.insertBefore(t,s)}(window,document,'script',\n'https:\/\/connect.facebook.net\/en_US\/fbevents.js');\nfbq('init', '3029724074022447'); \nfbq('track', 'PageView');\n<\/script><br \/>\n<br \/><a href=\"https:\/\/vojvodinauzivo.rs\/vucic-zahvalan-sam-makronu-na-podrsci-za-expo-2027\/\" target=\"_blank\" rel=\"noopener\">Source link <\/a><br \/>\n\n Zahvalan sam Makronu na podr\u0161ci za EXPO 2027<\/p>\n","protected":false},"excerpt":{"rendered":"<p>BEOGRAD \u2013 Predsednik Srbije Aleksandar Vu\u010di\u0107 izjavio je da je dobro da Srbija ima jednog velikog saveznika u Evropi, kakva&hellip;<\/p>\n","protected":false},"author":1,"featured_media":3960,"comment_status":"open","ping_status":"open","sticky":false,"template":"","format":"standard","meta":{"footnotes":""},"categories":[1],"tags":[],"class_list":["post-3959","post","type-post","status-publish","format-standard","has-post-thumbnail","hentry","category-oglasi-mali-idjos"],"_links":{"self":[{"href":"https:\/\/oglasi.infooglasi.rs\/oglasi\/oglasimaliidjos\/wp-json\/wp\/v2\/posts\/3959","targetHints":{"allow":["GET"]}}],"collection":[{"href":"https:\/\/oglasi.infooglasi.rs\/oglasi\/oglasimaliidjos\/wp-json\/wp\/v2\/posts"}],"about":[{"href":"https:\/\/oglasi.infooglasi.rs\/oglasi\/oglasimaliidjos\/wp-json\/wp\/v2\/types\/post"}],"author":[{"embeddable":true,"href":"https:\/\/oglasi.infooglasi.rs\/oglasi\/oglasimaliidjos\/wp-json\/wp\/v2\/users\/1"}],"replies":[{"embeddable":true,"href":"https:\/\/oglasi.infooglasi.rs\/oglasi\/oglasimaliidjos\/wp-json\/wp\/v2\/comments?post=3959"}],"version-history":[{"count":0,"href":"https:\/\/oglasi.infooglasi.rs\/oglasi\/oglasimaliidjos\/wp-json\/wp\/v2\/posts\/3959\/revisions"}],"wp:featuredmedia":[{"embeddable":true,"href":"https:\/\/oglasi.infooglasi.rs\/oglasi\/oglasimaliidjos\/wp-json\/wp\/v2\/media\/3960"}],"wp:attachment":[{"href":"https:\/\/oglasi.infooglasi.rs\/oglasi\/oglasimaliidjos\/wp-json\/wp\/v2\/media?parent=3959"}],"wp:term":[{"taxonomy":"category","embeddable":true,"href":"https:\/\/oglasi.infooglasi.rs\/oglasi\/oglasimaliidjos\/wp-json\/wp\/v2\/categories?post=3959"},{"taxonomy":"post_tag","embeddable":true,"href":"https:\/\/oglasi.infooglasi.rs\/oglasi\/oglasimaliidjos\/wp-json\/wp\/v2\/tags?post=3959"}],"curies":[{"name":"wp","href":"https:\/\/api.w.org\/{rel}","templated":true}]}}