{"id":3801,"date":"2024-02-24T00:02:24","date_gmt":"2024-02-23T23:02:24","guid":{"rendered":"https:\/\/oglasi.infooglasi.rs\/oglasi\/oglasimalizvornik\/sutra-sahrana-djecaka-koji-se-ugusio-cijelo-selo-se-moli-za-oca-i-cerku-oglasi-mali-zvornik\/"},"modified":"2024-02-24T00:02:24","modified_gmt":"2024-02-23T23:02:24","slug":"sutra-sahrana-djecaka-koji-se-ugusio-cijelo-selo-se-moli-za-oca-i-cerku-oglasi-mali-zvornik","status":"publish","type":"post","link":"https:\/\/oglasi.infooglasi.rs\/oglasi\/oglasimalizvornik\/sutra-sahrana-djecaka-koji-se-ugusio-cijelo-selo-se-moli-za-oca-i-cerku-oglasi-mali-zvornik\/","title":{"rendered":"Sutra sahrana dje\u010daka koji se ugu\u0161io: Cijelo selo se moli za oca i \u0107erku &#8211; OGLASI MALI ZVORNIK"},"content":{"rendered":"<p><\/p>\n<div>\n<p>To su potvrdili najbli\u017ei \u010dlanovi porodice koji su se danas okupili u ku\u0107i tuge.<\/p>\n<p>Kako je navela Dragana Mitrovi\u0107, portparolka Op\u0161te bolnice u Loznici, djevoj\u010dica stara 11 godina i otac Dragan (39), koji su hospitalizovani zbog gu\u0161enja gasovima kada se pokvario agregat, stabilnog su op\u0161teg stanja. Dejvoj\u010dica le\u017ei na pedijatriji, a otac u jedinici intenzivnog lije\u010denja.<\/p>\n<p>Dvoje najmla\u0111e djece je zbrinuto kod ro\u0111aka. <\/p>\n<p>U ku\u0107i u kojoj se dogodila tragedija danas se pojavila i majka koja je porodicu navodno napustila prije tri godine i tetka \u010detvoro mali\u0161ana koji su ostali da \u017eive sa ocem Draganom, prenosi Telegraf.<\/p>\n<p>Ahmetovi\u0107i su \u017eivjeli te\u0161ko, naro\u010dito od kada se otac razbolio i vi\u0161e nije mogao da radi i zara\u0111uje kao ranije. Jedva su se prehranjivali od socijalne pomo\u0107i i de\u010dijeg dodatka koji su bili jedini stalni prihod.<\/p>\n<p>\u2013 Djeca su bila poslu\u0161na iako su \u017eivela u te\u0161kim uslovima. Najstarija djevoj\u010dica je najvi\u0161e pomagala, umela je da umesi hleb, skuva ru\u010dak i pospremi po ku\u0107i. Ona je sada u bolnici i molimo se da pre\u017eive i ona i otac \u2013 ka\u017eu u selu.<\/p>\n<p>U tro\u0161noj ku\u0107i Ahmetovi\u0107i su koristili agregat za osvjetljenje i grijanje, pa se pretpostavlja da su se dje\u010dak, njegova starija sestra i otac nagutali otrovnog dima zbog kvara na aparatu.<\/p>\n<p>Uvi\u0111aj na mestu tragedije su obavili pripadnici policije iz Loznice, a istragu sprovodi osnovno javno tu\u017eila\u0161tvo koje je naredilo i obdukciju tijela nastradalog dje\u010daka.<\/p>\n<p>                <a style=\"font-weight:bold;&#010;                font-size:14px;margin-bottom:0.6rem;display:block; width:max-content;background-color:#7360F2;color:white;padding:0.6rem;border-radius:5px;cursor:pointer;\" title=\"Viber grupa\" target=\"_blank\" href=\"https:\/\/invite.viber.com\/?g2=AQADj2jdM9Z9glCzKoVL14kr2VhoO%2FPqOu0JB5T7bD3knZHJFKQs4T3Pr1gHQzZv&amp;lang=en\" rel=\"noopener\"><br \/>\n                    Najnovije vijesti Srpskainfo i na Viberu<br \/>\n                <\/a><\/p><\/div>\n<p><script async>\n        !function(f,b,e,v,n,t,s)\n        {if(f.fbq)return;n=f.fbq=function(){n.callMethod?\n            n.callMethod.apply(n,arguments):n.queue.push(arguments)};\n            if(!f._fbq)f._fbq=n;n.push=n;n.loaded=!0;n.version='2.0';\n            n.queue=[];t=b.createElement(e);t.async=!0;\n            t.src=v;s=b.getElementsByTagName(e)[0];\n            s.parentNode.insertBefore(t,s)}(window, document,'script',\n            'https:\/\/connect.facebook.net\/en_US\/fbevents.js');\n        fbq('init', '344652463724127');\n        fbq('track', 'PageView');\n    <\/script><br \/>\n<br \/><a href=\"https:\/\/srpskainfo.com\/sutra-sahrana-djecaka-koji-se-ugusio-cijelo-selo-se-moli-za-oca-i-cerku\/\" target=\"_blank\" rel=\"noopener\">Source link <\/a><br \/>\n\n Sutra sahrana dje\u010daka koji se ugu\u0161io: Cijelo selo se moli za oca i \u0107erku<\/p>\n","protected":false},"excerpt":{"rendered":"<p>To su potvrdili najbli\u017ei \u010dlanovi porodice koji su se danas okupili u ku\u0107i tuge. Kako je navela Dragana Mitrovi\u0107, portparolka&hellip;<\/p>\n","protected":false},"author":1,"featured_media":3802,"comment_status":"open","ping_status":"open","sticky":false,"template":"","format":"standard","meta":{"footnotes":""},"categories":[1],"tags":[],"class_list":["post-3801","post","type-post","status-publish","format-standard","has-post-thumbnail","hentry","category-oglasi-mali-zvornik"],"_links":{"self":[{"href":"https:\/\/oglasi.infooglasi.rs\/oglasi\/oglasimalizvornik\/wp-json\/wp\/v2\/posts\/3801","targetHints":{"allow":["GET"]}}],"collection":[{"href":"https:\/\/oglasi.infooglasi.rs\/oglasi\/oglasimalizvornik\/wp-json\/wp\/v2\/posts"}],"about":[{"href":"https:\/\/oglasi.infooglasi.rs\/oglasi\/oglasimalizvornik\/wp-json\/wp\/v2\/types\/post"}],"author":[{"embeddable":true,"href":"https:\/\/oglasi.infooglasi.rs\/oglasi\/oglasimalizvornik\/wp-json\/wp\/v2\/users\/1"}],"replies":[{"embeddable":true,"href":"https:\/\/oglasi.infooglasi.rs\/oglasi\/oglasimalizvornik\/wp-json\/wp\/v2\/comments?post=3801"}],"version-history":[{"count":0,"href":"https:\/\/oglasi.infooglasi.rs\/oglasi\/oglasimalizvornik\/wp-json\/wp\/v2\/posts\/3801\/revisions"}],"wp:featuredmedia":[{"embeddable":true,"href":"https:\/\/oglasi.infooglasi.rs\/oglasi\/oglasimalizvornik\/wp-json\/wp\/v2\/media\/3802"}],"wp:attachment":[{"href":"https:\/\/oglasi.infooglasi.rs\/oglasi\/oglasimalizvornik\/wp-json\/wp\/v2\/media?parent=3801"}],"wp:term":[{"taxonomy":"category","embeddable":true,"href":"https:\/\/oglasi.infooglasi.rs\/oglasi\/oglasimalizvornik\/wp-json\/wp\/v2\/categories?post=3801"},{"taxonomy":"post_tag","embeddable":true,"href":"https:\/\/oglasi.infooglasi.rs\/oglasi\/oglasimalizvornik\/wp-json\/wp\/v2\/tags?post=3801"}],"curies":[{"name":"wp","href":"https:\/\/api.w.org\/{rel}","templated":true}]}}