{"id":3963,"date":"2025-01-17T07:02:27","date_gmt":"2025-01-17T06:02:27","guid":{"rendered":"https:\/\/oglasi.infooglasi.rs\/oglasi\/oglasimalocrnice\/devojka-tesko-povredjena-tokom-studentske-blokade-u-beogradu-vozac-priveden-oglasi-malo-crnice\/"},"modified":"2025-01-17T07:02:27","modified_gmt":"2025-01-17T06:02:27","slug":"devojka-tesko-povredjena-tokom-studentske-blokade-u-beogradu-vozac-priveden-oglasi-malo-crnice","status":"publish","type":"post","link":"https:\/\/oglasi.infooglasi.rs\/oglasi\/oglasimalocrnice\/devojka-tesko-povredjena-tokom-studentske-blokade-u-beogradu-vozac-priveden-oglasi-malo-crnice\/","title":{"rendered":"Devojka te\u0161ko povre\u0111ena tokom studentske blokade u Beogradu, voza\u010d priveden &#8211; OGLASI MALO CRNI\u0106E"},"content":{"rendered":"<p><\/p>\n<p>Devojka te\u0161ko povre\u0111ena u centru Beograda kada je na nju naleteo automobil tokom odavanja po\u0161te poginulima u padu nadstre\u0161nice u Novom Sadu. <\/p>\n<div>\n<figure>         <img loading=\"lazy\" decoding=\"async\" alt=\"ga\u017eenje devojke\" src=\"https:\/\/boom93.rs\/image\/cache\/extra-large\/files\/images\/1737057423.0076\" width=\"1000\" height=\"609\"\/>         <\/p>\n<footer>Fonet<\/footer><figcaption>Automobil je nosio devojku nekoliko metara, a potom je ona pala sa krova na kolovoz<\/figcaption><\/figure>\n<p><em>U tekstu su uznemiruju\u0107e fotografije<\/em><\/p>\n<p>Devojka je te\u0161ko povre\u0111ena u \u010detvrtak, 16. januara u centru Beograda kada ju je udario automobil tokom odavanja po\u0161te poginulima u padu nadstre\u0161nice na nedavno rekonstruisanoj \u017eelezni\u010dkoj stanici u Novom Sadu. <\/p>\n<p>Voza\u010d je pobegao sa lica mesta, ali je potom priveden i osumnji\u010den za krivi\u010dno delo te\u0161ko ubistvo u poku\u0161aju,<a href=\"https:\/\/beograd.vjt.rs\/aktuelnosti\/saopstenje-866\/\" target=\"_blank\" rel=\"noopener\"> saop\u0161tilo je<\/a> Vi\u0161e javno tu\u017eila\u0161tvo.<\/p>\n<p>Tu\u017eila\u0161tvo ga je identifikovalo kao M.P. iz Beograda (36 godina).<\/p>\n<p>Na snimcima se vidi kako je automobil marke \u201eford&#8221;, voze\u0107i po trotoaru, udario i nosio devojku na krovu nekoliko metara, da bi ona potom pala na asfalt.<\/p>\n<p>N1 prenosi da je re\u010d o studentkinji Pravnog fakulteta u Beogradu.<\/p>\n<p>Devojka, koja je u\u010destvovala u studentskoj blokadi raskrsnice Ruzveltove i Ulice kraljice Marije u centru Beograda, prevezena je u Urgentni centar.<\/p>\n<p>\u201ePacijentkinja je primljena u svesnom stanju. Komunikativna je i stabilnog op\u0161teg stanja. <\/p>\n<p>\u201eZbog zadobijenih povreda, u toku je dodatna dijagnostika&#8221;, saop\u0161teno je iz Klini\u010dkog centra Srbije, saop\u0161tili su iz<strong> <\/strong><a href=\"http:\/\/www.kcs.ac.rs\/\" target=\"_blank\" rel=\"noopener\"><strong>Klini\u010dk<\/strong><\/a><strong>og<\/strong><a href=\"http:\/\/www.kcs.ac.rs\/\" target=\"_blank\" rel=\"noopener\"><strong> centra Srbije<\/strong><\/a><strong>.<\/strong><\/p>\n<p>Ivica Da\u010di\u0107, ministar unutra\u0161njih poslova, saop\u0161tio je da je policija za 15 minuta pro\u0161la voza\u010da i privela ga.<\/p>\n<p>Osumnji\u010deni je i ranije evidentiran kao izvr\u0161ilac razli\u010ditih krivi\u010dnih dela i osu\u0111ivan je sedam puta, dodao je Da\u010di\u0107 u pisanoj izjavi prosle\u0111enoj medijima.<\/p>\n<p>Povre\u0111ena devojka ima 20 godina, saop\u0161tio je ministar policije.<\/p>\n<p>Incident se dogodio tokom akcije \u201eZastani, Srbijo&#8221; i petnaestominutne ti\u0161ine u kojoj studenti i gra\u0111ani odaju po\u0161tu stradalima u padu nadstre\u0161nice novosadske stanice 1. novembra.<\/p>\n<p>Odmah potom, studenti su se okupili ispred Pravnog fakulteta u Beogradu, uzvikuju\u0107i: \u201ePravda za studente&#8221;, \u201eNe\u0107ete nas gaziti&#8221; i \u201eGeneralni \u0161trajk&#8221;.<\/p>\n<p>Petar \u017divkovi\u0107, student tre\u0107e godine Pravnog fakulteta, rekao je za BBC na srpskom da je bio o\u010devidac te\u0161kog incidenta.<\/p>\n<p>\u201eStajali smo sa kolegama sa tehni\u010dkih fakulteta i odavali po\u0161tu, a onda smo za\u010duli jak udarac.<\/p>\n<p>\u201eU prvom trenutku nismo bili svesni \u0161ta se desilo, a onda smo videli na\u0161u koleginicu, bruco\u0161kinju sa Pravnog fakulteta, kako le\u017ei. Udario ju je punom silom, njemu je \u0161ofer\u0161ajbna bila razbijena&#8221;, tvrdi ovaj momak.<\/p>\n<p>Studenti su potom krenuli u protestnu \u0161etnju do republi\u010dkog tu\u017eila\u0161tva i Vrhovnog suda. <\/p>\n<figure>         <img loading=\"lazy\" decoding=\"async\" alt=\"studenti\" src=\"https:\/\/boom93.rs\/image\/cache\/extra-large\/files\/images\/1737057423.1985\" width=\"947\" height=\"710\"\/>         <\/p>\n<footer>BBC\/Slobodan Mari\u010di\u0107<\/footer><figcaption>Studentski protest ispred zgrade pravosudnih organa<\/figcaption><\/figure>\n<figure>         <img loading=\"lazy\" decoding=\"async\" alt=\"studenti, protest\" src=\"https:\/\/boom93.rs\/image\/cache\/extra-large\/files\/images\/1737057423.4095\" width=\"947\" height=\"710\"\/>         <\/p>\n<footer>BBC\/Slobodan Mari\u010di\u0107<\/footer>\n<\/figure>\n<figure>         <img loading=\"lazy\" decoding=\"async\" alt=\"protest studenata Pravnog fakulteta\" src=\"https:\/\/boom93.rs\/image\/cache\/extra-large\/files\/images\/1737057423.5927\" width=\"1500\" height=\"1125\"\/>         <\/p>\n<footer>Fonet<\/footer><figcaption>Protest studenata kod Pravnog fakulteta posle ga\u017eenja devojke<\/figcaption><\/figure>\n<p>Oni su i ranije i\u0161li do republi\u010dkog tu\u017eila\u0161tva, tra\u017ee\u0107i od glavne tu\u017eiteljke Zagorke Dolovac da objavi kompletnu dokumentaciju o rekonstrukciji novosadske \u017eelezni\u010dke stanice.<\/p>\n<p>Ispred zgrade Vrhovnog javnog tu\u017eila\u0161tva u centru Beograda, gde je i nekoliko ministarstava, studenti su podigli u vazduh stotine pisama sa zahtevom tu\u017eiteljki da \u201epo\u010dne da radi vlastiti posao&#8221; i ispuni njihove zahteve.<\/p>\n<p>Iz kabineta Zagorke Dolovac studentima je re\u010deno da odrede delegaciju predstavnika sa kojima bi vrhovna tu\u017eiteljka razgovarala, ali su studenti to odbili i uzvikivali: \u201eIspunite zahteve&#8221; i \u201eNema pregovora&#8221;.<\/p>\n<p>Vi\u0161e o tome <a href=\"https:\/\/www.bbc.com\/serbian\/articles\/c1590epj8nqo\/lat?xtor=AL-73-%5Bpartner%5D-%5Bboom93.com%5D-%5Blink%5D-%5Bserbian%5D-%5Bbizdev%5D-%5Bisapi%5D\" target=\"_blank\" rel=\"noopener\">pro\u010ditajte ovde<\/a>.<\/p>\n<p><em><strong>Pogledajte video: Hiljadu studentskih pisama za tu\u017eiteljku Zagorku Dolovac<\/strong><\/em><\/p>\n<h2>Protesti u nekoliko gradova u Srbiji<\/h2>\n<p>Tokom ve\u010deri 16. januara u nekoliko gradova \u0161irom Srbije odr\u017eani su protesti zbog napada na studentkinju u Beogradu. <\/p>\n<p>Na ulice su iza\u0161li stanovnici Kragujevca, Kraljeva i Ni\u0161a. <\/p>\n<figure>         <img loading=\"lazy\" decoding=\"async\" alt=\"Demonstranti sa protestnim plakatima u rukama \" src=\"https:\/\/boom93.rs\/image\/cache\/extra-large\/files\/images\/1737057423.8429\" width=\"1500\" height=\"843\"\/>         <\/p>\n<footer>Fonet<\/footer><figcaption>Protestna \u0161etnja u Kraljevu 16. januara<\/figcaption><\/figure>\n<figure>         <img loading=\"lazy\" decoding=\"async\" alt=\"Gra\u0111ani sa upaljenim telefonima tokom no\u0107ne \u0161etnje u Kraljevu\" src=\"https:\/\/boom93.rs\/image\/cache\/extra-large\/files\/images\/1737057424.2247\" width=\"1500\" height=\"843\"\/>         <\/p>\n<footer>Fonet<\/footer><figcaption>Kraljevo<\/figcaption><\/figure>\n<p>Vi\u0161enedeljne blokade fakulteta \u0161irom Srbije po\u010dele su upravo zbog sli\u010dnog incidenta pre oko dva meseca.<\/p>\n<p>Na studentsku blokadu kod Fakulteta dramskih umetnosti automobilima je naletelo nekoliko voza\u010da, nezadovoljnih \u0161to, kako su rekli, ne mogu da pro\u0111u.<\/p>\n<p>Od tada, studentski bunt se \u0161irio, a jedan od zahteva vlastima je i da krivi\u010dno odgovaraju svi koji su napadali studente i gra\u0111ane tokom blokada saobra\u0107ajnica kada se odaje po\u0161ta poginulima u Novom Sadu. <\/p>\n<p><em>Pratite nas na <\/em><a href=\"https:\/\/www.facebook.com\/BBCNewsnasrpskom\" target=\"_blank\" rel=\"noopener\"><em>Fejsbuku<\/em><\/a><em>, <\/em><a href=\"https:\/\/x.com\/bbcnasrpskom\" target=\"_blank\"><em>Tviteru<\/em><\/a><em>, <\/em><a href=\"https:\/\/www.instagram.com\/bbcnewsnasrpskom\/\" target=\"_blank\" rel=\"noopener\"><em>Instagramu<\/em><\/a><em>, <\/em><a href=\"https:\/\/www.youtube.com\/@bbcnewsnasrpskom\/videos\" target=\"_blank\" rel=\"noopener\"><em>Jutjubu<\/em><\/a><em> i <\/em><a href=\"https:\/\/invite.viber.com\/?g2=AQBkI0TIwObQ%2F05%2FHQsq%2FNA%2BAuEYxNlidvvazJnHYqbAGJhHDn0L%2BccoktcFf57s\" target=\"_blank\" rel=\"noopener\"><em>Vajberu<\/em><\/a><em>. Ako imate predlog teme za nas, javite se na <a href=\"https:\/\/boom93.rs\/cdn-cgi\/l\/email-protection\" class=\"__cf_email__\" data-cfemail=\"543636373a35272624273f3b39143636377a373b7a213f\" target=\"_blank\" rel=\"noopener\">[email\u00a0protected]<\/a><\/em><\/p>\n<p><noscript><img decoding=\"async\" src=\"https:\/\/a1.api.bbc.co.uk\/hit.xiti\/?s=598346&amp;p=serbian.articles.crlk3ynxy49o.lat.page&amp;x1=%5Burn%3Abbc%3Aoptimo%3Aasset%3Acrlk3ynxy49o%5D&amp;x4=%5Bsr-latn%5D&amp;x5=%5Bhttps%3A%2F%2Fwww.bbc.com%2Fserbian%2Farticles%2Fcrlk3ynxy49o%2Flat%5D&amp;x7=%5Barticle%5D&amp;x8=%5Bsynd_nojs_ISAPI%5D&amp;x9=%5BDevojka+te%C5%A1ko+povre%C4%91ena+tokom+studentske+blokade+u+Beogradu%2C+voza%C4%8D++priveden%5D&amp;x11=%5B2025-01-16T14%3A04%3A48.192Z%5D&amp;x12=%5B2025-01-16T19%3A55%3A34.316Z%5D&amp;x19=%5Bboom93.com%5D\"\/><\/noscript>\n                        <\/div>\n<p><script async defer src=\"https:\/\/platform.instagram.com\/en_US\/embeds.js\"><\/script><br \/>\n<br \/><a href=\"https:\/\/boom93.rs\/article\/28542\/devojka-tesko-povredena-tokom-studentske-blokade-u-beogradu-vozac-priveden\" target=\"_blank\" rel=\"noopener\">Source link <\/a><br \/>\n\n Devojka te\u0161ko povre\u0111ena tokom studentske blokade u Beogradu, voza\u010d priveden<\/p>\n","protected":false},"excerpt":{"rendered":"<p>Devojka te\u0161ko povre\u0111ena u centru Beograda kada je na nju naleteo automobil tokom odavanja po\u0161te poginulima u padu nadstre\u0161nice u&hellip;<\/p>\n","protected":false},"author":1,"featured_media":3964,"comment_status":"open","ping_status":"open","sticky":false,"template":"","format":"standard","meta":{"footnotes":""},"categories":[1],"tags":[],"class_list":["post-3963","post","type-post","status-publish","format-standard","has-post-thumbnail","hentry","category-oglasi-malo-crnice"],"_links":{"self":[{"href":"https:\/\/oglasi.infooglasi.rs\/oglasi\/oglasimalocrnice\/wp-json\/wp\/v2\/posts\/3963","targetHints":{"allow":["GET"]}}],"collection":[{"href":"https:\/\/oglasi.infooglasi.rs\/oglasi\/oglasimalocrnice\/wp-json\/wp\/v2\/posts"}],"about":[{"href":"https:\/\/oglasi.infooglasi.rs\/oglasi\/oglasimalocrnice\/wp-json\/wp\/v2\/types\/post"}],"author":[{"embeddable":true,"href":"https:\/\/oglasi.infooglasi.rs\/oglasi\/oglasimalocrnice\/wp-json\/wp\/v2\/users\/1"}],"replies":[{"embeddable":true,"href":"https:\/\/oglasi.infooglasi.rs\/oglasi\/oglasimalocrnice\/wp-json\/wp\/v2\/comments?post=3963"}],"version-history":[{"count":0,"href":"https:\/\/oglasi.infooglasi.rs\/oglasi\/oglasimalocrnice\/wp-json\/wp\/v2\/posts\/3963\/revisions"}],"wp:featuredmedia":[{"embeddable":true,"href":"https:\/\/oglasi.infooglasi.rs\/oglasi\/oglasimalocrnice\/wp-json\/wp\/v2\/media\/3964"}],"wp:attachment":[{"href":"https:\/\/oglasi.infooglasi.rs\/oglasi\/oglasimalocrnice\/wp-json\/wp\/v2\/media?parent=3963"}],"wp:term":[{"taxonomy":"category","embeddable":true,"href":"https:\/\/oglasi.infooglasi.rs\/oglasi\/oglasimalocrnice\/wp-json\/wp\/v2\/categories?post=3963"},{"taxonomy":"post_tag","embeddable":true,"href":"https:\/\/oglasi.infooglasi.rs\/oglasi\/oglasimalocrnice\/wp-json\/wp\/v2\/tags?post=3963"}],"curies":[{"name":"wp","href":"https:\/\/api.w.org\/{rel}","templated":true}]}}