{"id":3899,"date":"2024-01-25T15:16:45","date_gmt":"2024-01-25T14:16:45","guid":{"rendered":"https:\/\/oglasi.infooglasi.rs\/oglasi\/oglasimerosina\/sad-znam-sto-se-deonica-nije-otvorila-kad-je-zavrsena-oglasi-merosina\/"},"modified":"2024-01-25T15:16:45","modified_gmt":"2024-01-25T14:16:45","slug":"sad-znam-sto-se-deonica-nije-otvorila-kad-je-zavrsena-oglasi-merosina","status":"publish","type":"post","link":"https:\/\/oglasi.infooglasi.rs\/oglasi\/oglasimerosina\/sad-znam-sto-se-deonica-nije-otvorila-kad-je-zavrsena-oglasi-merosina\/","title":{"rendered":"SAD ZNAM \u0160TO SE DEONICA NIJE OTVORILA KAD JE ZAVR\u0160ENA &#8211; OGLASI MERO\u0160INA"},"content":{"rendered":"<p><\/p>\n<div>\n<p>        <!-- image --><\/p>\n<div class=\"td-post-featured-image\">\n<figure><a href=\"https:\/\/prokupljepress.rs\/wp-content\/uploads\/2023\/07\/vucic-u-merosini.jpg\" data-caption=\"Vu\u010di\u0107 obilazi deonicu auto-puta, foto:Budu\u0107nost Srbije\" target=\"_blank\" rel=\"noopener\"><img loading=\"lazy\" decoding=\"async\" width=\"640\" height=\"691\" class=\"entry-thumb td-modal-image\" src=\"https:\/\/prokupljepress.rs\/wp-content\/uploads\/2023\/07\/vucic-u-merosini-640x691.jpg\" srcset=\"https:\/\/prokupljepress.rs\/wp-content\/uploads\/2023\/07\/vucic-u-merosini-640x691.jpg 640w, https:\/\/prokupljepress.rs\/wp-content\/uploads\/2023\/07\/vucic-u-merosini-278x300.jpg 278w, https:\/\/prokupljepress.rs\/wp-content\/uploads\/2023\/07\/vucic-u-merosini-948x1024.jpg 948w, https:\/\/prokupljepress.rs\/wp-content\/uploads\/2023\/07\/vucic-u-merosini-768x829.jpg 768w, https:\/\/prokupljepress.rs\/wp-content\/uploads\/2023\/07\/vucic-u-merosini-1423x1536.jpg 1423w, https:\/\/prokupljepress.rs\/wp-content\/uploads\/2023\/07\/vucic-u-merosini-389x420.jpg 389w, https:\/\/prokupljepress.rs\/wp-content\/uploads\/2023\/07\/vucic-u-merosini-778x840.jpg 778w, https:\/\/prokupljepress.rs\/wp-content\/uploads\/2023\/07\/vucic-u-merosini-681x735.jpg 681w, https:\/\/prokupljepress.rs\/wp-content\/uploads\/2023\/07\/vucic-u-merosini.jpg 1482w\" sizes=\"auto, (max-width: 640px) 100vw, 640px\" alt=\"Vu\u010di\u0107 obilazi deonicu auto-puta, foto:Budu\u0107nost Srbije\" title=\"vucic u merosini\"\/><\/a><figcaption class=\"wp-caption-text\">Vu\u010di\u0107 obilazi deonicu auto-puta, foto:Budu\u0107nost Srbije<\/figcaption><\/figure>\n<\/div>\n<p>        <!-- content --><br \/>\n <!-- A generated by theme --> <\/p>\n<p><span class=\"td-adspot-title\">Ad<\/span><noscript id=\"td-ad-placeholder\"\/><\/p>\n<p> <!-- end A --> <\/p>\n<p>Pre neki dan tako vozim se sa zetom do Ni\u0161a i on me pita zbog \u010dega se nije otvorio ovaj deo auto-puta kod Mero\u0161ine, kada je ve\u0107 neko vreme zavr\u0161en. Rekoh da nemam pojma, ali brzo je sam od sebe stigao odgovor. \u010cekalo se da ga zvani\u010dno otvori predsednik Srbije Aleksandar Vu\u010di\u0107.<\/p>\n<p>\u00a0I bi Vu\u010di\u0107 danas sa svom svitom u otvorenom autobusu na spratu da se provoza po toj deonici. I sada mo\u017eemo i mi, ali tek po\u0161to smo do\u010dekali otvaranje 5.5 kilometara auto- puta E 80 koji je ukupne du\u017eine 77 kilometara. Ovo je zapravo prva deonica Sektora 1 Mero\u0161ina- Beloljin koja je ukupno duga 32.7 kilometara i ko\u0161ta 225.6 miliona evra. Vi\u0161e od zajma, manje od granta izvesno je da \u0107e se nekada zavr\u0161iti ceo Sektor 1, ali kada \u0107e biti gotov ceo auto-put, to se ne zna. \u010cak je i Vu\u010di\u0107 rekao voze\u0107i se u otvorenom autobusu, da treba da se skupe pare za ceo projekat! <\/p>\n<p>Nama \u0107e ova deonica, kako je epohalno preneto u medijima \u201epuno zna\u010diti\u201c. Ta\u010dno je to. Sada do Ni\u0161a ne\u0107e biti gu\u017eve, mo\u0107i \u0107e\u0161 lepo da se vozi\u0161 bez sto semafora koji ozna\u010davaju radove. Opet \u0107emo u susedni Ni\u0161 stizati br\u017ee, kao i ranije za dvadesetak minuta.<\/p>\n<p>Za sve ostalo, ko zna. Predsednik re\u010de da gledamo u budu\u0107nost, ne \u0161ta je danas.<\/p>\n<p>E pa da pogledamo\u2026<\/p>\n<p>Vidim sve manje ljudi, sve stariju populaciju, sve ve\u0107u inflaciju. Vidim sve praznije ku\u0107e, d\u017eepove, ruke. Manje odmora, vi\u0161e rada. Vidim o\u010dajne ljude koji vi\u0161e ne mogu da saose\u0107aju sa drugima, zbog izmu\u010denosti svojim mukama\u2026.Vidim jo\u0161 mnogo toga, ali ne vidim kako \u0107e nas, najsiroma\u0161nije krajeve Srbije, ovaj auto-put o\u017eiveti i ozdraviti.<\/p>\n<p>Da li Vi vidite?<\/p>\n<p>P.S. Videli su \u017ditora\u0111ani, jer su postavili \u0161tand na sred auto-puta za \u201cpromociju\u201d svoje op\u0161tine, a \u0161to im nevremena uni\u0161ti\u0161e useve od kojih \u017eive, nije va\u017eno! A da, i Prokuplje, Kur\u0161umlija i Blace imale su svoje \u0161tandove, a ja stvarno ne mogu da na\u0111em svrhu ovih ku\u0107ica na sred skromnog auto-puta sa dve trakice i zaustavnom. Na kraju, ko je bre platio svu tu nepotrebnu i nesmislenu promo ma\u0161ineriju?<\/p>\n<figure class=\"wp-block-image size-large\"><img fetchpriority=\"high\" decoding=\"async\" width=\"768\" height=\"1024\" src=\"https:\/\/prokupljepress.rs\/wp-content\/uploads\/2023\/07\/fb-1-768x1024.jpg\" alt=\"\" class=\"wp-image-1411\" srcset=\"https:\/\/prokupljepress.rs\/wp-content\/uploads\/2023\/07\/fb-1-768x1024.jpg 768w, https:\/\/prokupljepress.rs\/wp-content\/uploads\/2023\/07\/fb-1-225x300.jpg 225w, https:\/\/prokupljepress.rs\/wp-content\/uploads\/2023\/07\/fb-1-1152x1536.jpg 1152w, https:\/\/prokupljepress.rs\/wp-content\/uploads\/2023\/07\/fb-1-315x420.jpg 315w, https:\/\/prokupljepress.rs\/wp-content\/uploads\/2023\/07\/fb-1-630x840.jpg 630w, https:\/\/prokupljepress.rs\/wp-content\/uploads\/2023\/07\/fb-1-640x853.jpg 640w, https:\/\/prokupljepress.rs\/wp-content\/uploads\/2023\/07\/fb-1-681x908.jpg 681w, https:\/\/prokupljepress.rs\/wp-content\/uploads\/2023\/07\/fb-1.jpg 1200w\" sizes=\"(max-width: 768px) 100vw, 768px\"\/><\/figure>\n<p> <!-- A generated by theme --> <\/p>\n<p> <!-- end A --> <\/p><\/div>\n<p><a href=\"https:\/\/prokupljepress.rs\/2023\/07\/26\/sad-znam-sto-se-deonica-nije-otvorila-kad-je-zavrsena\/\" target=\"_blank\" rel=\"noopener\">Source link <\/a><br \/>\n\n SAD ZNAM \u0160TO SE DEONICA NIJE OTVORILA KAD JE ZAVR\u0160ENA<\/p>\n","protected":false},"excerpt":{"rendered":"<p>Vu\u010di\u0107 obilazi deonicu auto-puta, foto:Budu\u0107nost Srbije Ad Pre neki dan tako vozim se sa zetom do Ni\u0161a i on me&hellip;<\/p>\n","protected":false},"author":1,"featured_media":3900,"comment_status":"open","ping_status":"open","sticky":false,"template":"","format":"standard","meta":{"footnotes":""},"categories":[1],"tags":[],"class_list":["post-3899","post","type-post","status-publish","format-standard","has-post-thumbnail","hentry","category-oglasi-merosina"],"_links":{"self":[{"href":"https:\/\/oglasi.infooglasi.rs\/oglasi\/oglasimerosina\/wp-json\/wp\/v2\/posts\/3899","targetHints":{"allow":["GET"]}}],"collection":[{"href":"https:\/\/oglasi.infooglasi.rs\/oglasi\/oglasimerosina\/wp-json\/wp\/v2\/posts"}],"about":[{"href":"https:\/\/oglasi.infooglasi.rs\/oglasi\/oglasimerosina\/wp-json\/wp\/v2\/types\/post"}],"author":[{"embeddable":true,"href":"https:\/\/oglasi.infooglasi.rs\/oglasi\/oglasimerosina\/wp-json\/wp\/v2\/users\/1"}],"replies":[{"embeddable":true,"href":"https:\/\/oglasi.infooglasi.rs\/oglasi\/oglasimerosina\/wp-json\/wp\/v2\/comments?post=3899"}],"version-history":[{"count":0,"href":"https:\/\/oglasi.infooglasi.rs\/oglasi\/oglasimerosina\/wp-json\/wp\/v2\/posts\/3899\/revisions"}],"wp:featuredmedia":[{"embeddable":true,"href":"https:\/\/oglasi.infooglasi.rs\/oglasi\/oglasimerosina\/wp-json\/wp\/v2\/media\/3900"}],"wp:attachment":[{"href":"https:\/\/oglasi.infooglasi.rs\/oglasi\/oglasimerosina\/wp-json\/wp\/v2\/media?parent=3899"}],"wp:term":[{"taxonomy":"category","embeddable":true,"href":"https:\/\/oglasi.infooglasi.rs\/oglasi\/oglasimerosina\/wp-json\/wp\/v2\/categories?post=3899"},{"taxonomy":"post_tag","embeddable":true,"href":"https:\/\/oglasi.infooglasi.rs\/oglasi\/oglasimerosina\/wp-json\/wp\/v2\/tags?post=3899"}],"curies":[{"name":"wp","href":"https:\/\/api.w.org\/{rel}","templated":true}]}}