{"id":4064,"date":"2024-11-20T00:20:01","date_gmt":"2024-11-19T23:20:01","guid":{"rendered":"https:\/\/oglasi.infooglasi.rs\/oglasi\/oglasimerosina\/proslavljena-sveta-elizabeta-ugarska-praznik-katolickih-vernika-u-opovu-oglasi-merosina\/"},"modified":"2024-11-20T00:20:01","modified_gmt":"2024-11-19T23:20:01","slug":"proslavljena-sveta-elizabeta-ugarska-praznik-katolickih-vernika-u-opovu-oglasi-merosina","status":"publish","type":"post","link":"https:\/\/oglasi.infooglasi.rs\/oglasi\/oglasimerosina\/proslavljena-sveta-elizabeta-ugarska-praznik-katolickih-vernika-u-opovu-oglasi-merosina\/","title":{"rendered":"Proslavljena Sveta Elizabeta Ugarska, praznik katoli\u010dkih vernika U Opovu &#8211; OGLASI MERO\u0160INA"},"content":{"rendered":"<p><\/p>\n<div>\n<h5><strong>OPOVO \u2013 U prisustvu brojnih gostiju i zvanica, u sve\u010danoj atmosferi danas je u Opovu proslavljen Kirbaj, dan za\u0161titinice opova\u010dke katoli\u010dke crkve Svete Elizabete Ugarske.<\/strong><\/h5>\n<p>Pored vernika, na svetoj misi, prisustvovala je predsednica op\u0161tine Anka Simin Damjanov sa svojim saradnicima iz kabineta, Op\u0161tinske uprave Opovo i Sklup\u0161tine op\u0161tine Opovo, kao i predstavnici Udruge banatskih Hrvata, Sredi\u0161njeg dr\u017eavnog ureda Hrvata izvan Republike Hrvatske, Doma zdravlja Opovo i i Osnovne \u0161kole \u201eDositej Obradovi\u0107\u201c.<\/p>\n<p>Predsednik Crkvenog odbora katoli\u010dke \u017eupe Opovo \u017deljko Horvat je pozdravio sve goste koji su danas uveli\u010dalii praznik i zahvalio se svim donatorima koji su poslednjih godina doprineli\u00a0 renoviranju i sanaciji crkve i \u017eupnog doma u Opovu.<\/p>\n<p><img fetchpriority=\"high\" decoding=\"async\" class=\"aligncenter wp-image-650130 size-full\" alt=\"\" width=\"1008\" height=\"673\" srcset=\"https:\/\/vojvodinauzivo.rs\/wp-content\/uploads\/2024\/11\/DSC_6685.jpg 1008w, https:\/\/vojvodinauzivo.rs\/wp-content\/uploads\/2024\/11\/DSC_6685-300x200.jpg 300w, https:\/\/vojvodinauzivo.rs\/wp-content\/uploads\/2024\/11\/DSC_6685-768x513.jpg 768w\" data-lazy-sizes=\"(max-width: 1008px) 100vw, 1008px\" src=\"https:\/\/vojvodinauzivo.rs\/wp-content\/uploads\/2024\/11\/DSC_6685.jpg\"\/><noscript><img fetchpriority=\"high\" decoding=\"async\" class=\"aligncenter wp-image-650130 size-full\" src=\"https:\/\/vojvodinauzivo.rs\/wp-content\/uploads\/2024\/11\/DSC_6685.jpg\" alt=\"\" width=\"1008\" height=\"673\" srcset=\"https:\/\/vojvodinauzivo.rs\/wp-content\/uploads\/2024\/11\/DSC_6685.jpg 1008w, https:\/\/vojvodinauzivo.rs\/wp-content\/uploads\/2024\/11\/DSC_6685-300x200.jpg 300w, https:\/\/vojvodinauzivo.rs\/wp-content\/uploads\/2024\/11\/DSC_6685-768x513.jpg 768w\" sizes=\"(max-width: 1008px) 100vw, 1008px\"\/><\/noscript><\/p>\n<p>Predsednica op\u0161tine Opovo Anka Simin Danjanov je svim vernicima katoli\u010dke veroispovesti \u010destitala praznik i istakla versku i etni\u010dku toleranciju i povezanost kao primer zajednicae koja dobro funkcioni\u0161e.<\/p>\n<p>Izaslanik predsednice Hrvatskog nacionalnog vije\u0107a u Republici Srbiji Goran Kauri\u0107 \u00a0je istakao rad Udruge banatskih Hrvata Opovo i Sredi\u0161njeg dr\u017eavnog ureda Hrvata izvan republike Hrvatske, kao i lokalne samouprave koja je sufinansirala projekte u renoviranju objekata katoli\u010dke \u017eupe Opovo.<\/p>\n<p>Nakon svete mise za vernike, goste i zvanice odra\u017eana je sve\u010danost u renoviranomn \u017eupnom domu u Opovu.<\/p>\n<\/p><\/div>\n<p><script type=\"rocketlazyloadscript\">\n!function(f,b,e,v,n,t,s)\n{if(f.fbq)return;n=f.fbq=function(){n.callMethod?\nn.callMethod.apply(n,arguments):n.queue.push(arguments)};\nif(!f._fbq)f._fbq=n;n.push=n;n.loaded=!0;n.version='2.0';\nn.queue=[];t=b.createElement(e);t.async=!0;\nt.src=v;s=b.getElementsByTagName(e)[0];\ns.parentNode.insertBefore(t,s)}(window,document,'script',\n'https:\/\/connect.facebook.net\/en_US\/fbevents.js');\nfbq('init', '3029724074022447'); \nfbq('track', 'PageView');\n<\/script><br \/>\n<br \/><a href=\"https:\/\/vojvodinauzivo.rs\/proslavljena-sveta-elizabeta-ugarska-praznik-katolickih-vernika-u-opovu\/\" target=\"_blank\" rel=\"noopener\">Source link <\/a><br \/>\n\n Proslavljena Sveta Elizabeta Ugarska, praznik katoli\u010dkih vernika U Opovu<\/p>\n","protected":false},"excerpt":{"rendered":"<p>OPOVO \u2013 U prisustvu brojnih gostiju i zvanica, u sve\u010danoj atmosferi danas je u Opovu proslavljen Kirbaj, dan za\u0161titinice opova\u010dke&hellip;<\/p>\n","protected":false},"author":1,"featured_media":4065,"comment_status":"open","ping_status":"open","sticky":false,"template":"","format":"standard","meta":{"footnotes":""},"categories":[1],"tags":[],"class_list":["post-4064","post","type-post","status-publish","format-standard","has-post-thumbnail","hentry","category-oglasi-merosina"],"_links":{"self":[{"href":"https:\/\/oglasi.infooglasi.rs\/oglasi\/oglasimerosina\/wp-json\/wp\/v2\/posts\/4064","targetHints":{"allow":["GET"]}}],"collection":[{"href":"https:\/\/oglasi.infooglasi.rs\/oglasi\/oglasimerosina\/wp-json\/wp\/v2\/posts"}],"about":[{"href":"https:\/\/oglasi.infooglasi.rs\/oglasi\/oglasimerosina\/wp-json\/wp\/v2\/types\/post"}],"author":[{"embeddable":true,"href":"https:\/\/oglasi.infooglasi.rs\/oglasi\/oglasimerosina\/wp-json\/wp\/v2\/users\/1"}],"replies":[{"embeddable":true,"href":"https:\/\/oglasi.infooglasi.rs\/oglasi\/oglasimerosina\/wp-json\/wp\/v2\/comments?post=4064"}],"version-history":[{"count":0,"href":"https:\/\/oglasi.infooglasi.rs\/oglasi\/oglasimerosina\/wp-json\/wp\/v2\/posts\/4064\/revisions"}],"wp:featuredmedia":[{"embeddable":true,"href":"https:\/\/oglasi.infooglasi.rs\/oglasi\/oglasimerosina\/wp-json\/wp\/v2\/media\/4065"}],"wp:attachment":[{"href":"https:\/\/oglasi.infooglasi.rs\/oglasi\/oglasimerosina\/wp-json\/wp\/v2\/media?parent=4064"}],"wp:term":[{"taxonomy":"category","embeddable":true,"href":"https:\/\/oglasi.infooglasi.rs\/oglasi\/oglasimerosina\/wp-json\/wp\/v2\/categories?post=4064"},{"taxonomy":"post_tag","embeddable":true,"href":"https:\/\/oglasi.infooglasi.rs\/oglasi\/oglasimerosina\/wp-json\/wp\/v2\/tags?post=4064"}],"curies":[{"name":"wp","href":"https:\/\/api.w.org\/{rel}","templated":true}]}}