{"id":4058,"date":"2024-01-07T12:44:24","date_gmt":"2024-01-07T11:44:24","guid":{"rendered":"https:\/\/oglasi.infooglasi.rs\/oglasi\/oglasinismedijana\/izvestaj-sa-55-medjunarodnog-sajma-automobila-u-beogradu-oglasi-medijana\/"},"modified":"2024-01-07T12:44:24","modified_gmt":"2024-01-07T11:44:24","slug":"izvestaj-sa-55-medjunarodnog-sajma-automobila-u-beogradu-oglasi-medijana","status":"publish","type":"post","link":"https:\/\/oglasi.infooglasi.rs\/oglasi\/oglasinismedijana\/izvestaj-sa-55-medjunarodnog-sajma-automobila-u-beogradu-oglasi-medijana\/","title":{"rendered":"Izve\u0161taj sa 55. me\u0111unarodnog sajma automobila u Beogradu &#8211; OGLASI MEDIJANA"},"content":{"rendered":"<p><\/p>\n<div>\n<p>Kapije Beogradskog sajma otvorile su se za posetioce u petak 22. marta u 10 \u010dasova. Posetioci u mogli da vide novitete iz automobilske industrije kao i mno\u0161tvo opreme za automobile i servise.<\/p>\n<p>Po\u010dev\u0161i od hale broj 1, publika je mogla da vidi najnovije modele \u0160KODE, VOLKSWAGENA, OPELA, TOYOTE, PEUGEOTA, CITROENA, HYUNDAIJA, dok je hala 1A bila namenjena za proizvo\u0111a\u010de delova za automobile i &#8221;handmade&#8221; vozila. <\/p>\n<figure class=\"wp-block-image size-large\"><a href=\"http:\/\/www.autostart.co.rs\/cms\/wp-content\/uploads\/2023\/04\/DSC_0367-scaled.jpg\" target=\"_blank\" rel=\"noopener\"><img loading=\"lazy\" decoding=\"async\" width=\"1024\" height=\"683\" src=\"http:\/\/www.autostart.co.rs\/cms\/wp-content\/uploads\/2023\/04\/DSC_0367-1024x683.jpg\" alt=\"\" class=\"wp-image-12691\" srcset=\"http:\/\/www.autostart.co.rs\/cms\/wp-content\/uploads\/2023\/04\/DSC_0367-1024x683.jpg 1024w, http:\/\/www.autostart.co.rs\/cms\/wp-content\/uploads\/2023\/04\/DSC_0367-300x200.jpg 300w, http:\/\/www.autostart.co.rs\/cms\/wp-content\/uploads\/2023\/04\/DSC_0367-768x512.jpg 768w, http:\/\/www.autostart.co.rs\/cms\/wp-content\/uploads\/2023\/04\/DSC_0367-1536x1025.jpg 1536w, http:\/\/www.autostart.co.rs\/cms\/wp-content\/uploads\/2023\/04\/DSC_0367-2048x1367.jpg 2048w\" sizes=\"auto, (max-width: 1024px) 100vw, 1024px\"\/><\/a><\/figure>\n<p>Nakon hale 1 i 1A dolazimo u na\u0161u halu, gde je bila izlo\u017eena gara\u017ena oprema i oprema za servise. Na nivou A su pored mnogih izglaga\u010da, bili i \u0161tandovi Ministarstva unutra\u0161njih poslova i Puteva Srbije gde je publika mogla da porazgovara sa prisutnima o naj\u010de\u0161\u0107im problemima na drumovima. Sa nivo A, sa spu\u0161tamo na nivo B, gde je bio najpose\u0107eniji \u0161tand beogradskog sajma, \u0161tand AutoStarta.<\/p>\n<figure class=\"wp-block-image size-large\"><a href=\"http:\/\/www.autostart.co.rs\/cms\/wp-content\/uploads\/2023\/04\/DSC_0316-scaled.jpg\" target=\"_blank\" rel=\"noopener\"><img decoding=\"async\" loading=\"lazy\" width=\"1024\" height=\"683\" src=\"http:\/\/www.autostart.co.rs\/cms\/wp-content\/uploads\/2023\/04\/DSC_0316-1024x683.jpg\" alt=\"\" class=\"wp-image-12687\" srcset=\"http:\/\/www.autostart.co.rs\/cms\/wp-content\/uploads\/2023\/04\/DSC_0316-1024x683.jpg 1024w, http:\/\/www.autostart.co.rs\/cms\/wp-content\/uploads\/2023\/04\/DSC_0316-300x200.jpg 300w, http:\/\/www.autostart.co.rs\/cms\/wp-content\/uploads\/2023\/04\/DSC_0316-768x512.jpg 768w, http:\/\/www.autostart.co.rs\/cms\/wp-content\/uploads\/2023\/04\/DSC_0316-1536x1025.jpg 1536w, http:\/\/www.autostart.co.rs\/cms\/wp-content\/uploads\/2023\/04\/DSC_0316-2048x1367.jpg 2048w\" sizes=\"auto, (max-width: 1024px) 100vw, 1024px\"\/><\/a><\/figure>\n<p>Na na\u0161em \u0161tandu ste ove godine mogli videti <strong>SERVISNE KLIMA STANICE<\/strong>, svu propratnu opremu za servisiranje klima sistema na vozilima, alat i ne\u0161to \u0161to je idalje dosta sve\u017ee kod nas u ponudi, <strong>PUNJA\u010cI ZA ELEKTRI\u010cNA VOZILA<\/strong>. Punja\u010di su privukli pa\u017enju mnogo ljudi, \u0161to je i o\u010dekivano, jer ipak, polako ulazimo u vreme elektri\u010dnih vozila kojih sve vi\u0161e ima na na\u0161im ulicama.<\/p>\n<p>Hala broj 3 je bila rezervisana za AUDI, MERCEDES, BMW, MINI, PORSCHE i MASERATI. U hali 3 se nalazio najskuplji auto na ovogodi\u0161njem sajmu, u pitanju je Maserati MC 20, koji je ko\u0161tao neverovatnih 289.000\u20ac i prodat je ve\u0107 prvog dana sajma.<\/p>\n<figure class=\"wp-block-image size-large\"><a href=\"http:\/\/www.autostart.co.rs\/cms\/wp-content\/uploads\/2023\/04\/DSC_0308-scaled.jpg\" target=\"_blank\" rel=\"noopener\"><img decoding=\"async\" loading=\"lazy\" width=\"1024\" height=\"683\" src=\"http:\/\/www.autostart.co.rs\/cms\/wp-content\/uploads\/2023\/04\/DSC_0308-1024x683.jpg\" alt=\"\" class=\"wp-image-12689\" srcset=\"http:\/\/www.autostart.co.rs\/cms\/wp-content\/uploads\/2023\/04\/DSC_0308-1024x683.jpg 1024w, http:\/\/www.autostart.co.rs\/cms\/wp-content\/uploads\/2023\/04\/DSC_0308-300x200.jpg 300w, http:\/\/www.autostart.co.rs\/cms\/wp-content\/uploads\/2023\/04\/DSC_0308-768x512.jpg 768w, http:\/\/www.autostart.co.rs\/cms\/wp-content\/uploads\/2023\/04\/DSC_0308-1536x1025.jpg 1536w, http:\/\/www.autostart.co.rs\/cms\/wp-content\/uploads\/2023\/04\/DSC_0308-2048x1367.jpg 2048w\" sizes=\"auto, (max-width: 1024px) 100vw, 1024px\"\/><\/a><\/figure>\n<p>U prolazu iz hale 2 u halu 3, gde se nalazi hala 3A je bio sme\u0161ten teretni program, gde su bili izlo\u017eeni IVECO, FORD, ISUZU, MERCEDESOV kombi. Najve\u0107a atrakcija je bio Isuzuov terenac D-MAX koji je bio prelepljen &#8221;transformers&#8221; folijom i time privukao mnogobrojnu decu i njihove roditelje.<\/p>\n<p>Za ljubitelje dvoto\u010dka\u0161a je bila rezervisana hala broj 4, tamo su mogli prona\u0107i neke od najnovijih modela BENELLI, CF MOTO proizvo\u0111a\u010da koji polako osvajaju moto tr\u017ei\u0161te, a tu su naravno bili i &#8221;oldschool&#8221; proizvo\u0111a\u010di kao \u0161to su SUZUKI, DUCATI, KAWASAKI, KTM. Posetioci su pored motorcikala mogli i da pazare kompletnu opremu za motore, po\u010dev\u0161i od kaciga, odela, rukavica, pa sve do najmanjih nalepnica i dekoracija za motor.<\/p>\n<figure class=\"wp-block-image size-large\"><a href=\"http:\/\/www.autostart.co.rs\/cms\/wp-content\/uploads\/2023\/04\/DSC_0216-scaled.jpg\" target=\"_blank\" rel=\"noopener\"><img decoding=\"async\" loading=\"lazy\" width=\"1024\" height=\"683\" src=\"http:\/\/www.autostart.co.rs\/cms\/wp-content\/uploads\/2023\/04\/DSC_0216-1024x683.jpg\" alt=\"\" class=\"wp-image-12690\" srcset=\"http:\/\/www.autostart.co.rs\/cms\/wp-content\/uploads\/2023\/04\/DSC_0216-1024x683.jpg 1024w, http:\/\/www.autostart.co.rs\/cms\/wp-content\/uploads\/2023\/04\/DSC_0216-300x200.jpg 300w, http:\/\/www.autostart.co.rs\/cms\/wp-content\/uploads\/2023\/04\/DSC_0216-768x512.jpg 768w, http:\/\/www.autostart.co.rs\/cms\/wp-content\/uploads\/2023\/04\/DSC_0216-1536x1025.jpg 1536w, http:\/\/www.autostart.co.rs\/cms\/wp-content\/uploads\/2023\/04\/DSC_0216-2048x1367.jpg 2048w\" sizes=\"auto, (max-width: 1024px) 100vw, 1024px\"\/><\/a><\/figure>\n<p>Ovogodi\u0161nji sajam je trajao do utorka, 28. marta. O\u010dekivano, najvi\u0161e posetioca je bilo u toku vikenda, ali na na\u0161em \u0161tandu ni\u0161ta manje nije bilo ni radnim danima. Uz na\u0161e ljubazne, raspolo\u017eene i uvek nasmejane kolege, kao i &#8221;Njegu\u0161ki pr\u0161ut&#8221; retko ko je mogao da ne zastane pored na\u0161eg \u0161tanda. Mi smo ovogodi\u0161njim izlaganjem na beogradskom sajmu izuzetno zadovoljni, a nadamo se da \u0107emo mo\u0107i da opravdamo o\u010dekivanja i na narednim sajmovima.<\/p>\n<p>Va\u0161 AutoStart.<\/p>\n<\/p><\/div>\n<p><script type=\"text\/javascript\">\n\t\t\t(function(d){\n\t\t\t\tvar js, id = \"facebook-jssdk\",\n\t\t\t\tref = d.getElementsByTagName(\"script\")[0];\n\t\t\t\tif (d.getElementById(id)){\n\t\t\t\t\treturn;\n\t\t\t\t}\n\t\t\t\tjs = d.createElement(\"script\"); \n\t\t\t\tjs.id = id; js.async = true;\n\t\t\t\tjs.src = \"http:\/\/connect.facebook.net\/en_US\/all.js\";\n\t\t\t\tref.parentNode.insertBefore(js, ref);\n\t\t\t}(document));<\/script><br \/>\n<br \/><a href=\"http:\/\/www.autostart.co.rs\/izvestaj-sa-55-medunarodnog-sajma-automobila-u-beogradu\/\" target=\"_blank\" rel=\"noopener\">Source link <\/a><br \/>\n\n Izve\u0161taj sa 55. me\u0111unarodnog sajma automobila u Beogradu<\/p>\n","protected":false},"excerpt":{"rendered":"<p>Kapije Beogradskog sajma otvorile su se za posetioce u petak 22. marta u 10 \u010dasova. Posetioci u mogli da vide&hellip;<\/p>\n","protected":false},"author":1,"featured_media":4059,"comment_status":"open","ping_status":"open","sticky":false,"template":"","format":"standard","meta":{"footnotes":""},"categories":[1],"tags":[],"class_list":["post-4058","post","type-post","status-publish","format-standard","has-post-thumbnail","hentry","category-oglasi-medijana"],"_links":{"self":[{"href":"https:\/\/oglasi.infooglasi.rs\/oglasi\/oglasinismedijana\/wp-json\/wp\/v2\/posts\/4058","targetHints":{"allow":["GET"]}}],"collection":[{"href":"https:\/\/oglasi.infooglasi.rs\/oglasi\/oglasinismedijana\/wp-json\/wp\/v2\/posts"}],"about":[{"href":"https:\/\/oglasi.infooglasi.rs\/oglasi\/oglasinismedijana\/wp-json\/wp\/v2\/types\/post"}],"author":[{"embeddable":true,"href":"https:\/\/oglasi.infooglasi.rs\/oglasi\/oglasinismedijana\/wp-json\/wp\/v2\/users\/1"}],"replies":[{"embeddable":true,"href":"https:\/\/oglasi.infooglasi.rs\/oglasi\/oglasinismedijana\/wp-json\/wp\/v2\/comments?post=4058"}],"version-history":[{"count":0,"href":"https:\/\/oglasi.infooglasi.rs\/oglasi\/oglasinismedijana\/wp-json\/wp\/v2\/posts\/4058\/revisions"}],"wp:featuredmedia":[{"embeddable":true,"href":"https:\/\/oglasi.infooglasi.rs\/oglasi\/oglasinismedijana\/wp-json\/wp\/v2\/media\/4059"}],"wp:attachment":[{"href":"https:\/\/oglasi.infooglasi.rs\/oglasi\/oglasinismedijana\/wp-json\/wp\/v2\/media?parent=4058"}],"wp:term":[{"taxonomy":"category","embeddable":true,"href":"https:\/\/oglasi.infooglasi.rs\/oglasi\/oglasinismedijana\/wp-json\/wp\/v2\/categories?post=4058"},{"taxonomy":"post_tag","embeddable":true,"href":"https:\/\/oglasi.infooglasi.rs\/oglasi\/oglasinismedijana\/wp-json\/wp\/v2\/tags?post=4058"}],"curies":[{"name":"wp","href":"https:\/\/api.w.org\/{rel}","templated":true}]}}