{"id":4115,"date":"2024-02-24T10:58:05","date_gmt":"2024-02-24T09:58:05","guid":{"rendered":"https:\/\/oglasi.infooglasi.rs\/oglasi\/oglasinismedijana\/sajam-automobila-u-beogradu-prikolice-nis-rs-oglasi-medijana\/"},"modified":"2024-02-24T10:58:05","modified_gmt":"2024-02-24T09:58:05","slug":"sajam-automobila-u-beogradu-prikolice-nis-rs-oglasi-medijana","status":"publish","type":"post","link":"https:\/\/oglasi.infooglasi.rs\/oglasi\/oglasinismedijana\/sajam-automobila-u-beogradu-prikolice-nis-rs-oglasi-medijana\/","title":{"rendered":"SAJAM AUTOMOBILA U BEOGRADU \u2013 prikolice-nis.rs &#8211; OGLASI MEDIJANA"},"content":{"rendered":"<p><\/p>\n<div id=\"post-9323\">\n<header class=\"entry-header\">\n<p>\t\t\t\t<!-- .entry-meta --><\/p>\n<div class=\"entry-thumb\"><img loading=\"lazy\" width=\"790\" height=\"328\" src=\"https:\/\/www.prikolice-nis.rs\/wp-content\/uploads\/2023\/03\/Opera-Snapshot_2023-03-16_221512_sajam.rs_-790x328.png\" class=\"attachment-screenr-blog-list size-screenr-blog-list wp-post-image\" alt=\"\" decoding=\"async\"\/><\/div>\n<\/header>\n<p><!-- .entry-header --><\/p>\n<div class=\"entry-content\">\n<p>Imamo \u010dast da budemo doma\u0107ini na \u0161tandu VESTA TRAILERS 22. marta. Posetite nas ili pozovite i iskoristite sajamske povoljnosti.<\/p>\n<p>Prodaja u firmi ne\u0107e raditi 21.3. posle 14h i 22-23.3. ceo dan zbog odlaska na sajam. U tom periodu mo\u017eete rezervisati prikolicu i iskoristiti sajamske povoljnost.<\/p>\n<p>O\u010dekujemo vas na sajmu. Dobrodo\u0161li !<\/p>\n<figure class=\"wp-block-image size-large\"><img loading=\"lazy\" decoding=\"async\" width=\"709\" height=\"800\" src=\"https:\/\/www.prikolice-nis.rs\/wp-content\/uploads\/2023\/03\/SAJAM-BEOGRAD-SLIKA-manja-709x800.jpg\" alt=\"\" class=\"wp-image-9324\" srcset=\"https:\/\/www.prikolice-nis.rs\/wp-content\/uploads\/2023\/03\/SAJAM-BEOGRAD-SLIKA-manja-709x800.jpg 709w, https:\/\/www.prikolice-nis.rs\/wp-content\/uploads\/2023\/03\/SAJAM-BEOGRAD-SLIKA-manja-266x300.jpg 266w, https:\/\/www.prikolice-nis.rs\/wp-content\/uploads\/2023\/03\/SAJAM-BEOGRAD-SLIKA-manja-768x867.jpg 768w, https:\/\/www.prikolice-nis.rs\/wp-content\/uploads\/2023\/03\/SAJAM-BEOGRAD-SLIKA-manja-1361x1536.jpg 1361w, https:\/\/www.prikolice-nis.rs\/wp-content\/uploads\/2023\/03\/SAJAM-BEOGRAD-SLIKA-manja-600x677.jpg 600w, https:\/\/www.prikolice-nis.rs\/wp-content\/uploads\/2023\/03\/SAJAM-BEOGRAD-SLIKA-manja.jpg 1363w\" sizes=\"auto, (max-width: 709px) 100vw, 709px\"\/><\/figure>\n<\/p><\/div>\n<p><!-- .entry-content --><\/p>\n<footer class=\"entry-footer\">\n\t\t<span class=\"cat-links\">Posted in <a href=\"https:\/\/www.prikolice-nis.rs\/category\/akcija\/\" rel=\"category tag noopener\" target=\"_blank\">AKCIJA<\/a>, <a href=\"https:\/\/www.prikolice-nis.rs\/category\/sajam-automobila\/\" rel=\"category tag noopener\" target=\"_blank\">sajam automobila<\/a><\/span><span class=\"tags-links\">Tagged <a href=\"https:\/\/www.prikolice-nis.rs\/tag\/akcija\/\" rel=\"tag noopener\" target=\"_blank\">akcija<\/a>, <a href=\"https:\/\/www.prikolice-nis.rs\/tag\/atuto-prikolice-akcija\/\" rel=\"tag noopener\" target=\"_blank\">atuto prikolice akcija<\/a>, <a href=\"https:\/\/www.prikolice-nis.rs\/tag\/auto-prikolice\/\" rel=\"tag noopener\" target=\"_blank\">auto prikolice<\/a>, <a href=\"https:\/\/www.prikolice-nis.rs\/tag\/prikolice\/\" rel=\"tag noopener\" target=\"_blank\">prikolice<\/a><\/span>\t<\/footer>\n<p><!-- .entry-footer -->\n<\/div>\n<p><script>\n                    (function(d, s, id) {\n                        var js, fjs = d.getElementsByTagName(s)[0];\n                        if (d.getElementById(id)) return;\n                        js = d.createElement(s);\n                        js.id = id;\n                        js.src = \"\/\/connect.facebook.net\/en_US\/sdk.js#xfbml=1&version=v2.5\";\n                        fjs.parentNode.insertBefore(js, fjs);\n                    }(document, 'script', 'facebook-jssdk'));\n                <\/script><br \/>\n<br \/><a href=\"https:\/\/www.prikolice-nis.rs\/sajam-automobila-u-beogradu\/\" target=\"_blank\" rel=\"noopener\">Source link <\/a><br \/>\n\n SAJAM AUTOMOBILA U BEOGRADU \u2013 prikolice-nis.rs<\/p>\n","protected":false},"excerpt":{"rendered":"<p>Imamo \u010dast da budemo doma\u0107ini na \u0161tandu VESTA TRAILERS 22. marta. Posetite nas ili pozovite i iskoristite sajamske povoljnosti. Prodaja&hellip;<\/p>\n","protected":false},"author":1,"featured_media":4116,"comment_status":"open","ping_status":"open","sticky":false,"template":"","format":"standard","meta":{"footnotes":""},"categories":[1],"tags":[],"class_list":["post-4115","post","type-post","status-publish","format-standard","has-post-thumbnail","hentry","category-oglasi-medijana"],"_links":{"self":[{"href":"https:\/\/oglasi.infooglasi.rs\/oglasi\/oglasinismedijana\/wp-json\/wp\/v2\/posts\/4115","targetHints":{"allow":["GET"]}}],"collection":[{"href":"https:\/\/oglasi.infooglasi.rs\/oglasi\/oglasinismedijana\/wp-json\/wp\/v2\/posts"}],"about":[{"href":"https:\/\/oglasi.infooglasi.rs\/oglasi\/oglasinismedijana\/wp-json\/wp\/v2\/types\/post"}],"author":[{"embeddable":true,"href":"https:\/\/oglasi.infooglasi.rs\/oglasi\/oglasinismedijana\/wp-json\/wp\/v2\/users\/1"}],"replies":[{"embeddable":true,"href":"https:\/\/oglasi.infooglasi.rs\/oglasi\/oglasinismedijana\/wp-json\/wp\/v2\/comments?post=4115"}],"version-history":[{"count":0,"href":"https:\/\/oglasi.infooglasi.rs\/oglasi\/oglasinismedijana\/wp-json\/wp\/v2\/posts\/4115\/revisions"}],"wp:featuredmedia":[{"embeddable":true,"href":"https:\/\/oglasi.infooglasi.rs\/oglasi\/oglasinismedijana\/wp-json\/wp\/v2\/media\/4116"}],"wp:attachment":[{"href":"https:\/\/oglasi.infooglasi.rs\/oglasi\/oglasinismedijana\/wp-json\/wp\/v2\/media?parent=4115"}],"wp:term":[{"taxonomy":"category","embeddable":true,"href":"https:\/\/oglasi.infooglasi.rs\/oglasi\/oglasinismedijana\/wp-json\/wp\/v2\/categories?post=4115"},{"taxonomy":"post_tag","embeddable":true,"href":"https:\/\/oglasi.infooglasi.rs\/oglasi\/oglasinismedijana\/wp-json\/wp\/v2\/tags?post=4115"}],"curies":[{"name":"wp","href":"https:\/\/api.w.org\/{rel}","templated":true}]}}