{"id":4146,"date":"2023-10-28T08:28:38","date_gmt":"2023-10-28T06:28:38","guid":{"rendered":"https:\/\/oglasi.infooglasi.rs\/oglasi\/oglasinispantelej\/poziv-na-seminar-fizicko-vezbanje-dece-sa-ostecenjem-vida-primeri-dobre-prakse-glas-za-jednakost-osobe-sa-invaliditetom-osi-vesti-oglasi-pantelej\/"},"modified":"2023-10-28T08:28:38","modified_gmt":"2023-10-28T06:28:38","slug":"poziv-na-seminar-fizicko-vezbanje-dece-sa-ostecenjem-vida-primeri-dobre-prakse-glas-za-jednakost-osobe-sa-invaliditetom-osi-vesti-oglasi-pantelej","status":"publish","type":"post","link":"https:\/\/oglasi.infooglasi.rs\/oglasi\/oglasinispantelej\/poziv-na-seminar-fizicko-vezbanje-dece-sa-ostecenjem-vida-primeri-dobre-prakse-glas-za-jednakost-osobe-sa-invaliditetom-osi-vesti-oglasi-pantelej\/","title":{"rendered":"Poziv na seminar FIZI\u010cKO VE\u017dBANjE DECE SA O\u0160TE\u0106ENjEM VIDA \u2013 PRIMERI DOBRE PRAKSE &#8211; Glas za jednakost | Osobe sa invaliditetom | OSI | Vesti &#8211; OGLASI PANTELEJ"},"content":{"rendered":"<p><\/p>\n<div>\n<p>\u00a0<\/p>\n<p>\u00a0<\/p>\n<p class=\"m_-7708013099082298373gmail-msonormal\"><span lang=\"RU\">Asocijacija adaptivnog plivanja Srbije<\/span><span lang=\"RU\">\u00a0 \u2013 ADAPTS\u00a0<\/span><span lang=\"RU\">uz pomo\u0107<\/span><span lang=\"RU\">\u00a0Fakulteta sporta i fizi\u010dkog vaspitanja Univerziteta u Ni\u0161u\u00a0\u2013 FSFV\u00a0<\/span><span lang=\"RU\">i\u00a0<\/span><span lang=\"RU\">GO Pantelej Ni\u0161\u00a0<\/span><span lang=\"RU\">i\u00a0u saradnji sa\u00a0Savezom slepih Srbije, Nacionalnim sportskim savezom slepih i slabovidih, Paraolimpijskim komitetom Srbije, Pliva\u010dkim savezom Srbije i Srpskim pliva\u010dkim savezom za osobe sa invaliditetom,\u00a0po \u0161esti put organizuje seminar iz adaptivnog plivanja i adaptivnog fizi\u010dkog ve\u017ebanja uop\u0161te. Ovoga puta \u0107e sadr\u017eaji seminara biti namenjeni pliva\u010dkim trenerima, nastavnicima fizi\u010dkog vaspitanja, specijalnim edukatorima i rehabilitatorima i fizioterapeutima, kako bi usvojili nova znanja iz obuke fizi\u010dkog ve\u017ebanja i plivanja dece sa o\u0161te\u0107enjem vida.\u00a0<\/span><span lang=\"sr-Cyrl\">Jednodnevni\u00a0<\/span><span lang=\"RU\">seminar se sastoji iz teoretskih predavanja i interaktivne tribine.<\/span><\/p>\n<p class=\"m_-7708013099082298373gmail-msonormal\"><span lang=\"RU\">Predava\u010di i u\u010desnici debate \u0107e biti autoriteti iz fizi\u010dkog ve\u017ebanja i plivanja osoba sa o\u0161te\u0107enjem vida, kao i us\u0161e\u0161ni sportisti i treneri: \u00a0Danijel Dejli (Belgija), Aleksandra Grbovi\u0107,\u00a0<\/span><span lang=\"sr-Cyrl\">Ivan Popovi\u0107, Petar Vranjkovi\u0107, Milo\u0161 Grlica, Milan Petrovi\u0107, Stefan Stevanovi\u0107, Marija Milanovi\u0107 i Du\u0161an Galovi\u0107 (svi iz Srbije).<\/span><\/p>\n<p class=\"m_-7708013099082298373gmail-msonormal\"><span lang=\"sr-Cyrl\">Cilj seminara je edukacija profesora sporta i fizi\u010dkog vaspitanja, pliva\u010dkih trenera, specijalnih edukatora i rehabilitatora, fizioterapeuta, psihologa, roditelja, personalnih asistenata i svih onih koji \u017eele da se usavr\u0161e i pobolj\u0161aju svoje znanje iz ove oblasti.<\/span><\/p>\n<p class=\"m_-7708013099082298373gmail-msonormal\"><span lang=\"sr-Cyrl\">Na kraju poha\u0111anog seminara se dobija sertifikat.<\/span><\/p>\n<p class=\"m_-7708013099082298373gmail-msonormal\"><span lang=\"RU\">Seminar \u0107e se odr\u017eati u Ni\u0161u 15.12.2017. godine u Velikoj sali Univerziteta u Ni\u0161u (<\/span><span lang=\"SR-CYRL-RS\">Univerzitetski trg 1<\/span><span lang=\"RU\">, 18000 Ni\u0161)<\/span><span lang=\"SR-CYRL-RS\">.<\/span><\/p>\n<div>\n<p class=\"m_-7708013099082298373gmail-msonormal\">Marko Aleksandrovi\u0107,<\/p>\n<p class=\"m_-7708013099082298373gmail-msonormal\">predsednik ADAPTS-a<\/p>\n<\/div>\n<p>Prof.\u00a0<b>Marko Aleksandrovi\u0107<\/b>, Ph.D.<\/p>\n<div>\n<div class=\"m_-7708013099082298373gmail_signature\">\n<div dir=\"ltr\">\n<div><span style=\"font-size: small;\">Faculty of Sport and Physical Education<br \/>\u010carnojevi\u0107eva 10A,\u00a018000 Ni\u0161,\u00a0Serbia<br \/><u><i><a href=\"http:\/\/www.fsfv.ni.ac.rs\/\" target=\"_blank\" data-saferedirecturl=\"https:\/\/www.google.com\/url?hl=en&amp;q=http:\/\/www.fsfv.ni.ac.rs&amp;source=gmail&amp;ust=1512916245842000&amp;usg=AFQjCNGeDFWyRBglQUFVa87-fvbQaJ3wUQ\" rel=\"noopener\">www.fsfv.ni.ac.rs<\/a><\/i><\/u><\/p>\n<p>\u0434\u0440\u00a0<b>\u041c\u0430\u0440\u043a\u043e \u0410\u043b\u0435\u043a\u0441\u0430\u043d\u0434\u0440\u043e\u0432\u0438\u045b,<\/b>\u00a0\u0440\u0435\u0434. \u043f\u0440\u043e\u0444.<br \/>\u0424\u0430\u043a\u0443\u043b\u0442\u0435\u0442 \u0441\u043f\u043e\u0440\u0442\u0430 \u0438 \u0444\u0438\u0437\u0438\u0447\u043a\u043e\u0433 \u0432\u0430\u0441\u043f\u0438\u0442\u0430\u045a\u0430<br \/>\u0427\u0430\u0440\u043d\u043e\u0458\u0435\u0432\u0438\u045b\u0435\u0432\u0430 10\u0410,\u00a018000 \u041d\u0438\u0448,\u00a0\u0421\u0440\u0431\u0438\u0458\u0430<br \/><u><i><a href=\"http:\/\/www.fsfv.ni.ac.rs\/\" target=\"_blank\" data-saferedirecturl=\"https:\/\/www.google.com\/url?hl=en&amp;q=http:\/\/www.fsfv.ni.ac.rs&amp;source=gmail&amp;ust=1512916245842000&amp;usg=AFQjCNGeDFWyRBglQUFVa87-fvbQaJ3wUQ\" rel=\"noopener\">www.fsfv.ni.ac.rs<\/a><\/i><\/u><\/p>\n<p><\/span><\/div>\n<\/div>\n<\/div>\n<\/div>\n<p class=\"m_-7708013099082298373gmail-msonormal\">Vi\u0161e o seminaru:<\/p>\n<p class=\"m_-7708013099082298373gmail-msonormal\">Fizi\u010dko ve\u017ebanje dece sa o\u0161te\u0107enjem vida \u2013 Primeri dobre prakse<\/p>\n<p>O seminaru<\/p>\n<p>Asocijacija adaptivnog plivanja Srbije \u2013 ADAPTS uz pomo\u0107 Fakulteta sporta i fizi\u010dkog vaspitanja Univerziteta u Ni\u0161u \u2013 FSFV i GO Pantelej Ni\u0161 i u saradnji sa Savezom slepih Srbije, Nacionalnim sportskim savezom slepih i slabovidih, Paraolimpijskim komitetom Srbije, Pliva\u010dkim savezom Srbije i Srpskim pliva\u010dkim savezom za osobe sa invaliditetom, po \u0161esti put organizuje seminar iz adaptivnog plivanja i adaptivnog fizi\u010dkog ve\u017ebanja uop\u0161te. Ovoga puta \u0107e sadr\u017eaji seminara biti namenjeni pliva\u010dkim trenerima, nastavnicima fizi\u010dkog vaspitanja, specijalnim edukatorima i rehabilitatorima i fizioterapeutima, kako bi usvojili nova znanja iz obuke fizi\u010dkog ve\u017ebanja i plivanja dece sa o\u0161te\u0107enjem vida. Jednodnevni seminar se sastoji iz teoretskih predavanja i interaktivne tribine.<br \/>Predava\u010di i u\u010desnici debate \u0107e biti autoriteti iz fizi\u010dkog ve\u017ebanja i plivanja osoba sa o\u0161te\u0107enjem vida, kao i uspe\u0161ni sportisti i treneri: Danijel Dejli (Belgija), Aleksandra Grbovi\u0107, Ivan Popovi\u0107, Petar Vranjkovi\u0107, Milo\u0161 Grlica, Milan Petrovi\u0107, Stefan Stevanovi\u0107, Marija Milanovi\u0107 i Du\u0161an Galovi\u0107 (svi iz Srbije).<br \/>Cilj seminara je edukacija profesora sporta i fizi\u010dkog vaspitanja, pliva\u010dkih trenera, specijalnih edukatora i rehabilitatora, fizioterapeuta, psihologa, roditelja, personalnih asistenata i svih onih koji \u017eele da se usavr\u0161e i pobolj\u0161aju svoje znanje iz ove oblasti.<br \/>Na kraju poha\u0111anog seminara se dobija sertifikat.<br \/>Seminar \u0107e se odr\u017eati u Ni\u0161u 15.12.2017. godine u Velikoj sali Univerziteta u Ni\u0161u (Univerzitetski trg 1, 18000 Ni\u0161).<\/p>\n<p>Cena kotizacije<\/p>\n<p>Uplata kotizacije nije obavezna da bi se u\u010destvovalo na seminaru, ali se u tom slu\u010daju ne evidentira u\u010de\u0161\u0107e i ne dodeljuje sertifikat. Cena kotizacije za seminar iznosi 1500,00 dinara. Cena kotizacije za seminar za studente svih fakulteta Univerziteta u Ni\u0161u iznosi iznosi 1000,00 dinara. Uplate se vr\u0161e na \u017eiro ra\u010dun ADAPTS-a.<br \/>Svrha uplate: kotizacija za ADAPTS seminar. Banka i ra\u010dun korisnika: 125-179-1682-17 Pireus banka.<\/p>\n<p>Dodatne informacije<\/p>\n<p>Dodatne informacije o seminaru: Asocijacija adaptivnog plivanja Srbije, Solunskih ratnika 56, 18000 Ni\u0161.<br \/>tel. 064\/2614787 (Marko Aleksandrovi\u0107), 060\/5537118 (Bojan Jorgi\u0107) www.fsfv.ni.ac.rs, adaptivnoplivanje@gmail.com<\/p>\n<p>Sme\u0161taj<\/p>\n<p>Informacije u vezi sme\u0161taja: Turisti\u010dka agencija \u201eAeroturs\u201c, TC Gor\u010da L.P.7, Obrenovi\u0107eva BB, 18000 Ni\u0161.<br \/>tel\/faks 018\/290099, 521021, 523886, 069\/4484633 www.aeroturs.rs, aeroturs@eunet.rs, aeroturs@gmail.com<\/p>\n<p>PROGRAM SEMINARA (RADNA VERZIJA):<\/p>\n<p>15.12.2017. Velika sala Univerziteta u Ni\u0161u (Moderatori: Marko Aleksandrovi\u0107, Bojan Jorgi\u0107)<\/p>\n<p>Teme:<\/p>\n<p>9.30 \u2013 10.00\u00a0 Registracija-Dolazak u\u010desnika, registracija<\/p>\n<p>10.00 \u2013 10.45\u00a0 Predavanje-Aleksandra Grbovi\u0107-O\u0161te\u0107enje vida \u2013 uzroci, podela i klasifikacija u sportu<\/p>\n<p>10.45 \u2013 11.00\u00a0 Pauza<\/p>\n<p>11.00 \u2013 11.30\u00a0 Sve\u010dano otvaranje Himna, pozdravni govori<\/p>\n<p>11.30 \u2013 12.00\u00a0 Koktel pauza<\/p>\n<p>12.00 \u2013 12.45\u00a0 Predavanje-Danijel Dejli Plivanje osoba sa o\u0161te\u0107enim vidom \u2013 od instrukcije do treninga i takmi\u010denja<\/p>\n<p>12.45 \u2013 13.00\u00a0 Kafe pauza<\/p>\n<p>13.00 \u2013 13.45\u00a0 Predavanje-Bojan Jorgi\u0107, Ivan Popovi\u0107 Sportski programi za osobe o\u0161te\u0107enog vida \u2013 primeri dobre prakse<\/p>\n<p>13.45 \u2013 14.00\u00a0 Kafe pauza<\/p>\n<p>14.00 \u2013 14.45\u00a0 Tribina-u\u010desnici: Petar Vranjkovi\u0107, Milo\u0161 Grlica, Milan Petrovi\u0107, Stefan Stevanovi\u0107, Marija Milanovi\u0107, Du\u0161an Galovi\u0107 \u2013 uvodni\u010dar: Aleksandra Grbovi\u0107 Inkluzija ili specijalno odeljenje \u2013 osvrt na nastavu fizi\u010dkog vaspitanja dece sa o\u0161te\u0107enjim vidom<\/p>\n<p>14.45 \u2013 15.00\u00a0 Pauza<\/p>\n<p>15.00 \u2013 15.30 Sve\u010dano zatvaranje Pozdravni govori, podela sertifikata<\/p>\n<p>Napomena: Molimo polaznike seminara da po\u0161tuju satnicu seminara i da bez preke potrebe ne napu\u0161taju\/napu\u0161taju Veliku salu tokom predavanja<\/p>\n<p>\u00a0<\/p>\n<p>Predava\u010di<\/p>\n<p>Prof. dr Danijel Dejli (Daniel Daly, 1950) je profesor emeritus na Fakultetu za kineziologiju i rehabilitacione nauke Katoli\u010dkog univerzita u Luvenu, Luven, Belgija. Bio je dugogodi\u0161nji prodekan za nastavu i studentska pitanja. Smatra se jednim od najja\u010dih svetskih eksperata iz oblasti adaptivnog plivanja. Bio je savetnik Me\u0111unarodnog paraolimpijskog komiteta po pitanjima klasifikacije. Ro\u0111en je i obrazovao se u SAD (Springfield College i Pen State University), a \u017eivi i radi u Belgiji preko 40 godina. Dugi niz godina se nalazio na mestu koordinatora u okviru mre\u017ee EMMAPA (Erasmus Mundus Master Program in Adapted Physical Activity) koji se sprovodio na \u010detiri evropska univerziteta (Catholic University of Leuven \u2013 Leuven, Norwegian School of Sport Sciences \u2013 Oslo, Palacky University \u2013 Olomouc). Dr\u017eao je predavanja po pozivu i u svojstvu gostuju\u0107eg je profesora na univerzitetima u Portugalu, SAD, Poljskoj, Srbiji, Islandu, \u010ce\u0161koj, \u0160paniji, Irskoj, Norve\u0161koj, Srbiji, Turskoj i Kamerunu. Recenzent je u vi\u0161e vrhunskih svetskih nau\u010dnih \u010dasopisa iz sportskih nauka. Vi\u0161e puta je bio gost predava\u010d na naster i doktorskim akademskim studijama FSFV-u, te seminarima ADAPTS-a i Asocijacije sportskih centara Srbije. Bio je specijalni savetnik PAK OSI \u201eDelfin\u201c iz Ni\u0161a i najzaslu\u017eniji za kvalitetnu organizaciju obuke adaptivnog plivanja u tom gradu. Bio je mentor vi\u0161e biv\u0161ih studenata Fakulteta sporta i fizi\u010dkog vaspitanja Univerziteta u Ni\u0161u koji su nastavili scoje \u0161kolovanje u okviru mre\u017ee EMMAPA. Od 2012. godine je do\u017eivotni po\u010dasni predsednik ADAPTS-a. Idejni je tvorac predmeta Holisti\u010dki pristup adaptivnog fizi\u010dkog ve\u017ebanja na EMMAPA, koji je uz izvesna prilago\u0111avanja ve\u0107 petu godinu sporovodi na FSFV-u u\u00a0Ni\u0161u. O\u017eenjen je i ima troje dece i \u010detvoro unu\u010dadi.<\/p>\n<p>\u00a0<\/p>\n<p>Prof. dr Aleksandra Grbovi\u0107 (1968) je vanredni profesor na Fakultetu za specijalnu edukaciju i rehabilitaciju Univerziteta u Beogradu, Beograd, Srbija. Zavr\u0161ila je osnovne, magistarske studije i odbranila doktorsku disertaciju iz nau\u010dnog podru\u010dja tiflologije (specijalna edukacija i rehabilitacija osoba sa o\u0161te\u0107enim vidom) na istom fakultetu. Predaje vi\u0161e predmeta na svim nivoima studija iz oblasti tiflologije. \u010clan je upravnog odbora i \u010dlan Stru\u010dnog saveta. ADAPTS-a. \u010clan je Tiflolo\u0161ke sekcije Dru\u0161tva defektologa Srbije. Recenzent je u vi\u0161e doma\u0107ih i stranih nau\u010dnih i stru\u010dnih \u010dasopisa. \u010clan je je Me\u0111unarodnog saveta za obrazovanje i rehabilitaciju osoba sa o\u0161te\u0107enim vidom (International Council for Education and Rehabilitation of People with Visual Impairment \u2013 ICEVI), \u010dlan je nau\u010dnog odbora za kongrese ove organizacije i kontakt osoba za Srbiju u okviru ICEVI-Europe . Autor je vi\u0161e desetina nau\u010dnih i stru\u010dnih radova iz specijalne edukacije i rehabilitacije. Bila je predava\u010d na vi\u0161e seminara iz oblasti defektologije. Udata je i ima dvoje dece.<\/p>\n<p>Bojan Jorgi\u0107 (1980), docent je na Fakultetu sporta i fizi\u010dkog vaspitanja Univerziteta u Ni\u0161u (FSFV) na predmetima Holisti\u010dki pristup adaptivnom fizi\u010dkom ve\u017ebanje, Inkluzija u organizovanim oblicima fizi\u010dkog ve\u017ebanja, Sport OSI, Adaptivno fizi\u010dko ve\u017ebanje i Korektivna gimnastika. Jedan od osniva\u010da , a trenutno je predsednik Skup\u0161tine ADAPTS-a. Kao dr\u017eavni stipendista sproveo je svoje postdoktorsko usavr\u0161avanje iz oblasti inkluzije na Fakultetu za pedagogiju Univerziteta Vird\u017einija, \u0160arlotsvil, SAD.. Vi\u0161e godina je na poziciji kordinatora za akademsku mobilnost FSFV-a, a ostvario je akademsku mobilnost na univerzitetima u Olomoucu i Velikom Trnovu. Stalni je \u010dlan komisije za zavr\u0161ni ispit za operativnog trenera u golbalu na FSFV-u. Mentor je i \u010dlan komisije u vi\u0161e master teza iz oblasti adaptivnog fizi\u010dkog ve\u017ebanja. Bio je instruktor i trener u PK \u201eNi\u0161 2005\u201c i PAK OSI \u201eDelfin\u201c iz Ni\u0161a. Bio je rukovodilac i u\u010desnik vi\u0161e projekata iz oblasti adaptivnog plivanja podr\u017eanih od vi\u0161e jedinica lokalne samouprave i NIS-Gazprom Njeft. Organizator je, u\u010desnik i predava\u010d na vi\u0161e seminara, takmi\u010denja i kampova iz oblasti adaptivnog plivanja u Srbiji, Gr\u010dkoj, Turskoj i \u0160vedskoj. Predsednik je Stru\u010dnog saveta Sportsko-rekreativnog udru\u017eenja OSI \u201eNais\u201c. U\u010desnik je organizator vi\u0161e golbal kampova na kojima je koordinisao testiranja golbalista. 2017. je bio \u0161ef delegacije i stru\u010dnog \u0161taba ekipe Ni\u0161a kada su dva slepa takmi\u010dara (Stefan Stevanovi\u0107 i Igor Cvetkovi\u0107) osvojili istorijska odli\u010dja na Prvenstvu Srbije za osobe sa o\u0161te\u0107enim vidom.<\/p>\n<p>Ivan Popovi\u0107 (1992) je glavni trener \u201eNaisa\u201c, aktuelnog \u0161ampiona Srbije u golbalu. Student je master akademskih studija fizi\u010dko vaspitanje i sport na Fakultetu sporta i fizi\u010dkog vaspitanja Univerziteta u Ni\u0161u. Ivan Popovi\u0107 je student master studija fakulteta sporta i fizi\u010dkog vaspitanja u Ni\u0161u. Bio je vi\u0161estruki \u0161ampion dr\u017eave i dugogodi\u0161nji reprezentativac u d\u017eudou. Od novembra meseca 2016. godine posvetio se radu osobama sa invaliditetom. Radio je sa osobama o\u0161te\u0107enog vida u vi\u0161e razli\u010ditih sportova kao \u0161to su: d\u017eudo, atletika, fitnes i golbal. U atletici na dr\u017eavnom prvenstvu Srbije, kao trener sa Igorom Cvetkovi\u0107em osvojio bronzanu medalju na 200m u Kragujevcu. Kao pomo\u0107ni trener u golbal klubu \u201cNais\u201d do\u0161ao je do bronzanog odli\u010dja na me\u0111unarodnom turniru Beograd open, zatim kao glavni trener istoimenog kluba osvojio prvensto dr\u017eave odr\u017eano u Beogradu. Za akademsku 2017\/2018 je dobitnik Erasmus + stipednije za akademsku mobilnost na Litvanskom univerzitetu sporta, Kaunasu, Litvanija, gde \u0107e pored akademskih obaveza imati trenersku praksu u golbalu (Litvanija je aktuelni paraolimpijski i evropski \u0161ampion).<\/p>\n<p>\u00a0<\/p>\n<p>U\u010desnici\u00a0 tribine<\/p>\n<p>Petar Vranjkovi\u0107 (1963) je predsednik Nacionalnog sportskog saveza slepih i slabovidih u vi\u0161e mandata od 2010. godine. \u010clan je upravnog odbora Saveza slepih Srbije i \u00a0Gradske organizacije saveza slepih Beograda. Bio je vi\u0161e godina predsednik Sportskog dru\u0161tva za osobe o\u0161te\u0107enog vida \u201ePobeda\u201c iz Beograda. Zbog nesre\u0107e uzrokovane eksplozijom zaostalog materijala iz Drugog svetskog rata, slep je na jednom oku od tre\u0107e, a na oba od svoje dvanaeste godine. Zavr\u0161io je inkluzivnu osnovnu \u0161kolu u Kninu, a srednje\u0161kolsko obrazovanje je stekao u \u0160koli za u\u010denike o\u0161te\u0107enog vida \u201eVeljko Ramadanovi\u0107\u201c u Zemunu (PTT manipulant telefonista). Od svojih \u0161kolskih dana se bavi mnogim sportovima (atletika, \u0161ah, kuglanje, pikado), a prvensteno golbalom. Nosilac je nacionalnog sportskog priznanja. Na EP u golbalu 1989. godine u Vejleu bio je \u010dlan selekcije Jugoslavije koja je osvojila zlatnu medalju. Igrao je za ekipu \u0160ibenika, a po raspadu biv\u0161e dr\u017eave za \u201ePobedu\u201c. Do pre desetak godina je bio aktivan igra\u010d i reprezentativac u golbalu. Aktivno radi na promociji golbala u celoj Srbiji kroz organizaciju pokaznih utakmica i prisutnost u medijima. Bio je na \u010delu organizacionih odbora mnogih me\u0111unarodnih takmi\u010denja u golbalu, \u0161ahu i kuglanju osoba sa o\u0161te\u0107enjem vida koje je Srbija organizovala. Polaznik je \u0161kole za operativnog trenera u golbalu na FSFV-u. O\u017eenjen je i ima dvoje dece.<\/p>\n<p>Milo\u0161 Grlica (1963) je potpredsednik Nacionalnog sportskog saveza slepih i slabovidih u vi\u0161e mandata od 2007. godine. \u010clan je upravnog odbora Saveza slepih Beograda. Slabovid je od ro\u0111enja (ostatak vida 5%). Od svoje pete godine je \u0161ti\u0107enik \u0160kole za u\u010denike o\u0161te\u0107enog vida \u201eVeljko Ramadanovi\u0107\u201c u Zemunu gde je imao pret\u0161kolsko, osnovno\u0161kolsko i srednje\u0161kolsko obrazovanje (fizioterapeut), a ima sertifikat operativnog trenera u atletici i golbalu. Bavio se mnogim sportovima, a najuspe\u0161niji je u atletici. U\u010desnik je \u010detiri Paraolimpijskih igara (2000. Sidnej, 2004. Atina, 2008. Peking i 2012. London). Nosilac je nacionalnog sportskog priznanja. Osvojio je bronzanu medalju u bacanju koplja na Paraolimpijskim igrama u Atini 2004. godine. U istoj disciplini je bio dva puta je bio prvak (Espo 2005. i\u0160tatskanal 2012.) i jednom viceprvak Evrope (Svonsi 2014.) i \u201ebronzani\u201c na prvenstvu sveta (Krajst\u010dr\u010d 2011.). Osniva\u010d je i predsednik golbal kluba \u201eMladost\u201c iz Beograda. Bio je direktor, organizator i u\u010desnih vi\u0161e golbal kampova u Srbiji u poslednje dve godine. Aktivno radi na promociji golbala u celoj Srbiji. Tvorac je Strategije razvoja golbala u Srbiji. U saradnji sa FSFV-om u Ni\u0161u je u srpski golbal uveo periodi\u010dno dijagnosti\u010dko pra\u0107enje igra\u010da. Jedna od najzaslu\u017enijih za veliku prisutnost golbala u medijima poslednjih 18 meseci. Selektor je golbal reprezentacije Srbije. O\u017eenjen je i ima dvoje dece.<\/p>\n<p>U\u010desnici\u00a0 tribine<\/p>\n<p>Milan Petrovi\u0107 (1987) je po\u010deo da gubi vid u 11. godini, a slep je od svoje 16. Veliki deo svog \u0161kolovanja, vi\u0161e razrede osnovne \u0161kole i celokupno srednje\u0161kolsko obrazovanje stekao je u \u0160koli za u\u010denike o\u0161te\u0107enog vida \u201eVeljko Ramadanovi\u0107\u201c u Zemunu (PTT manipulant telefonista). Od svojih \u0161kolskih dana se bavi sportom \u2013 atletikom, golbalom, plivanjem, triatlonom i biciklizmom u kome je najuspe\u0161niji. Na Paraolimpijskim igrama u Londonu 2012. godine je u svojoj klasi u tandem biciklu sa svojim pilotom-vodi\u010dem Goranom \u0160melcerovi\u0107em osvojio 11. mesto. Za Paraolimpijske igre u Riju 2016. godine se nije spremio zbog tumora mozga sa kojim se uspe\u0161no izborio. Nastupao je na raznim me\u0111unarodnim i doma\u0107im biciklisti\u010dkim trkama i osvajao najvi\u0161a odli\u010dja. Bio je u vi\u0161e navrata prvak Srbije u golbalu sa ekipom \u201ePolet\u201c iz Po\u017earevca. Bio je sportista rodnog grada Leskovca u kome danas i \u017eivi. Najzaslu\u017eniji je za istorijski uspeh za ni\u0161ki sport \u2013 \u0161ampionsku titulu sa golbal klubom \u201eNais\u201c iz Ni\u0161a. Povremeni je reprezentativac u golbalu, a ranije i u trijatlonu. Zbog viskokih ciljeva u biciklizmu ne mo\u017ee da se potpuno posveti ostalim sportovima. Bio je u\u010desnik Evropskog prvenstva C divizije u Antaliji 2007. i Evropskom prvenstvu u paratrijatlonu 2013. u Alanji.<\/p>\n<p>Stefan Stevanovi\u0107 (1994) je slep od svoje druge godine zbog tumora. Celokupno svoje osmogodi\u0161nje \u0161kolovanje je zavr\u0161io u \u0160koli za u\u010denike o\u0161te\u0107enog vida \u201eVeljko Ramadanovi\u0107\u201c u Zemunu. Zavr\u0161io je Gimnaziju \u201eSvetozar Markovi\u0107\u201c u Ni\u0161u. Trenutno je apsolvent na osnovnim akademskim studijama na Pravnom fakultetu Univerziteta u Ni\u0161u, student je generacije, sa samo dve devetke i dva ispita do zavr\u0161etka studija. Govori dva strana jezika, engleski i \u0161panski. Od svojih \u0161kolskih dana u Zemunu se bavi golbalom. Kapiten je golbal kluba \u201eNais\u201c iz Ni\u0161a, jedinog ni\u0161kog kluba koji je u kolektivnom sportu u mu\u0161koj konkurenciji osvaja\u010d titule prvaka dr\u017eave. Aktuelni je i prvak je Srbije u sprintu za slepe osobe. Isti\u010de svoju kandidaturu za sportistu godine Ni\u0161a u 2017. U planovima je selektora golbal reprezentacije Srbije za naredni period. Stipendista je Srpskog privrednog dru\u0161tva \u201ePrivrednik\u201c. Ima vi\u0161e akademskih nagrada u oblasti simulacije su\u0111enja. Bio je mentor za vi\u0161e studenata FSFV-a za trena\u017eni rad sa slepim osobama i jedan je od najve\u0107ih zagovornika saradnje sa pomenutim fakultetom.<\/p>\n<p>U\u010desnici\u00a0 tribine<\/p>\n<p>Du\u0161an Galovi\u0107 (1989) je slep od ro\u0111enja. Zavr\u0161io je svoje \u0161kolovanje, osnovnu i srednju \u0161kolu u inkluziji. Tokom \u017eivota se bavio raznim sportovima \u2013 fitnes, atletika i ples. \u010clan je golbal kluba \u201eNais\u201c iz Ni\u0161a, jedinog ni\u0161kog kluba koji je u kolektivnom sportu u mu\u0161koj konkurenciji osvaja\u010d titule prvaka dr\u017eave. Od ranijih rana se bavi muzikom koja mu je i jedan od izvora prihoda (kao izvo\u0111a\u010d, tekstopisac i kompozitor).<\/p>\n<p>Marija Milanovi\u0107 (1983) je slepa od ro\u0111enja. Osnovnu \u0161kolu zavr\u0161ila je u \u0160koli za u\u010denike o\u0161te\u0107enog vida \u201eVeljko Ramadanovi\u0107\u201c u Zemunu, a srednju u medicinskoj \u0161koli \u201eBeograd\u201c (fizioterapeutski tehni\u010dar). Na Filozofskom fakultetu Univerziteta u Ni\u0161u je zavr\u0161ila osnovne i master akademske studije iz psihologije. Na istom fakultetu je zavr\u0161ila master akademske studije iz komunikologije. Bila je prvak Srbije u plivanju. U\u010desnica je vi\u0161e inkluzivnih sportskih kampova. Od svojih \u0161kolskih dana se bavi sportom \u2013 atletikom, golbalom i plivanjem, a sada fitnesom.\u00a0 Poseduje licencu za rad stru\u010dnog saradnika u obrazovanju. Kao psiholog radila je u osnovnoj \u0161koli \u201e\u010cegar\u201c u Ni\u0161u i u razli\u010ditim organizacijama za podr\u0161ku deci sa smetnjama u razvoju i osobama sa invaliditetom. Bila je koordinatorka nekoliko projekata koji su se odnosili na unapre\u0111enje polo\u017eaja osoba sa invaliditetom u lokalnoj zajednici. Trenutno je anga\u017eovana u organizaciji \u201eSuper gra\u0111anin\u201c u radu sa mladima, kao i na poslovima novinara u medijskoj ku\u0107i Super radio u Ni\u0161u i portalu iSerbia. Na specijalizaciji je iz psihologije \u2013 oblast transakciona analiza na Institutu za transakcionu analizu u Beogradu.<\/p>\n<p>\u00a0<\/p>\n<p>Izvor:\u00a0<span class=\"gD\" data-hovercard-id=\"marko.aleksandrovic@gmail.com\">Marko Aleksandrovic<\/span>\u00a0<span class=\"go\">&lt;marko.aleksandrovic@gmail.com&gt;<\/span><\/p>\n<div class=\"post-item-metadata entry-meta\">\n                <span class=\"tags-links\">Tags: <a href=\"https:\/\/www.osi-press.com\/tag\/adaptivno-plivanje\/\" rel=\"tag noopener\" target=\"_blank\">adaptivno plivanje<\/a>, <a href=\"https:\/\/www.osi-press.com\/tag\/adapts\/\" rel=\"tag noopener\" target=\"_blank\">ADAPTS<\/a>, <a href=\"https:\/\/www.osi-press.com\/tag\/asocijacija-adaptivnog-plivanja-srbije\/\" rel=\"tag noopener\" target=\"_blank\">Asocijacija adaptivnog plivanja Srbije<\/a>, <a href=\"https:\/\/www.osi-press.com\/tag\/deca-sa-invaliditetom\/\" rel=\"tag noopener\" target=\"_blank\">deca sa invaliditetom<\/a>, <a href=\"https:\/\/www.osi-press.com\/tag\/deca-sa-ostecenim-vidom\/\" rel=\"tag noopener\" target=\"_blank\">deca sa o\u0161te\u0107enim vidom<\/a>, <a href=\"https:\/\/www.osi-press.com\/tag\/fakultet-sporta-i-fizickog-vaspitanja-univerziteta-u-nisu-fsfv\/\" rel=\"tag noopener\" target=\"_blank\">Fakultet sporta i fizi\u010dkog vaspitanja Univerziteta u Ni\u0161u &#8211; FSFV<\/a>, <a href=\"https:\/\/www.osi-press.com\/tag\/fsfv-nis\/\" rel=\"tag noopener\" target=\"_blank\">FSFV Ni\u0161<\/a>, <a href=\"https:\/\/www.osi-press.com\/tag\/go-pantelej-nis\/\" rel=\"tag noopener\" target=\"_blank\">GO Pantelej Ni\u0161<\/a>, <a href=\"https:\/\/www.osi-press.com\/tag\/nis\/\" rel=\"tag noopener\" target=\"_blank\">Ni\u0161<\/a>, <a href=\"https:\/\/www.osi-press.com\/tag\/plivanje-za-slepu-i-slabovidu-decu\/\" rel=\"tag noopener\" target=\"_blank\">plivanje za slepu i slabovidu decu<\/a>, <a href=\"https:\/\/www.osi-press.com\/tag\/seminar-adaptivno-plivanje\/\" rel=\"tag noopener\" target=\"_blank\">Seminar adaptivno plivanje<\/a>, <a href=\"https:\/\/www.osi-press.com\/tag\/slepe-i-slabovide-osobe\/\" rel=\"tag noopener\" target=\"_blank\">slepe i slabovide osobe<\/a><\/span>            <\/div>\n<nav class=\"navigation post-navigation\" aria-label=\"Continue Reading\">\n<h2 class=\"screen-reader-text\">Continue Reading<\/h2>\n<\/nav><\/div>\n<p><a href=\"https:\/\/www.osi-press.com\/2017\/12\/09\/poziv-na-seminar-fizicko-vezbanje-dece-sa-ostecenjem-vida-primeri-dobre-prakse\/?utm_source=rss&#038;utm_medium=rss&#038;utm_campaign=poziv-na-seminar-fizicko-vezbanje-dece-sa-ostecenjem-vida-primeri-dobre-prakse\" target=\"_blank\" rel=\"noopener\">Source link <\/a><br \/>\n\n Poziv na seminar FIZI\u010cKO VE\u017dBANjE DECE SA O\u0160TE\u0106ENjEM VIDA \u2013 PRIMERI DOBRE PRAKSE &#8211; Glas za jednakost | Osobe sa invaliditetom | OSI | Vesti<\/p>\n","protected":false},"excerpt":{"rendered":"<p>\u00a0 \u00a0 Asocijacija adaptivnog plivanja Srbije\u00a0 \u2013 ADAPTS\u00a0uz pomo\u0107\u00a0Fakulteta sporta i fizi\u010dkog vaspitanja Univerziteta u Ni\u0161u\u00a0\u2013 FSFV\u00a0i\u00a0GO Pantelej Ni\u0161\u00a0i\u00a0u saradnji&hellip;<\/p>\n","protected":false},"author":1,"featured_media":4147,"comment_status":"open","ping_status":"open","sticky":false,"template":"","format":"standard","meta":{"footnotes":""},"categories":[1],"tags":[],"class_list":["post-4146","post","type-post","status-publish","format-standard","has-post-thumbnail","hentry","category-oglasi-pantelej"],"_links":{"self":[{"href":"https:\/\/oglasi.infooglasi.rs\/oglasi\/oglasinispantelej\/wp-json\/wp\/v2\/posts\/4146","targetHints":{"allow":["GET"]}}],"collection":[{"href":"https:\/\/oglasi.infooglasi.rs\/oglasi\/oglasinispantelej\/wp-json\/wp\/v2\/posts"}],"about":[{"href":"https:\/\/oglasi.infooglasi.rs\/oglasi\/oglasinispantelej\/wp-json\/wp\/v2\/types\/post"}],"author":[{"embeddable":true,"href":"https:\/\/oglasi.infooglasi.rs\/oglasi\/oglasinispantelej\/wp-json\/wp\/v2\/users\/1"}],"replies":[{"embeddable":true,"href":"https:\/\/oglasi.infooglasi.rs\/oglasi\/oglasinispantelej\/wp-json\/wp\/v2\/comments?post=4146"}],"version-history":[{"count":0,"href":"https:\/\/oglasi.infooglasi.rs\/oglasi\/oglasinispantelej\/wp-json\/wp\/v2\/posts\/4146\/revisions"}],"wp:featuredmedia":[{"embeddable":true,"href":"https:\/\/oglasi.infooglasi.rs\/oglasi\/oglasinispantelej\/wp-json\/wp\/v2\/media\/4147"}],"wp:attachment":[{"href":"https:\/\/oglasi.infooglasi.rs\/oglasi\/oglasinispantelej\/wp-json\/wp\/v2\/media?parent=4146"}],"wp:term":[{"taxonomy":"category","embeddable":true,"href":"https:\/\/oglasi.infooglasi.rs\/oglasi\/oglasinispantelej\/wp-json\/wp\/v2\/categories?post=4146"},{"taxonomy":"post_tag","embeddable":true,"href":"https:\/\/oglasi.infooglasi.rs\/oglasi\/oglasinispantelej\/wp-json\/wp\/v2\/tags?post=4146"}],"curies":[{"name":"wp","href":"https:\/\/api.w.org\/{rel}","templated":true}]}}