{"id":4252,"date":"2024-03-09T14:19:36","date_gmt":"2024-03-09T13:19:36","guid":{"rendered":"https:\/\/oglasi.infooglasi.rs\/oglasi\/oglasinispantelej\/prijetio-ubistvom-30-ljudi-maloljetnik-iz-nisa-uhapsen-zbog-sirenja-panike-oglasi-pantelej\/"},"modified":"2024-03-09T14:19:36","modified_gmt":"2024-03-09T13:19:36","slug":"prijetio-ubistvom-30-ljudi-maloljetnik-iz-nisa-uhapsen-zbog-sirenja-panike-oglasi-pantelej","status":"publish","type":"post","link":"https:\/\/oglasi.infooglasi.rs\/oglasi\/oglasinispantelej\/prijetio-ubistvom-30-ljudi-maloljetnik-iz-nisa-uhapsen-zbog-sirenja-panike-oglasi-pantelej\/","title":{"rendered":"PRIJETIO UBISTVOM 30 LJUDI Maloljetnik iz Ni\u0161a uhap\u0161en zbog \u0161irenja panike &#8211; OGLASI PANTELEJ"},"content":{"rendered":"<p><\/p>\n<div>\n<p><strong>Pripadnici Ministarstva unutra\u0161njih poslova u Ni\u0161u, po nalogu Vi\u0161eg javnog tu\u017eila\u0161tva u Ni\u0161u, uhapsili su sedamnaestogodi\u0161njaka iz ovog grada, zbog postojanja osnova sumnje da je izvr\u0161io krivi\u010dno djelo izazivanje panike i nereda.<\/strong><\/p>\n<p>Sumnja se da je on, ju\u010de, na svom profilu na dru\u0161tvenoj mre\u017ei Instagram objavio poruku u kojoj prijeti da \u0107e sutra u Ni\u0161u biti ubijeno vi\u0161e od 30 osoba saop\u0161tila je ni\u0161ka policija, prenosi\u00a0<a class=\"rank-math-link\" href=\"https:\/\/www.blic.rs\/vesti\/hronika\/maloletnik-uhapsen-zbog-sirenja-panike-na-instagramu-pretio-ubistvom-30-osoba-u-nisu\/9ml9ch4\" target=\"_blank\" rel=\"noopener\">Blic<\/a>.<\/p>\n<p>Osumnji\u010deni maloljetnik priveden je nadle\u017enom sudiji Vi\u0161eg suda u Ni\u0161u koji mu je odredio\u00a0<a class=\"rank-math-link\" href=\"https:\/\/srpskainfo.com\/pretraga\/?query=ni%C5%A1+prijetnje\" target=\"_blank\" rel=\"noopener\">pritvor<\/a>.<\/p>\n<p>Autor:srpskainfo.com<\/p>\n<\/div>\n<p><a href=\"https:\/\/faktormagazin.ba\/desk\/prijetio-ubistvom-30-ljudi-maloljetnik-iz-nisa-uhapsen-zbog-sirenja-panike\/\" target=\"_blank\" rel=\"noopener\">Source link <\/a><br \/>\n\n PRIJETIO UBISTVOM 30 LJUDI Maloljetnik iz Ni\u0161a uhap\u0161en zbog \u0161irenja panike<\/p>\n","protected":false},"excerpt":{"rendered":"<p>Pripadnici Ministarstva unutra\u0161njih poslova u Ni\u0161u, po nalogu Vi\u0161eg javnog tu\u017eila\u0161tva u Ni\u0161u, uhapsili su sedamnaestogodi\u0161njaka iz ovog grada, zbog&hellip;<\/p>\n","protected":false},"author":1,"featured_media":4253,"comment_status":"open","ping_status":"open","sticky":false,"template":"","format":"standard","meta":{"footnotes":""},"categories":[1],"tags":[],"class_list":["post-4252","post","type-post","status-publish","format-standard","has-post-thumbnail","hentry","category-oglasi-pantelej"],"_links":{"self":[{"href":"https:\/\/oglasi.infooglasi.rs\/oglasi\/oglasinispantelej\/wp-json\/wp\/v2\/posts\/4252","targetHints":{"allow":["GET"]}}],"collection":[{"href":"https:\/\/oglasi.infooglasi.rs\/oglasi\/oglasinispantelej\/wp-json\/wp\/v2\/posts"}],"about":[{"href":"https:\/\/oglasi.infooglasi.rs\/oglasi\/oglasinispantelej\/wp-json\/wp\/v2\/types\/post"}],"author":[{"embeddable":true,"href":"https:\/\/oglasi.infooglasi.rs\/oglasi\/oglasinispantelej\/wp-json\/wp\/v2\/users\/1"}],"replies":[{"embeddable":true,"href":"https:\/\/oglasi.infooglasi.rs\/oglasi\/oglasinispantelej\/wp-json\/wp\/v2\/comments?post=4252"}],"version-history":[{"count":0,"href":"https:\/\/oglasi.infooglasi.rs\/oglasi\/oglasinispantelej\/wp-json\/wp\/v2\/posts\/4252\/revisions"}],"wp:featuredmedia":[{"embeddable":true,"href":"https:\/\/oglasi.infooglasi.rs\/oglasi\/oglasinispantelej\/wp-json\/wp\/v2\/media\/4253"}],"wp:attachment":[{"href":"https:\/\/oglasi.infooglasi.rs\/oglasi\/oglasinispantelej\/wp-json\/wp\/v2\/media?parent=4252"}],"wp:term":[{"taxonomy":"category","embeddable":true,"href":"https:\/\/oglasi.infooglasi.rs\/oglasi\/oglasinispantelej\/wp-json\/wp\/v2\/categories?post=4252"},{"taxonomy":"post_tag","embeddable":true,"href":"https:\/\/oglasi.infooglasi.rs\/oglasi\/oglasinispantelej\/wp-json\/wp\/v2\/tags?post=4252"}],"curies":[{"name":"wp","href":"https:\/\/api.w.org\/{rel}","templated":true}]}}