{"id":4352,"date":"2024-12-21T13:56:25","date_gmt":"2024-12-21T12:56:25","guid":{"rendered":"https:\/\/oglasi.infooglasi.rs\/oglasi\/oglasinispantelej\/medjunarodni-dan-podizanja-svesti-o-epilepsiji-oglasi-pantelej\/"},"modified":"2024-12-21T13:56:25","modified_gmt":"2024-12-21T12:56:25","slug":"medjunarodni-dan-podizanja-svesti-o-epilepsiji-oglasi-pantelej","status":"publish","type":"post","link":"https:\/\/oglasi.infooglasi.rs\/oglasi\/oglasinispantelej\/medjunarodni-dan-podizanja-svesti-o-epilepsiji-oglasi-pantelej\/","title":{"rendered":"Me\u0111unarodni dan podizanja svesti o epilepsiji &#8211; OGLASI PANTELEJ"},"content":{"rendered":"<p><\/p>\n<p>&nbsp;<\/p>\n<p>&nbsp;<\/p>\n<p>Internacionalni \u201eljubi\u010dasti dan\u201c, kada se pru\u017ea podr\u0161ka obolelima od epilepsije, obele\u017eava se 26. marta. Ljudi \u0161irom sveta u znak solidarnosti nose \u2013 ljubi\u010dasto, i podi\u017ee se svest o ovoj hroni\u010dnoj neurolo\u0161koj bolesti.<\/p>\n<p><strong>Epilepsija<\/strong>\u00a0je hroni\u010dna neurolo\u0161ka bolest koja se pre svega manifestuje ponavljanim i nepredvidivim epizodama prekida normalne funkcije mozga. Ove epizode predstavljaju epilepti\u010dke napade. Prepoznavanje epilepti\u010dkog napada je osnova postavljanja dijagnoze epilepsije.<\/p>\n<ul>\n<li><span style=\"font-family: Geneva, Arial, Helvetica, sans-serif\"><strong><span style=\"color: #006666\">Jedan napad u \u017eivotu ne zna\u010di epilepsiju kao bolest!<\/span><\/strong><\/span><\/li>\n<\/ul>\n<p>\u010clanak <a href=\"https:\/\/kardiomedika.com\/medjunarodni-dan-podizanja-svesti-o-epilepsiji\/\" target=\"_blank\" rel=\"noopener\">Me\u0111unarodni dan podizanja svesti o epilepsiji<\/a> se pojavljuje prvo na <a href=\"https:\/\/kardiomedika.com\" target=\"_blank\" rel=\"noopener\">Kardio medika<\/a>.<\/p>\n<p><a href=\"https:\/\/kardiomedika.com\/medjunarodni-dan-podizanja-svesti-o-epilepsiji\/\" target=\"_blank\" rel=\"noopener\">Source link <\/a><br \/>\n\n Me\u0111unarodni dan podizanja svesti o epilepsiji<\/p>\n","protected":false},"excerpt":{"rendered":"<p>&nbsp; &nbsp; Internacionalni \u201eljubi\u010dasti dan\u201c, kada se pru\u017ea podr\u0161ka obolelima od epilepsije, obele\u017eava se 26. marta. Ljudi \u0161irom sveta u&hellip;<\/p>\n","protected":false},"author":1,"featured_media":4353,"comment_status":"open","ping_status":"open","sticky":false,"template":"","format":"standard","meta":{"footnotes":""},"categories":[1],"tags":[],"class_list":["post-4352","post","type-post","status-publish","format-standard","has-post-thumbnail","hentry","category-oglasi-pantelej"],"_links":{"self":[{"href":"https:\/\/oglasi.infooglasi.rs\/oglasi\/oglasinispantelej\/wp-json\/wp\/v2\/posts\/4352","targetHints":{"allow":["GET"]}}],"collection":[{"href":"https:\/\/oglasi.infooglasi.rs\/oglasi\/oglasinispantelej\/wp-json\/wp\/v2\/posts"}],"about":[{"href":"https:\/\/oglasi.infooglasi.rs\/oglasi\/oglasinispantelej\/wp-json\/wp\/v2\/types\/post"}],"author":[{"embeddable":true,"href":"https:\/\/oglasi.infooglasi.rs\/oglasi\/oglasinispantelej\/wp-json\/wp\/v2\/users\/1"}],"replies":[{"embeddable":true,"href":"https:\/\/oglasi.infooglasi.rs\/oglasi\/oglasinispantelej\/wp-json\/wp\/v2\/comments?post=4352"}],"version-history":[{"count":0,"href":"https:\/\/oglasi.infooglasi.rs\/oglasi\/oglasinispantelej\/wp-json\/wp\/v2\/posts\/4352\/revisions"}],"wp:featuredmedia":[{"embeddable":true,"href":"https:\/\/oglasi.infooglasi.rs\/oglasi\/oglasinispantelej\/wp-json\/wp\/v2\/media\/4353"}],"wp:attachment":[{"href":"https:\/\/oglasi.infooglasi.rs\/oglasi\/oglasinispantelej\/wp-json\/wp\/v2\/media?parent=4352"}],"wp:term":[{"taxonomy":"category","embeddable":true,"href":"https:\/\/oglasi.infooglasi.rs\/oglasi\/oglasinispantelej\/wp-json\/wp\/v2\/categories?post=4352"},{"taxonomy":"post_tag","embeddable":true,"href":"https:\/\/oglasi.infooglasi.rs\/oglasi\/oglasinispantelej\/wp-json\/wp\/v2\/tags?post=4352"}],"curies":[{"name":"wp","href":"https:\/\/api.w.org\/{rel}","templated":true}]}}