{"id":4358,"date":"2025-01-09T15:34:59","date_gmt":"2025-01-09T14:34:59","guid":{"rendered":"https:\/\/oglasi.infooglasi.rs\/oglasi\/oglasinispantelej\/gotovo-je-sad-uvode-sveobuhvatne-sankcije-za-nis-i-jos-neke-generale-u-srbiji-vucic-otkrio-sta-dalje-oglasi-pantelej\/"},"modified":"2025-01-09T15:34:59","modified_gmt":"2025-01-09T14:34:59","slug":"gotovo-je-sad-uvode-sveobuhvatne-sankcije-za-nis-i-jos-neke-generale-u-srbiji-vucic-otkrio-sta-dalje-oglasi-pantelej","status":"publish","type":"post","link":"https:\/\/oglasi.infooglasi.rs\/oglasi\/oglasinispantelej\/gotovo-je-sad-uvode-sveobuhvatne-sankcije-za-nis-i-jos-neke-generale-u-srbiji-vucic-otkrio-sta-dalje-oglasi-pantelej\/","title":{"rendered":"GOTOVO JE! SAD uvode sveobuhvatne sankcije za NIS i jo\u0161 neke generale u Srbiji! Vu\u010di\u0107 otkrio \u0161ta dalje &#8211; OGLASI PANTELEJ"},"content":{"rendered":"<p><\/p>\n<div>\n<div class=\"article-rte\" data-v-021971af=\"\">\n<p>Predsednik Srbije\u00a0<a href=\"https:\/\/kurir.rs\/tag\/3188\/aleksandar-vucic?utm_source=kurir&amp;utm_medium=web_article&amp;utm_campaign=adria_internal\" target=\"_blank\" rel=\"noopener\">Aleksandar Vu\u010di\u0107<\/a>\u00a0najavio je danas da \u0107e\u00a0<strong>SAD uvesti sveukupne sankcije kompaniji NIS.<\/strong><\/p>\n<\/div>\n<div class=\"article-rte paragrafNumber_2\" data-v-021971af=\"\">\n<p>\u2013 Iz razgovora koje sam imao sa Hoze Fernandesom, isti\u010de im mandat 20. januara. SAD uve\u0161\u0107e sankcije, ne generalne, ne op\u0161te, ne samo finansijske\u00a0<strong>ve\u0107 sveukupne sankcije na\u0161oj kompaniji NIS.<\/strong>\u00a0Direktne sankcije NIS, nas to dovodi u veoma te\u0161ku poziciju zato \u0161to posle izvesnog vremena, ne samo za dobavljanje nafte,\u00a0<strong>slede nam problemi sa Rafinerijom, Petrohemijom, su\u0161tinski opstankom ekonomije koje imamo danas<\/strong>. Ne mo\u017eete da nabavljate rezervne delove, ve\u0107 smo se do sada snalazili, ulazili preko drugih kompanija poku\u0161avaju\u0107i da sa\u010duvamo sve \u0161to se sa\u010duvati mo\u017ee \u2013 rekao je predsednik Srbije.<\/p>\n<\/div>\n<div class=\"article-rte paragrafNumber_3\" data-v-021971af=\"\">\n<p>On je najavio i da \u0107e danas imati sastanak s ameri\u010dkim ambasadorom Kristoferom Hilom s kojim \u0107e tako\u0111e razgovarati o energetskom problemu.<\/p>\n<\/div>\n<div class=\"article-rte\" data-v-021971af=\"\">\n<p>\u2013 Postavlja se pitanje, za\u0161to sad, za\u0161to u ovom trenutku. Re\u0107i \u0107e da je to upereno protiv Rusa i onim time finansiraju deo ratnih napora. Oni nisu to radili, za to postoje knjige i dokazi ali mogu\u0107e da im smeta \u0161to je ruska kompanija napravila visok profit, ove godine je to ni\u017ee i u godinama koje dolaze ne mo\u017ee da bude visok. Da li je to vezano i za nekakve poku\u0161aje spolja da se destabilizuje situacija u na\u0161oj zemlji, nisam siguran i ne mogu bez dokaza da bilo koga optu\u017eujem. Svakako je to ne\u0161to \u0161to na\u0161u zemlju dovodi u te\u0161ku poziciju. Ono \u0161to sam pitao to je koliki \u0107e rok da bude? Ono \u0161to sam razumeo, danas \u0107u imati dalje razgovore sa ambasadorom Hilom, koji \u0107e biti upu\u0107en u akcije. To je da \u0107e nam dati 30 dana da sagledamo mogu\u0107nosti i pokrenemo akciju, a za 60 dana moramo da zavr\u0161imo proces. Pre 15. \u0107e iza\u0107i zvani\u010dno sa tom odlukom, pre 15. februara moramo da znamo \u0161ta \u0107emo.<\/p>\n<\/div>\n<div class=\"article-image\" data-v-0421109c=\"\">\n<figure class=\"article-image__container\" data-v-0421109c=\"\">\n<div class=\"card-image-container\" data-v-0421109c=\"\" data-v-ad76e86a=\"\"><picture class=\"\" data-v-ad76e86a=\"\"><source srcset=\"https:\/\/static.kurir.rs\/api\/v3\/images\/468\/936\/2167548?ts=2025-01-04T10:42:40, https:\/\/static.kurir.rs\/api\/v3\/images\/688\/1376\/2167548?ts=2025-01-04T10:42:40 1.5x\" media=\"(max-width: 1023px)\" data-v-ad76e86a=\"\"\/><source srcset=\"https:\/\/static.kurir.rs\/api\/v3\/images\/688\/1376\/2167548?ts=2025-01-04T10:42:40\" media=\"(min-width: 1024px)\" data-v-ad76e86a=\"\"\/><img decoding=\"async\" class=\"\" src=\"https:\/\/static.kurir.rs\/api\/v3\/images\/468\/936\/2167548?ts=2025-01-04T10:42:40\" srcset=\"https:\/\/static.kurir.rs\/api\/v3\/images\/468\/936\/2167548?ts=2025-01-04T10:42:40, https:\/\/static.kurir.rs\/api\/v3\/images\/688\/1376\/2167548?ts=2025-01-04T10:42:40 1.5x\" alt=\"IMG-20250104-WA0117.jpg\" data-v-ad76e86a=\"\"\/><\/picture><\/div>\n<\/figure>\n<h6 class=\"article-image__details\"><strong><span class=\"article-image__details-copy\" data-v-0421109c=\"\">Foto:\u00a0Petar Aleksi\u0107<\/span><\/strong><\/h6>\n<\/div>\n<div class=\"article-rte\" data-v-021971af=\"\">\n<p>\u2013 Milo\u0161e (Vu\u010devi\u0107), da formira\u0161 dva tima, koji moraju da budu pod jednom kapom, pod tvojom koordinacijom, ja \u0107u pomo\u0107i u razgovoru sa Putinom,\u00a0<strong>jedan je oko pregovora za gasni aran\u017eman, da bi imali gas, a drugi je tim koji se ti\u010de NIS-a<\/strong>. Znam da su to mnogi videli kao svoju priliku ne pitaju\u0107i odakle nam novac, jer su pomislili da je vreme da ne\u0161to otmemo. Smatram da niko od nas ne treba da prihvata logiku 1945. i otimanja imovine, tako ne mislim da treba da otimamo Rusima imovinu. Poslednja opcija, mora da bude, a znam da je vi\u0161e od pola vlade za tu opciju, poslednja opcija sme da bude neprijateljsko preduzimanje. Kada vi\u0161e znamo da ne mo\u017eemo da pre\u017eivimo. Delim zabrinutost, sve rezerve bi napravile haos na tr\u017ei\u0161tu, to ne smemo da dozvolimo. Postoji bezbroj mogu\u0107nosti o kojima moramo da razgovaramo.<\/p>\n<\/div>\n<div class=\"article-rte\" data-v-021971af=\"\">\n<p>\u2013 Vidim to kao veliku muku,\u00a0<strong>ogroman problem za nas, posebno u ovakvim geopoliti\u010dkim uslovima, done\u0107e bezbroj problema<\/strong>. Mi ako budemo i\u0161li i da platimo Rusima cenu, to \u0107e im direktno zavr\u0161iti na rati\u0161tu koliko god da platimo. Ne razumem smisao sankcija jer \u0107e taj novac da im se pojavi u Rusiji. To bez pla\u0107anja ne mogu da podnesem, nismo mi otima\u010di, preku pravdu i za otimanje imovine kao \u0161to na Zapadu otimaju Rusima, pa \u0107e jednog dana da se izvinjavaju.\u00a0<strong>Razgovara\u0107u sa Putinom, oko 25, 27. januara, kada budem video \u0161ta su razgovori sa ameri\u010dkom administracijom doneli<\/strong>. Ima\u0107ete situaciju da znate kako stvari stoje. U skladu sa tim nastavite do 15. februara, moramo da donesemo odluku. \u0160to se gasa ti\u010de, i Rusi i Azerbejd\u017ean su pouzdani partneri za nas. Imamo oko 430 miliona kubnih metara gasa u rezervi. Ovo je va\u017eno i za struju.<\/p>\n<\/div>\n<\/div>\n<p><a href=\"https:\/\/faktormagazin.ba\/vijesti\/gotovo-je-sad-uvode-sveobuhvatne-sankcije-za-nis-i-jos-neke-generale-u-srbiji-vucic-otkrio-sta-dalje\/\" target=\"_blank\" rel=\"noopener\">Source link <\/a><br \/>\n\n GOTOVO JE! SAD uvode sveobuhvatne sankcije za NIS i jo\u0161 neke generale u Srbiji! Vu\u010di\u0107 otkrio \u0161ta dalje<\/p>\n","protected":false},"excerpt":{"rendered":"<p>Predsednik Srbije\u00a0Aleksandar Vu\u010di\u0107\u00a0najavio je danas da \u0107e\u00a0SAD uvesti sveukupne sankcije kompaniji NIS. \u2013 Iz razgovora koje sam imao sa Hoze&hellip;<\/p>\n","protected":false},"author":1,"featured_media":4359,"comment_status":"open","ping_status":"open","sticky":false,"template":"","format":"standard","meta":{"footnotes":""},"categories":[1],"tags":[],"class_list":["post-4358","post","type-post","status-publish","format-standard","has-post-thumbnail","hentry","category-oglasi-pantelej"],"_links":{"self":[{"href":"https:\/\/oglasi.infooglasi.rs\/oglasi\/oglasinispantelej\/wp-json\/wp\/v2\/posts\/4358","targetHints":{"allow":["GET"]}}],"collection":[{"href":"https:\/\/oglasi.infooglasi.rs\/oglasi\/oglasinispantelej\/wp-json\/wp\/v2\/posts"}],"about":[{"href":"https:\/\/oglasi.infooglasi.rs\/oglasi\/oglasinispantelej\/wp-json\/wp\/v2\/types\/post"}],"author":[{"embeddable":true,"href":"https:\/\/oglasi.infooglasi.rs\/oglasi\/oglasinispantelej\/wp-json\/wp\/v2\/users\/1"}],"replies":[{"embeddable":true,"href":"https:\/\/oglasi.infooglasi.rs\/oglasi\/oglasinispantelej\/wp-json\/wp\/v2\/comments?post=4358"}],"version-history":[{"count":0,"href":"https:\/\/oglasi.infooglasi.rs\/oglasi\/oglasinispantelej\/wp-json\/wp\/v2\/posts\/4358\/revisions"}],"wp:featuredmedia":[{"embeddable":true,"href":"https:\/\/oglasi.infooglasi.rs\/oglasi\/oglasinispantelej\/wp-json\/wp\/v2\/media\/4359"}],"wp:attachment":[{"href":"https:\/\/oglasi.infooglasi.rs\/oglasi\/oglasinispantelej\/wp-json\/wp\/v2\/media?parent=4358"}],"wp:term":[{"taxonomy":"category","embeddable":true,"href":"https:\/\/oglasi.infooglasi.rs\/oglasi\/oglasinispantelej\/wp-json\/wp\/v2\/categories?post=4358"},{"taxonomy":"post_tag","embeddable":true,"href":"https:\/\/oglasi.infooglasi.rs\/oglasi\/oglasinispantelej\/wp-json\/wp\/v2\/tags?post=4358"}],"curies":[{"name":"wp","href":"https:\/\/api.w.org\/{rel}","templated":true}]}}