{"id":4295,"date":"2023-12-06T05:43:29","date_gmt":"2023-12-06T04:43:29","guid":{"rendered":"https:\/\/oglasi.infooglasi.rs\/oglasi\/oglasinovacrnja\/sastanak-predstavnika-grada-i-srednjobanatskog-okruga-oglasi-nova-crnja\/"},"modified":"2023-12-06T05:43:29","modified_gmt":"2023-12-06T04:43:29","slug":"sastanak-predstavnika-grada-i-srednjobanatskog-okruga-oglasi-nova-crnja","status":"publish","type":"post","link":"https:\/\/oglasi.infooglasi.rs\/oglasi\/oglasinovacrnja\/sastanak-predstavnika-grada-i-srednjobanatskog-okruga-oglasi-nova-crnja\/","title":{"rendered":"Sastanak predstavnika grada i srednjobanatskog okruga &#8211; OGLASI NOVA CRNJA"},"content":{"rendered":"<p><\/p>\n<div data-td-block-uid=\"tdi_86_f66\">\n<div class=\"tdb-block-inner td-fix-index\">\n<p>Gradona\u010delnik Zrenjanina \u010cedomir Janji\u0107 prisustvovao je danas, zajedno sa predsednicima op\u0161tina, sednici Saveta Srednjobanatskog upravnog okruga.<\/p>\n<p>Sednicu je sazvala na\u010delnica okruga Sne\u017eana Vu\u010durevi\u0107, a kako je dnevnim redom predvi\u0111eno data je informacija o spremnosti lokalnih javnih slu\u017ebi za zimski period i radu republi\u010dkih i pokrajinskih inspekcija, nadle\u017enih za Okrug, u prethodnom periodu.<\/p>\n<p>Tokom sednice zajedni\u010dki je ocenjeno da je saradnja Upravnog okruga, Grada Zrenjanina i op\u0161tina Novi Be\u010dej, Nova Crnja, \u017diti\u0161te i Se\u010danj u prethodnom periodu bila veoma dobra, a po re\u010dima na\u010delnice, to se posebno moglo videtu u slu\u010daju primene Zakona o ozakonjenju i popisu nelegalnih objekata na podru\u010dju okruga.<\/p>\n<p>Gradona\u010delnik je rekao da je primetan napredak i da su zahvaljuju\u0107i boljoj saradnji re\u0161eni i odre\u0111ni problemi na teritoriji okruga, jer se neki od njih nisu mogli re\u0161iti bez pomo\u0107i republi\u010dkih organa.<\/p>\n<p>U nastavku sednice potpisan je i Me\u0111uop\u0161tinski sporazum o saradnji na razvoju Geografskog informacionog sistema (GIS).<\/p>\n<p>Miodrag Bogunovi\u0107, koordinator GIS u Gradskoj upravi Zrenjanin, rekao je da \u0107e Grad ponuditi logisti\u010dku podr\u0161ku \u2013 obuku, tehni\u010dku podr\u0161ku i saradnju, a zaposlenima \u0107e primena sistema olak\u0161ati posao.<\/p>\n<\/div>\n<\/div>\n<p><a href=\"https:\/\/z1info.rs\/sastanak-predstavnika-grada-i-srednjobanatskog-okruga\/\" target=\"_blank\" rel=\"noopener\">Source link <\/a><br \/>\n\n Sastanak predstavnika grada i srednjobanatskog okruga<\/p>\n","protected":false},"excerpt":{"rendered":"<p>Gradona\u010delnik Zrenjanina \u010cedomir Janji\u0107 prisustvovao je danas, zajedno sa predsednicima op\u0161tina, sednici Saveta Srednjobanatskog upravnog okruga. Sednicu je sazvala na\u010delnica&hellip;<\/p>\n","protected":false},"author":1,"featured_media":4296,"comment_status":"open","ping_status":"open","sticky":false,"template":"","format":"standard","meta":{"footnotes":""},"categories":[1],"tags":[],"class_list":["post-4295","post","type-post","status-publish","format-standard","has-post-thumbnail","hentry","category-oglasi-nova-crnja"],"_links":{"self":[{"href":"https:\/\/oglasi.infooglasi.rs\/oglasi\/oglasinovacrnja\/wp-json\/wp\/v2\/posts\/4295","targetHints":{"allow":["GET"]}}],"collection":[{"href":"https:\/\/oglasi.infooglasi.rs\/oglasi\/oglasinovacrnja\/wp-json\/wp\/v2\/posts"}],"about":[{"href":"https:\/\/oglasi.infooglasi.rs\/oglasi\/oglasinovacrnja\/wp-json\/wp\/v2\/types\/post"}],"author":[{"embeddable":true,"href":"https:\/\/oglasi.infooglasi.rs\/oglasi\/oglasinovacrnja\/wp-json\/wp\/v2\/users\/1"}],"replies":[{"embeddable":true,"href":"https:\/\/oglasi.infooglasi.rs\/oglasi\/oglasinovacrnja\/wp-json\/wp\/v2\/comments?post=4295"}],"version-history":[{"count":0,"href":"https:\/\/oglasi.infooglasi.rs\/oglasi\/oglasinovacrnja\/wp-json\/wp\/v2\/posts\/4295\/revisions"}],"wp:featuredmedia":[{"embeddable":true,"href":"https:\/\/oglasi.infooglasi.rs\/oglasi\/oglasinovacrnja\/wp-json\/wp\/v2\/media\/4296"}],"wp:attachment":[{"href":"https:\/\/oglasi.infooglasi.rs\/oglasi\/oglasinovacrnja\/wp-json\/wp\/v2\/media?parent=4295"}],"wp:term":[{"taxonomy":"category","embeddable":true,"href":"https:\/\/oglasi.infooglasi.rs\/oglasi\/oglasinovacrnja\/wp-json\/wp\/v2\/categories?post=4295"},{"taxonomy":"post_tag","embeddable":true,"href":"https:\/\/oglasi.infooglasi.rs\/oglasi\/oglasinovacrnja\/wp-json\/wp\/v2\/tags?post=4295"}],"curies":[{"name":"wp","href":"https:\/\/api.w.org\/{rel}","templated":true}]}}