{"id":4330,"date":"2024-01-03T07:40:47","date_gmt":"2024-01-03T06:40:47","guid":{"rendered":"https:\/\/oglasi.infooglasi.rs\/oglasi\/oglasinovacrnja\/decak-13-u-novoj-crnji-sekirom-napao-dve-osobe-njegovom-ocu-odredjeno-zadrzavanje-u-policiji-oglasi-nova-crnja\/"},"modified":"2024-01-03T07:40:47","modified_gmt":"2024-01-03T06:40:47","slug":"decak-13-u-novoj-crnji-sekirom-napao-dve-osobe-njegovom-ocu-odredjeno-zadrzavanje-u-policiji-oglasi-nova-crnja","status":"publish","type":"post","link":"https:\/\/oglasi.infooglasi.rs\/oglasi\/oglasinovacrnja\/decak-13-u-novoj-crnji-sekirom-napao-dve-osobe-njegovom-ocu-odredjeno-zadrzavanje-u-policiji-oglasi-nova-crnja\/","title":{"rendered":"De\u010dak (13) u Novoj Crnji sekirom napao dve osobe, njegovom ocu odre\u0111eno zadr\u017eavanje u policiji &#8211; OGLASI NOVA CRNJA"},"content":{"rendered":"<p><\/p>\n<div>\n<p>De\u010dak (13) napao sekirom dvoje ljudi kod Zrenjanina<\/p>\n<p>ZRENJANIN \u2013 Hitna pomo\u0107 je u zrenjaninski Urgentni centar no\u0107as oko 3 \u010dasa dovela majku i sina koji su napadnuti sekirom i no\u017eem. Kako se nezvani\u010dno saznaje, majka (57) je sekirom zadobila povrede po glavi i hitno je preba\u010dena u Klini\u010dki centar Vojvodine, dok je jen sin (17) zadobio vi\u0161e uboda no\u017eem u predelu grudi [\u2026]\n<p>Op\u0161irnije<\/p>\n<\/div>\n<p><script>\n!function(f,b,e,v,n,t,s)\n{if(f.fbq)return;n=f.fbq=function(){n.callMethod?\nn.callMethod.apply(n,arguments):n.queue.push(arguments)};\nif(!f._fbq)f._fbq=n;n.push=n;n.loaded=!0;n.version='2.0';\nn.queue=[];t=b.createElement(e);t.async=!0;\nt.src=v;s=b.getElementsByTagName(e)[0];\ns.parentNode.insertBefore(t,s)}(window,document,'script',\n'https:\/\/connect.facebook.net\/en_US\/fbevents.js');\nfbq('init', '3029724074022447'); \nfbq('track', 'PageView');\n<\/script><br \/>\n<br \/><a href=\"https:\/\/vojvodinauzivo.rs\/decak-13-u-novoj-crnji-sekirom-napao-dve-osobe-njegovom-ocu-odredeno-zadrzavanje-u-policiji\/\" target=\"_blank\" rel=\"noopener\">Source link <\/a><br \/>\n\n De\u010dak (13) u Novoj Crnji sekirom napao dve osobe, njegovom ocu odre\u0111eno zadr\u017eavanje u policiji<\/p>\n","protected":false},"excerpt":{"rendered":"<p>De\u010dak (13) napao sekirom dvoje ljudi kod Zrenjanina ZRENJANIN \u2013 Hitna pomo\u0107 je u zrenjaninski Urgentni centar no\u0107as oko 3&hellip;<\/p>\n","protected":false},"author":1,"featured_media":4331,"comment_status":"open","ping_status":"open","sticky":false,"template":"","format":"standard","meta":{"footnotes":""},"categories":[1],"tags":[],"class_list":["post-4330","post","type-post","status-publish","format-standard","has-post-thumbnail","hentry","category-oglasi-nova-crnja"],"_links":{"self":[{"href":"https:\/\/oglasi.infooglasi.rs\/oglasi\/oglasinovacrnja\/wp-json\/wp\/v2\/posts\/4330","targetHints":{"allow":["GET"]}}],"collection":[{"href":"https:\/\/oglasi.infooglasi.rs\/oglasi\/oglasinovacrnja\/wp-json\/wp\/v2\/posts"}],"about":[{"href":"https:\/\/oglasi.infooglasi.rs\/oglasi\/oglasinovacrnja\/wp-json\/wp\/v2\/types\/post"}],"author":[{"embeddable":true,"href":"https:\/\/oglasi.infooglasi.rs\/oglasi\/oglasinovacrnja\/wp-json\/wp\/v2\/users\/1"}],"replies":[{"embeddable":true,"href":"https:\/\/oglasi.infooglasi.rs\/oglasi\/oglasinovacrnja\/wp-json\/wp\/v2\/comments?post=4330"}],"version-history":[{"count":0,"href":"https:\/\/oglasi.infooglasi.rs\/oglasi\/oglasinovacrnja\/wp-json\/wp\/v2\/posts\/4330\/revisions"}],"wp:featuredmedia":[{"embeddable":true,"href":"https:\/\/oglasi.infooglasi.rs\/oglasi\/oglasinovacrnja\/wp-json\/wp\/v2\/media\/4331"}],"wp:attachment":[{"href":"https:\/\/oglasi.infooglasi.rs\/oglasi\/oglasinovacrnja\/wp-json\/wp\/v2\/media?parent=4330"}],"wp:term":[{"taxonomy":"category","embeddable":true,"href":"https:\/\/oglasi.infooglasi.rs\/oglasi\/oglasinovacrnja\/wp-json\/wp\/v2\/categories?post=4330"},{"taxonomy":"post_tag","embeddable":true,"href":"https:\/\/oglasi.infooglasi.rs\/oglasi\/oglasinovacrnja\/wp-json\/wp\/v2\/tags?post=4330"}],"curies":[{"name":"wp","href":"https:\/\/api.w.org\/{rel}","templated":true}]}}