{"id":4384,"date":"2023-12-31T00:18:54","date_gmt":"2023-12-30T23:18:54","guid":{"rendered":"https:\/\/oglasi.infooglasi.rs\/oglasi\/oglasinovavaros\/dveri-obelezile-dan-porodice-u-50-gradova-i-opstina-oglasi-nova-varos\/"},"modified":"2023-12-31T00:18:54","modified_gmt":"2023-12-30T23:18:54","slug":"dveri-obelezile-dan-porodice-u-50-gradova-i-opstina-oglasi-nova-varos","status":"publish","type":"post","link":"https:\/\/oglasi.infooglasi.rs\/oglasi\/oglasinovavaros\/dveri-obelezile-dan-porodice-u-50-gradova-i-opstina-oglasi-nova-varos\/","title":{"rendered":"Dveri obele\u017eile Dan porodice u 50 gradova i op\u0161tina &#8211; OGLASI NOVA VARO\u0160"},"content":{"rendered":"<p><\/p>\n<div>\n<img decoding=\"async\" src=\"https:\/\/dveri.rs\/wp-content\/uploads\/2019\/10\/dveri-defile-decijih-osmeha-2019-05-19123705.jpg\" alt=\"Dveri obele\u017eile Dan porodice u 50 gradova i op\u0161tina\"\/><\/p>\n<h4 style=\"font-size: 22px;font-weight: bold;color:#222222\">Srpski pokret Dveri je i ove godine tradicionalno obele\u017eio Dan porodice. \u0160irom Srbije u gradskim i op\u0161tinskim organizacijama Dveri, raznim manifestacijama smo slavili lepotu i zna\u010daj porodice i predstavljali na\u0161u porodi\u010dnu politiku.<\/h4>\n<p> Op\u0161tine i gradovi u kojima su ra\u0111ene akcije povodom Dana porodice su: <a href=\"https:\/\/dveri.rs\/clanci\/nedelja-porodice-u-arandjelovcu#cyr\" target=\"_blank\" rel=\"noopener\">Aran\u0111elovac<\/a>, <a href=\"https:\/\/dveri.rs\/clanci\/porodicna-nedelja-u-kraljevu#cyr\" target=\"_blank\" rel=\"noopener\">Kraljevo<\/a>, <a href=\"https:\/\/dveri.rs\/clanci\/kragujevac-obelezio-nedelju-porodice#cyr\" target=\"_blank\" rel=\"noopener\">Kragujevac<\/a>, <a href=\"https:\/\/dveri.rs\/clanci\/dveri-pirot-obelezile-medjunarodni-dan-porodice#cyr\" target=\"_blank\" rel=\"noopener\">Pirot<\/a>, <a href=\"https:\/\/dveri.rs\/clanci\/dan-porodice-u-kosjericu#cyr\" target=\"_blank\" rel=\"noopener\">Kosjeri\u0107<\/a>, <a href=\"https:\/\/dveri.rs\/clanci\/obelezena-nedelja-porodice-i-u-sapcu#cyr\" target=\"_blank\" rel=\"noopener\">\u0160abac<\/a>, <a href=\"https:\/\/dveri.rs\/clanci\/porodicni-dan-u-svilajncu#cyr\" target=\"_blank\" rel=\"noopener\">Svilajnac<\/a>, <a href=\"https:\/\/dveri.rs\/clanci\/dveri-cukarica-i-rakovica-podrska-porodici#cyr\" target=\"_blank\" rel=\"noopener\">Rakovica i \u010cukarica<\/a>, <a href=\"https:\/\/dveri.rs\/clanci\/dveri-u-prokuplju-organizovale-dan-porodice#cyr\" target=\"_blank\" rel=\"noopener\">Prokuplje<\/a>, <a href=\"https:\/\/dveri.rs\/clanci\/tamara-kerkovic-dan-porodice-u-nisu-#cyr\" target=\"_blank\" rel=\"noopener\">Ni\u0161<\/a>, <a href=\"https:\/\/dveri.rs\/clanci\/nedelja-porodice-u-jagodini-mi-nudimo-drugaciji-pristup#cyr\" target=\"_blank\" rel=\"noopener\">Jagodina<\/a>, <a href=\"https:\/\/dveri.rs\/clanci\/dveri-u-bujanovcu-obelezile-nedelju-porodice#cyr\" target=\"_blank\" rel=\"noopener\">Bujanovac<\/a>, <a href=\"https:\/\/dveri.rs\/clanci\/dan-porodice-i-u-smederevu#cyr\" target=\"_blank\" rel=\"noopener\">Smederevo<\/a>, <a href=\"https:\/\/dveri.rs\/clanci\/dveri-leskovac-porodica-za-spas#cyr\" target=\"_blank\" rel=\"noopener\">Leskovac<\/a>, <a href=\"https:\/\/dveri.rs\/clanci\/dveri-u-velikoj-plani-obelezile-nedelju-porodice#cyr\" target=\"_blank\" rel=\"noopener\">Velika Plana<\/a>, <a href=\"https:\/\/dveri.rs\/clanci\/dan-porodice-u-loznici-neophodni-veci-podsticaji-a-ne-kozmetika#cyr\" target=\"_blank\" rel=\"noopener\">Loznica<\/a>, <a href=\"https:\/\/dveri.rs\/clanci\/dan-porodice-u-uzicu#cyr\" target=\"_blank\" rel=\"noopener\">U\u017eice<\/a>, <a href=\"https:\/\/dveri.rs\/clanci\/u-sremskoj-mitrovici-obelezena-nedelja-porodice#cyr\" target=\"_blank\" rel=\"noopener\">Sremska Mitrovica<\/a>, <a href=\"https:\/\/dveri.rs\/clanci\/dveri-pecinci-su-obelezili-nedelju-porodice-humanitarnom-akcijom#cyr\" target=\"_blank\" rel=\"noopener noreferrer\">Pe\u0107inci<\/a>, <a href=\"https:\/\/dveri.rs\/clanci\/dan-porodice-u-krusevcu#cyr\" target=\"_blank\" rel=\"noopener\">Kru\u0161evac<\/a>, <a href=\"https:\/\/dveri.rs\/clanci\/dani-porodice-u-prijepolju#cyr\" target=\"_blank\" rel=\"noopener\">Prijepolje<\/a>, <a href=\"https:\/\/dveri.rs\/clanci\/dan-porodice-u-ivanjici#cyr\" target=\"_blank\" rel=\"noopener\">Ivanjica<\/a>, <a href=\"https:\/\/dveri.rs\/clanci\/dveri-cacak-obelezile-nedelju-porodice#cyr\" target=\"_blank\" rel=\"noopener\">\u010ca\u010dak<\/a>, <a href=\"https:\/\/dveri.rs\/clanci\/dveri-na-zvezdari-obelezile-nedelju-porodice#cyr\" target=\"_blank\" rel=\"noopener\">Zvezdara<\/a>, <a href=\"https:\/\/dveri.rs\/clanci\/dveri-indjija-medjunarodni-dan-porodice#cyr\" target=\"_blank\" rel=\"noopener\">In\u0111ija<\/a>, <a href=\"https:\/\/dveri.rs\/clanci\/porodicni-dan-u-knjazevcu#cyr\" target=\"_blank\" rel=\"noopener\">Knja\u017eevac<\/a>, <a href=\"https:\/\/dveri.rs\/clanci\/dveri-zemun-porodicama-su-potrebni-uslovi-a-ne-lepe-reci#cyr\" target=\"_blank\" rel=\"noopener\">Zemun<\/a>, <a href=\"https:\/\/dveri.rs\/clanci\/dveri-stari-grad-odrzale-akciju-u-okviru-nedelje-porodice#cyr\" target=\"_blank\" rel=\"noopener\">Stari Grad<\/a>, Vo\u017edovac, Lazarevac, Obrenovac, <a href=\"https:\/\/dveri.rs\/clanci\/dveri-mladenovac-srecna-porodica-uslov-za-uspesno-drustvo#cyr\" target=\"_blank\" rel=\"noopener\">Mladenovac<\/a>, Subotica, <a href=\"https:\/\/dveri.rs\/clanci\/stara-pazova-obelezila-dan-porodice#cyr\" target=\"_blank\" rel=\"noopener\">Stara Pazova<\/a>, <a href=\"https:\/\/dveri.rs\/clanci\/dveri-novi-sad-zivot-je-na-nasoj-strani#cyr\" target=\"_blank\" rel=\"noopener\">Novi Sad<\/a>, <a href=\"https:\/\/dveri.rs\/clanci\/pancevo-nedelje-porodice#cyr\" target=\"_blank\" rel=\"noopener\">Pan\u010devo<\/a>, Zrenjanin, <a href=\"https:\/\/dveri.rs\/clanci\/dveri-vranje-na-dan-porodice-vlast-nema-ozbiljnu-porodicnu-politiku#cyr\" target=\"_blank\" rel=\"nofollow noopener noreferrer\">Vranje<\/a>, <a href=\"https:\/\/dveri.rs\/clanci\/dveri-negotin-obelezena-nedelja-porodice-i-u-negotinu#cyr\" target=\"_blank\" rel=\"noopener noreferrer\">Negotin<\/a>, Bor, Petrovac na Mlavi, <a href=\"https:\/\/dveri.rs\/clanci\/obelezen-dan-porodice-u-smederevskoj-palanci#cyr\" target=\"_blank\" rel=\"noopener\">Smederevska Palanka<\/a>, Nova Varo\u0161, Bajina Ba\u0161ta, Trstenik, Gornji Milanovac, <a href=\"https:\/\/dveri.rs\/clanci\/dveri-u-zajecaru-obelezile-nedelju-porodice#cyr\" target=\"_blank\" rel=\"noopener\">Zaje\u010dar<\/a>, <a href=\"https:\/\/dveri.rs\/clanci\/obelezen-dan-porodice-u-aleksincu#cyr\" target=\"_blank\" rel=\"noopener\">Aleksinac<\/a>, kao i centralna manifestacija \u201eDefile de\u010dijih osmeha\u201c na Ta\u0161majdanskom parku u\u00a0 <a href=\"https:\/\/dveri.rs\/dveri-odrzale-defile-decijih-osmeha#cyr\" target=\"_blank\" rel=\"noopener\">Beogradu<\/a>.<\/p>\n<p><img decoding=\"async\" style=\"width: 703.067px; height: 395.306px;\" src=\"&#10;http:\/\/dveri.dveri.org.rs\/uploads\/news\/0000000_498069ecc628d60d878a3720c14e99bf.jpg\"\/><\/p>\n<p>Na\u0161e organizacije su se trudile da pored \u0161tandova i balona za decu, na\u0161im najmla\u0111im sugra\u0111anima obezbede i animatore, kao i slatki\u0161e i osve\u017eenje.<\/p>\n<p>Sve akcije su pro\u0161le u najboljoj mogu\u0107oj atmosferi, razgovoru sa gra\u0111anima i dru\u017eenju sa mali\u0161anima, kao \u0161to i dolikuje ovakvoj jednoj akciji.<\/p>\n<p>Srpski pokret Dveri \u0107e nastaviti da se bori za porodi\u010dne vrednosti, jer bez jake porodice nema jake Srbije!<\/p>\n<p>\u00a0<\/p>\n<p><i>Info slu\u017eba Dveri<\/i><\/p>\n<\/div>\n<p><a href=\"https:\/\/dveri.rs\/saopstenja\/dveri-obelezile-dan-porodice-u-gradova-i-opstina?utm_source=rss&#038;utm_medium=rss&#038;utm_campaign=dveri-obelezile-dan-porodice-u-gradova-i-opstina\" target=\"_blank\" rel=\"noopener\">Source link <\/a><br \/>\n\n Dveri obele\u017eile Dan porodice u 50 gradova i op\u0161tina<\/p>\n","protected":false},"excerpt":{"rendered":"<p>Srpski pokret Dveri je i ove godine tradicionalno obele\u017eio Dan porodice. \u0160irom Srbije u gradskim i op\u0161tinskim organizacijama Dveri, raznim&hellip;<\/p>\n","protected":false},"author":1,"featured_media":4385,"comment_status":"open","ping_status":"open","sticky":false,"template":"","format":"standard","meta":{"footnotes":""},"categories":[1],"tags":[],"class_list":["post-4384","post","type-post","status-publish","format-standard","has-post-thumbnail","hentry","category-oglasi-nova-varos"],"_links":{"self":[{"href":"https:\/\/oglasi.infooglasi.rs\/oglasi\/oglasinovavaros\/wp-json\/wp\/v2\/posts\/4384","targetHints":{"allow":["GET"]}}],"collection":[{"href":"https:\/\/oglasi.infooglasi.rs\/oglasi\/oglasinovavaros\/wp-json\/wp\/v2\/posts"}],"about":[{"href":"https:\/\/oglasi.infooglasi.rs\/oglasi\/oglasinovavaros\/wp-json\/wp\/v2\/types\/post"}],"author":[{"embeddable":true,"href":"https:\/\/oglasi.infooglasi.rs\/oglasi\/oglasinovavaros\/wp-json\/wp\/v2\/users\/1"}],"replies":[{"embeddable":true,"href":"https:\/\/oglasi.infooglasi.rs\/oglasi\/oglasinovavaros\/wp-json\/wp\/v2\/comments?post=4384"}],"version-history":[{"count":0,"href":"https:\/\/oglasi.infooglasi.rs\/oglasi\/oglasinovavaros\/wp-json\/wp\/v2\/posts\/4384\/revisions"}],"wp:featuredmedia":[{"embeddable":true,"href":"https:\/\/oglasi.infooglasi.rs\/oglasi\/oglasinovavaros\/wp-json\/wp\/v2\/media\/4385"}],"wp:attachment":[{"href":"https:\/\/oglasi.infooglasi.rs\/oglasi\/oglasinovavaros\/wp-json\/wp\/v2\/media?parent=4384"}],"wp:term":[{"taxonomy":"category","embeddable":true,"href":"https:\/\/oglasi.infooglasi.rs\/oglasi\/oglasinovavaros\/wp-json\/wp\/v2\/categories?post=4384"},{"taxonomy":"post_tag","embeddable":true,"href":"https:\/\/oglasi.infooglasi.rs\/oglasi\/oglasinovavaros\/wp-json\/wp\/v2\/tags?post=4384"}],"curies":[{"name":"wp","href":"https:\/\/api.w.org\/{rel}","templated":true}]}}