{"id":4887,"date":"2024-07-20T03:10:00","date_gmt":"2024-07-20T01:10:00","guid":{"rendered":"https:\/\/oglasi.infooglasi.rs\/oglasi\/oglasinovisad\/na-festivale-v-cerpotoku-i-hlozancania-a-padincania-oglasi-novi-sad\/"},"modified":"2024-07-20T03:10:00","modified_gmt":"2024-07-20T01:10:00","slug":"na-festivale-v-cerpotoku-i-hlozancania-a-padincania-oglasi-novi-sad","status":"publish","type":"post","link":"https:\/\/oglasi.infooglasi.rs\/oglasi\/oglasinovisad\/na-festivale-v-cerpotoku-i-hlozancania-a-padincania-oglasi-novi-sad\/","title":{"rendered":"Na festivale v\u00a0\u010cerpotoku i\u00a0Hlo\u017ean\u010dania a\u00a0Padin\u010dania &#8211; OGLASI NOVI SAD"},"content":{"rendered":"<p><\/p>\n<div> <!--<![endif]--><head><link data-optimized=\"2\" rel=\"stylesheet\" href=\"https:\/\/hl.rs\/wp-content\/litespeed\/css\/7142d843b642a918bd5c389f59cfd6c9.css?ver=3d29a\"\/> <meta http-equiv=\"Content-Type\" content=\"text\/html; charset=UTF-8\"\/><meta name=\"viewport\" content=\"width=device-width, initial-scale=1, user-scalable=yes\"\/><link rel=\"profile\" href=\"http:\/\/gmpg.org\/xfn\/11\"\/><link rel=\"pingback\" href=\"https:\/\/hl.rs\/xmlrpc.php\"\/><meta name=\"theme-color\" content=\"#1b80b3\"\/><meta name=\"msapplication-navbutton-color\" content=\"#1b80b3\"\/><meta name=\"apple-mobile-web-app-status-bar-style\" content=\"#1b80b3\"\/><meta name=\"robots\" content=\"index, follow, max-image-preview:large, max-snippet:-1, max-video-preview:-1\"\/><meta property=\"og:type\" content=\"article\"\/><meta property=\"og:title\" content=\"Na festivale v\u00a0\u010cerpotoku i\u00a0Hlo\u017ean\u010dania a\u00a0Padin\u010dania\"\/><meta property=\"og:site_name\" content=\"Hlas \u013eudu\"\/><meta property=\"og:description\" content=\"V\u00a0t\u00fdchto d\u0148och (od 19. do 21. j\u00fala) prebieha najv\u00e4\u010d\u0161\u00ed folkl\u00f3rny festival Slov\u00e1kov v\u00a0Rumunsku Ml\u00e1de\u017en\u00edcky folkl\u00f3rny \u010cerpotok 2024. V\u00a0pestrom programe aj\"\/><meta property=\"og:url\" content=\"https:\/\/hl.rs\/na-festivale-v-cerpotoku-i-hlozancania-a-padincania\/\"\/><meta property=\"og:locale\" content=\"sk_SK\"\/><meta property=\"og:image\" content=\"https:\/\/hl.rs\/wp-content\/uploads\/2024\/07\/MSS-Hlozany-scaled.jpg\"\/><meta property=\"og:image:height\" content=\"1282\"\/><meta property=\"og:image:width\" content=\"2560\"\/><meta property=\"article:published_time\" content=\"2024-07-19T16:26:59+02:00\"\/><meta property=\"article:modified_time\" content=\"2024-07-19T16:26:59+02:00\"\/><meta property=\"article:section\" content=\"Kult\u00fara\"\/><meta property=\"article:tag\" content=\"KOS Jednota Hlo\u017eany\"\/><meta property=\"article:tag\" content=\"Ml\u00e1de\u017en\u00edcky folkl\u00f3rny \u010cerpotok 2024\"\/><meta property=\"article:tag\" content=\"SKUS Slne\u010dnica\u00a0Padina\"\/><meta name=\"twitter:card\" content=\"summary_large_image\"\/><meta name=\"twitter:title\" content=\"Na festivale v\u00a0\u010cerpotoku i\u00a0Hlo\u017ean\u010dania a\u00a0Padin\u010dania\"\/><meta name=\"twitter:description\" content=\"V\u00a0t\u00fdchto d\u0148och (od 19. do 21. j\u00fala) prebieha najv\u00e4\u010d\u0161\u00ed folkl\u00f3rny festival Slov\u00e1kov v\u00a0Rumunsku Ml\u00e1de\u017en\u00edcky folkl\u00f3rny \u010cerpotok 2024. V\u00a0pestrom programe aj\"\/><meta name=\"twitter:url\" content=\"https:\/\/hl.rs\/na-festivale-v-cerpotoku-i-hlozancania-a-padincania\/\"\/><meta name=\"twitter:site\" content=\"\"\/><meta name=\"twitter:image\" content=\"https:\/\/hl.rs\/wp-content\/uploads\/2024\/07\/MSS-Hlozany-scaled.jpg\"\/><meta name=\"twitter:image:width\" content=\"2560\"\/><meta name=\"twitter:image:height\" content=\"1282\"\/>   <title>Na festivale v\u00a0\u010cerpotoku i\u00a0Hlo\u017ean\u010dania a\u00a0Padin\u010dania &#8211; Hlas \u013eudu<\/title><link rel=\"canonical\" href=\"https:\/\/hl.rs\/na-festivale-v-cerpotoku-i-hlozancania-a-padincania\/\"\/><meta property=\"og:locale\" content=\"sk_SK\"\/><meta property=\"og:type\" content=\"article\"\/><meta property=\"og:title\" content=\"Na festivale v\u00a0\u010cerpotoku i\u00a0Hlo\u017ean\u010dania a\u00a0Padin\u010dania - Hlas \u013eudu\"\/><meta property=\"og:description\" content=\"V\u00a0t\u00fdchto d\u0148och (od 19. do 21. j\u00fala) prebieha najv\u00e4\u010d\u0161\u00ed folkl\u00f3rny festival Slov\u00e1kov v\u00a0Rumunsku Ml\u00e1de\u017en\u00edcky folkl\u00f3rny \u010cerpotok 2024. V\u00a0pestrom programe aj tentoraz sa div\u00e1kom predostrie p\u00f4vodn\u00e1 kult\u00fara a\u00a0trad\u00edcie Slov\u00e1kov v\u00a0hostite\u013eskom Rumunsku, ale aj v\u00a0krajansk\u00fdch komunit\u00e1ch z\u00a0okolit\u00fdch kraj\u00edn Dolnej zeme. Na 18. ro\u010dn\u00edku tohto medzin\u00e1rodn\u00e9ho festivalu vojvodinsk\u00fdch Slov\u00e1kov reprezentuj\u00fa ochotn\u00edci\u00a0KOS Jednota v\u00a0Hlo\u017eanoch a\u00a0SKUS Slne\u010dnica v\u00a0Padine. Vyst\u00fapia tane\u010dn\u00edci, [\u2026]\"\/><meta property=\"og:url\" content=\"https:\/\/hl.rs\/na-festivale-v-cerpotoku-i-hlozancania-a-padincania\/\"\/><meta property=\"og:site_name\" content=\"Hlas \u013eudu\"\/><meta property=\"article:published_time\" content=\"2024-07-19T14:26:59+00:00\"\/><meta property=\"og:image\" content=\"https:\/\/hl.rs\/wp-content\/uploads\/2024\/07\/MSS-Hlozany-scaled.jpg\"\/><meta property=\"og:image:width\" content=\"2560\"\/><meta property=\"og:image:height\" content=\"1282\"\/><meta property=\"og:image:type\" content=\"image\/jpeg\"\/><meta name=\"author\" content=\"A. FRANCISTYOV\u00c1\"\/><meta name=\"twitter:card\" content=\"summary_large_image\"\/><meta name=\"twitter:label1\" content=\"Autor\"\/><meta name=\"twitter:data1\" content=\"A. FRANCISTYOV\u00c1\"\/><meta name=\"twitter:label2\" content=\"Predpokladan\u00fd \u010das \u010d\u00edtania\"\/><meta name=\"twitter:data2\" content=\"1 min\u00fata\"\/>  <link rel=\"dns-prefetch\" href=\"https:\/\/www.googletagmanager.com\"\/><link rel=\"dns-prefetch\" href=\"https:\/\/fonts.googleapis.com\"\/><link rel=\"preconnect\" href=\"https:\/\/fonts.gstatic.com\"\/><link rel=\"alternate\" type=\"application\/rss+xml\" title=\"RSS kan\u00e1l: Hlas \u013eudu \u00bb\" href=\"https:\/\/hl.rs\/feed\/\"\/><link rel=\"preload\" as=\"font\" type=\"font\/woff2\" crossorigin=\"\" id=\"font-awesome-webfont-css\" href=\"https:\/\/hl.rs\/wp-content\/themes\/jnews\/assets\/fonts\/font-awesome\/fonts\/fontawesome-webfont.woff2?v=4.7.0\" media=\"all\"\/><link rel=\"preload\" as=\"font\" type=\"font\/woff\" crossorigin=\"\" id=\"jnews-icon-webfont-css\" href=\"https:\/\/hl.rs\/wp-content\/themes\/jnews\/assets\/fonts\/jegicon\/fonts\/jegicon.woff\" media=\"all\"\/>      <link rel=\"https:\/\/api.w.org\/\" href=\"https:\/\/hl.rs\/wp-json\/\"\/><link rel=\"alternate\" title=\"JSON\" type=\"application\/json\" href=\"https:\/\/hl.rs\/wp-json\/wp\/v2\/posts\/133749\"\/><link rel=\"EditURI\" type=\"application\/rsd+xml\" title=\"RSD\" href=\"https:\/\/hl.rs\/xmlrpc.php?rsd\"\/><meta name=\"generator\" content=\"WordPress 6.6\"\/><link rel=\"shortlink\" href=\"https:\/\/hl.rs\/?p=133749\"\/><link rel=\"alternate\" title=\"oEmbed (JSON)\" type=\"application\/json+oembed\" href=\"https:\/\/hl.rs\/wp-json\/oembed\/1.0\/embed?url=https%3A%2F%2Fhl.rs%2Fna-festivale-v-cerpotoku-i-hlozancania-a-padincania%2F\"\/><link rel=\"alternate\" title=\"oEmbed (XML)\" type=\"text\/xml+oembed\" href=\"https:\/\/hl.rs\/wp-json\/oembed\/1.0\/embed?url=https%3A%2F%2Fhl.rs%2Fna-festivale-v-cerpotoku-i-hlozancania-a-padincania%2F&amp;format=xml\"\/><meta name=\"generator\" content=\"Site Kit by Google 1.131.0\"\/><meta name=\"google-adsense-platform-account\" content=\"ca-host-pub-2644536267352236\"\/><meta name=\"google-adsense-platform-domain\" content=\"sitekit.withgoogle.com\"\/><meta name=\"onesignal\" content=\"wordpress-plugin\"\/>  <meta name=\"generator\" content=\"Powered by WPBakery Page Builder - drag and drop page builder for WordPress.\"\/>     <link rel=\"icon\" href=\"https:\/\/hl.rs\/wp-content\/uploads\/2021\/08\/cropped-hlas-ludu-logo-32x32.jpg\" sizes=\"32x32\"\/><link rel=\"icon\" href=\"https:\/\/hl.rs\/wp-content\/uploads\/2021\/08\/cropped-hlas-ludu-logo-192x192.jpg\" sizes=\"192x192\"\/><link rel=\"apple-touch-icon\" href=\"https:\/\/hl.rs\/wp-content\/uploads\/2021\/08\/cropped-hlas-ludu-logo-180x180.jpg\"\/><meta name=\"msapplication-TileImage\" content=\"https:\/\/hl.rs\/wp-content\/uploads\/2021\/08\/cropped-hlas-ludu-logo-270x270.jpg\"\/><br \/>\n<noscript\/><\/head><body class=\"post-template-default single single-post postid-133749 single-format-standard wp-custom-logo wp-embed-responsive jeg_toggle_light jeg_single_tpl_1 jnews jsc_normal wpb-js-composer js-comp-ver-7.7.2 vc_responsive\" id=\"wp_automatic_ReadabilityBody\"><\/p>\n<div class=\"jeg_viewport\">\n<div class=\"post-wrapper\">\n<div class=\"post-wrap\">\n<div class=\"jeg_main jeg_wide_content\">\n<div class=\"jeg_container\">\n<div class=\"jeg_content jeg_singlepage\">\n<div class=\"container\">\n<div class=\"row\">\n<div class=\"jeg_main_content col-md-9\">\n<div class=\"jeg_inner_content\">\n<div class=\"entry-content no-share\">\n<div class=\"content-inner \">\n<div class=\"intro-text\">\n<p>V\u00a0t\u00fdchto d\u0148och (od 19. do 21. j\u00fala) prebieha najv\u00e4\u010d\u0161\u00ed folkl\u00f3rny festival Slov\u00e1kov v\u00a0Rumunsku Ml\u00e1de\u017en\u00edcky folkl\u00f3rny \u010cerpotok 2024. V\u00a0pestrom programe aj tentoraz sa div\u00e1kom predostrie p\u00f4vodn\u00e1 kult\u00fara a\u00a0trad\u00edcie Slov\u00e1kov v\u00a0hostite\u013eskom Rumunsku, ale aj v\u00a0krajansk\u00fdch komunit\u00e1ch z\u00a0okolit\u00fdch kraj\u00edn Dolnej zeme.<\/p>\n<\/div>\n<p>Na 18. ro\u010dn\u00edku tohto medzin\u00e1rodn\u00e9ho festivalu vojvodinsk\u00fdch Slov\u00e1kov reprezentuj\u00fa ochotn\u00edci\u00a0<strong>KOS Jednota v\u00a0Hlo\u017eanoch<\/strong> a\u00a0<strong>SKUS Slne\u010dnica v\u00a0Padine<\/strong>. Vyst\u00fapia tane\u010dn\u00edci, hudobn\u00edci, \u017eensk\u00e9, mu\u017esk\u00e9 a\u00a0diev\u010densk\u00e9 spev\u00e1cke skupiny a\u00a0spev\u00e1ci \u2013 s\u00f3listi. Je to \u010fal\u0161ie vz\u00e1cne letn\u00e9 folkl\u00f3rne s\u00fastredenie, kde sa v\u010faka tancu a\u00a0spevu stret\u00e1vaj\u00fa a\u00a0zoznamuj\u00fa \u010dlenovia slovensk\u00fdch folkl\u00f3rnych s\u00faborov zo slovensk\u00e9ho zahrani\u010dia,\u00a0navz\u00e1jom sa podporuj\u00fa v\u00a0\u010fal\u0161om zvidite\u013e\u0148ovan\u00ed a\u00a0zachov\u00e1van\u00ed zdeden\u00fdch hodn\u00f4t \u013eudovej slovesnosti.<\/p>\n<\/div>\n<\/div>\n<\/div>\n<\/div>\n<\/div>\n<\/div>\n<\/div>\n<\/div>\n<\/div>\n<\/div>\n<\/div>\n<\/div>\n<div id=\"jeg_off_canvas\" class=\"normal\">\n<div class=\"jeg_mobile_wrapper\">\n<div class=\"nav_wrap\">\n<div class=\"item_main\">\n<div class=\"jeg_aside_item jeg_search_wrapper jeg_search_no_expand round\">\n<a href=\"#\" class=\"jeg_search_toggle\"><i class=\"fa fa-search\"\/><\/a><\/p>\n<div class=\"jeg_search_result jeg_search_hide with_result\">\n<p>\nNo Result<\/p>\n<p>\n<i class=\"fa fa-search\"\/> View All Result<\/p>\n<\/div>\n<\/div>\n<\/div>\n<\/div>\n<\/div>\n<\/div>\n<div class=\"jnews-cookie-law-policy\">Na zlep\u0161enie na\u0161ich slu\u017eieb pou\u017e\u00edvame cookies. O ich pou\u017e\u00edvan\u00ed a mo\u017enostiach nastavenia sa m\u00f4\u017eete informova\u0165 bli\u017e\u0161ie tu &#8211;  <a href=\"https:\/\/hl.rs\/zasady-ochrany-osobnych-udajov\/\" target=\"_blank\" rel=\"noopener\">Z\u00e1sady ochrany osobn\u00fdch \u00fadajov<\/a>. <button data-expire=\"7\" class=\"btn btn-cookie\">Prihl\u00e1si\u0165 sa na odber <\/button><\/div>\n<p><noscript><br \/>\n<iframe loading=\"lazy\" data-lazyloaded=\"1\" src=\"https:\/\/hl.rs\/na-festivale-v-cerpotoku-i-hlozancania-a-padincania\/about:blank\" data-litespeed-src=\"https:\/\/www.googletagmanager.com\/ns.html?id=GTM-5SS4Z5B\" height=\"0\" width=\"0\" style=\"display:none;visibility:hidden\"><\/iframe><br \/>\n<\/noscript><br \/>\n      <!--[if lt IE 9]>  <![endif]-->        <\/body><\/div>\n<p><a href=\"https:\/\/hl.rs\/na-festivale-v-cerpotoku-i-hlozancania-a-padincania\/\" target=\"_blank\" rel=\"noopener\">Source link <\/a><br \/>\n\n Na festivale v\u00a0\u010cerpotoku i\u00a0Hlo\u017ean\u010dania a\u00a0Padin\u010dania<\/p>\n","protected":false},"excerpt":{"rendered":"<p>Na festivale v\u00a0\u010cerpotoku i\u00a0Hlo\u017ean\u010dania a\u00a0Padin\u010dania &#8211; Hlas \u013eudu V\u00a0t\u00fdchto d\u0148och (od 19. do 21. j\u00fala) prebieha najv\u00e4\u010d\u0161\u00ed folkl\u00f3rny festival Slov\u00e1kov&hellip;<\/p>\n","protected":false},"author":1,"featured_media":4888,"comment_status":"open","ping_status":"open","sticky":false,"template":"","format":"standard","meta":{"footnotes":""},"categories":[1],"tags":[],"class_list":["post-4887","post","type-post","status-publish","format-standard","has-post-thumbnail","hentry","category-oglasi-novi-sad"],"_links":{"self":[{"href":"https:\/\/oglasi.infooglasi.rs\/oglasi\/oglasinovisad\/wp-json\/wp\/v2\/posts\/4887","targetHints":{"allow":["GET"]}}],"collection":[{"href":"https:\/\/oglasi.infooglasi.rs\/oglasi\/oglasinovisad\/wp-json\/wp\/v2\/posts"}],"about":[{"href":"https:\/\/oglasi.infooglasi.rs\/oglasi\/oglasinovisad\/wp-json\/wp\/v2\/types\/post"}],"author":[{"embeddable":true,"href":"https:\/\/oglasi.infooglasi.rs\/oglasi\/oglasinovisad\/wp-json\/wp\/v2\/users\/1"}],"replies":[{"embeddable":true,"href":"https:\/\/oglasi.infooglasi.rs\/oglasi\/oglasinovisad\/wp-json\/wp\/v2\/comments?post=4887"}],"version-history":[{"count":0,"href":"https:\/\/oglasi.infooglasi.rs\/oglasi\/oglasinovisad\/wp-json\/wp\/v2\/posts\/4887\/revisions"}],"wp:featuredmedia":[{"embeddable":true,"href":"https:\/\/oglasi.infooglasi.rs\/oglasi\/oglasinovisad\/wp-json\/wp\/v2\/media\/4888"}],"wp:attachment":[{"href":"https:\/\/oglasi.infooglasi.rs\/oglasi\/oglasinovisad\/wp-json\/wp\/v2\/media?parent=4887"}],"wp:term":[{"taxonomy":"category","embeddable":true,"href":"https:\/\/oglasi.infooglasi.rs\/oglasi\/oglasinovisad\/wp-json\/wp\/v2\/categories?post=4887"},{"taxonomy":"post_tag","embeddable":true,"href":"https:\/\/oglasi.infooglasi.rs\/oglasi\/oglasinovisad\/wp-json\/wp\/v2\/tags?post=4887"}],"curies":[{"name":"wp","href":"https:\/\/api.w.org\/{rel}","templated":true}]}}