{"id":4589,"date":"2023-11-29T23:10:17","date_gmt":"2023-11-29T22:10:17","guid":{"rendered":"https:\/\/oglasi.infooglasi.rs\/oglasi\/oglasiodzaci\/imenovani-direktori-cetiri-javna-preduzeca-u-opstini-odzaci-lola-radio-odzaci-oglasi-odzaci\/"},"modified":"2023-11-29T23:10:17","modified_gmt":"2023-11-29T22:10:17","slug":"imenovani-direktori-cetiri-javna-preduzeca-u-opstini-odzaci-lola-radio-odzaci-oglasi-odzaci","status":"publish","type":"post","link":"https:\/\/oglasi.infooglasi.rs\/oglasi\/oglasiodzaci\/imenovani-direktori-cetiri-javna-preduzeca-u-opstini-odzaci-lola-radio-odzaci-oglasi-odzaci\/","title":{"rendered":"Imenovani direktori \u010detiri javna preduze\u0107a u op\u0161tini Od\u017eaci-Lola Radio Od\u017eaci &#8211; OGLASI OD\u017dACI"},"content":{"rendered":"<p><\/p>\n<div>\n<p>Skup\u0161tina op\u0161tine Od\u017eaci imenovala je danas direktore \u010detiri javna preduze\u0107a \u010diji je osniva\u010d op\u0161tina. Direktori su imenovani bez rasprave na osnovu javnih konkursa koji su raspisani 6. januara. <\/p>\n<p><a href=\"https:\/\/i0.wp.com\/www.ico.rs\/wp-content\/uploads\/2015\/02\/skupstina-23-001.jpg\" target=\"_blank\" rel=\"noopener\"><img decoding=\"async\" fetchpriority=\"high\" src=\"https:\/\/i0.wp.com\/www.ico.rs\/wp-content\/uploads\/2015\/02\/skupstina-23-001.jpg?resize=400%2C300\" alt=\"skupstina-23-001\" width=\"400\" height=\"300\" class=\"aligncenter size-full wp-image-69840\" srcset=\"https:\/\/i0.wp.com\/www.ico.rs\/wp-content\/uploads\/2015\/02\/skupstina-23-001.jpg?w=400&amp;ssl=1 400w, https:\/\/i0.wp.com\/www.ico.rs\/wp-content\/uploads\/2015\/02\/skupstina-23-001.jpg?resize=150%2C112&amp;ssl=1 150w, https:\/\/i0.wp.com\/www.ico.rs\/wp-content\/uploads\/2015\/02\/skupstina-23-001.jpg?resize=300%2C225&amp;ssl=1 300w\" sizes=\"(max-width: 400px) 100vw, 400px\" data-recalc-dims=\"1\"\/><\/a>Za direktora JKP \u201cUsluga\u201d Od\u017eaci imenovan je diplomirani in\u017eenjer proizvodnog menad\u017ementa Nikola Arsi\u0107, a JKP \u201cBrestkom\u201d Ba\u010dki Brestovac strukovni in\u017eenjer ma\u0161instva Dragan Ivani\u0161evi\u0107. U JP \u201cDirekcija za izgradnju\u201d Od\u017eaci za direktora je imenovan diplomirani gra\u0111evinski in\u017eenjer Danilo Krtini\u0107, a u Javnom preduze\u0107u za informisanje \u201cInformativni centar Od\u017eaci\u201d ekonomista u oblasti menad\u017ementa Zoran Luki\u0107. <\/p>\n<p>Svi direktori, a radi se o dosada\u0161njim vr\u0161iocima du\u017enosti direktora u tim javnim preduze\u0107ima, imenovani su na period od \u010detiri godine.<\/p>\n<p><strong>Imenovana izborna komisija op\u0161tine Od\u017eaci<\/strong><\/p>\n<p>Ve\u0107ina ta\u010daka 23. sednice op\u0161tinskog parlamenta koja je odr\u017eana danas, odnosila se na imenovanja i razre\u0161enja. <\/p>\n<p>Skup\u0161tina op\u0161tine je tako imenovala Izbornu komisiju op\u0161tine Od\u017eaci u stalnom sastavu. Predsednik komisije je Gordana Luki\u0107, a zamenik predsednika Danijela Lazor. One su imenovane na predlog odborni\u010dke grupe SNS. <\/p>\n<p>U Izbornu komisiju su imenovani jo\u0161 i: na predlog odborni\u010dke grupe SNS Marko Karanfilovi\u0107 (\u010dlan) \u2013 Milo\u0161 Popov (zamenik \u010dlana) i Stojan Nikoli\u0107 (\u010dlan) \u2013 Bojan Svilar (zamenik \u010dlana), na predlog odborni\u010dke grupe SPS-PUPS Zdravko Pozni\u0107 (\u010dlan) \u2013 Vesna Petkovi\u0107 (zamenik \u010dlana), Du\u0161an Pokrajac (\u010dlan) \u2013 Du\u0161anka Stojanovi\u0107 (zamenik \u010dlana) i na predlog odborni\u010dke grupe DS Dragana Kostadinovi\u0107 (\u010dlan) \u2013 Nikola Krajnovi\u0107 (zamenik \u010dlana) i \u0110or\u0111e Sauter (\u010dlan) \u2013 Dalibor Bo\u017ei\u010devi\u0107 (zamenik \u010dlana).<\/p>\n<p>Za sekretara Izborne komisije op\u0161tine Od\u017eaci imenovan je Ljubomir Beli\u0107, a za zamenika sekretara Miloje Lepoji\u0107.   <\/p>\n<p>Usvojena je i odluka o obrazovanju Op\u0161tinskog \u0161taba za vanredne situacije. <\/p>\n<p>Umesto Vladana Vu\u010di\u0107a, u Savet za mlade op\u0161tine Od\u017eaci imenovana je Lidija Jovanovi\u0107 iz Od\u017eaka. <\/p>\n<p>Jasmina Popovi\u0107 razre\u0161ena je du\u017enosti \u010dlana \u0160kolskog odbora O\u0160 \u201cMarko Ore\u0161kovi\u0107\u201d u Ba\u010dkom Gra\u010dacu iz redova lokalne samouprave, a umesto nje za \u010dlana \u0160kolskog odbora imenovana je Milinka Dragani\u0107.<\/p>\n<\/p><\/div>\n<p><a href=\"https:\/\/www.ico.rs\/imenovani-direktori-cetiri-javna-preduzeca-u-opstini-odzaci\/\" target=\"_blank\" rel=\"noopener\">Source link <\/a><br \/>\n\n Imenovani direktori \u010detiri javna preduze\u0107a u op\u0161tini Od\u017eaci-Lola Radio Od\u017eaci<\/p>\n","protected":false},"excerpt":{"rendered":"<p>Skup\u0161tina op\u0161tine Od\u017eaci imenovala je danas direktore \u010detiri javna preduze\u0107a \u010diji je osniva\u010d op\u0161tina. Direktori su imenovani bez rasprave na&hellip;<\/p>\n","protected":false},"author":1,"featured_media":4590,"comment_status":"open","ping_status":"open","sticky":false,"template":"","format":"standard","meta":{"footnotes":""},"categories":[1],"tags":[],"class_list":["post-4589","post","type-post","status-publish","format-standard","has-post-thumbnail","hentry","category-oglasi-odzaci"],"_links":{"self":[{"href":"https:\/\/oglasi.infooglasi.rs\/oglasi\/oglasiodzaci\/wp-json\/wp\/v2\/posts\/4589","targetHints":{"allow":["GET"]}}],"collection":[{"href":"https:\/\/oglasi.infooglasi.rs\/oglasi\/oglasiodzaci\/wp-json\/wp\/v2\/posts"}],"about":[{"href":"https:\/\/oglasi.infooglasi.rs\/oglasi\/oglasiodzaci\/wp-json\/wp\/v2\/types\/post"}],"author":[{"embeddable":true,"href":"https:\/\/oglasi.infooglasi.rs\/oglasi\/oglasiodzaci\/wp-json\/wp\/v2\/users\/1"}],"replies":[{"embeddable":true,"href":"https:\/\/oglasi.infooglasi.rs\/oglasi\/oglasiodzaci\/wp-json\/wp\/v2\/comments?post=4589"}],"version-history":[{"count":0,"href":"https:\/\/oglasi.infooglasi.rs\/oglasi\/oglasiodzaci\/wp-json\/wp\/v2\/posts\/4589\/revisions"}],"wp:featuredmedia":[{"embeddable":true,"href":"https:\/\/oglasi.infooglasi.rs\/oglasi\/oglasiodzaci\/wp-json\/wp\/v2\/media\/4590"}],"wp:attachment":[{"href":"https:\/\/oglasi.infooglasi.rs\/oglasi\/oglasiodzaci\/wp-json\/wp\/v2\/media?parent=4589"}],"wp:term":[{"taxonomy":"category","embeddable":true,"href":"https:\/\/oglasi.infooglasi.rs\/oglasi\/oglasiodzaci\/wp-json\/wp\/v2\/categories?post=4589"},{"taxonomy":"post_tag","embeddable":true,"href":"https:\/\/oglasi.infooglasi.rs\/oglasi\/oglasiodzaci\/wp-json\/wp\/v2\/tags?post=4589"}],"curies":[{"name":"wp","href":"https:\/\/api.w.org\/{rel}","templated":true}]}}