{"id":5092,"date":"2025-04-21T19:04:40","date_gmt":"2025-04-21T17:04:40","guid":{"rendered":"https:\/\/oglasi.infooglasi.rs\/oglasi\/oglasiosecina\/obelezavanje-svetskog-dana-zdravlja-dom-zdravlja-osecina-oglasi-osecina\/"},"modified":"2025-04-21T19:04:40","modified_gmt":"2025-04-21T17:04:40","slug":"obelezavanje-svetskog-dana-zdravlja-dom-zdravlja-osecina-oglasi-osecina","status":"publish","type":"post","link":"https:\/\/oglasi.infooglasi.rs\/oglasi\/oglasiosecina\/obelezavanje-svetskog-dana-zdravlja-dom-zdravlja-osecina-oglasi-osecina\/","title":{"rendered":"Obele\u017eavanje Svetskog dana zdravlja \u2013 Dom Zdravlja &#8220;Osecina&#8221; &#8211; OGLASI OSE\u010cINA"},"content":{"rendered":"<p><\/p>\n<div>\n<p>Posle obele\u017eavanja Svetskog dana zdravlja sa decom iz De\u010dijeg vrti\u0107a ,,Lane\u201c, 7 april je obele\u017een i sa roditeljima.<\/p>\n<div class=\"wp-block-jetpack-tiled-gallery aligncenter is-style-rectangular\">\n<div class=\"\">\n<div class=\"tiled-gallery__gallery\">\n<div class=\"tiled-gallery__row\">\n<div class=\"tiled-gallery__col\" style=\"flex-basis:50.00000%\">\n<figure class=\"tiled-gallery__item\"><a href=\"https:\/\/dzosecina.rs\/wp-content\/uploads\/2025\/04\/viber_slika_2025-04-08_08-16-10-813-1024x768.jpg\" target=\"_blank\" rel=\"noopener\"><img decoding=\"async\" srcset=\"https:\/\/i2.wp.com\/dzosecina.rs\/wp-content\/uploads\/2025\/04\/viber_slika_2025-04-08_08-16-10-813-1024x768.jpg?strip=info&amp;w=600&amp;ssl=1 600w,https:\/\/i2.wp.com\/dzosecina.rs\/wp-content\/uploads\/2025\/04\/viber_slika_2025-04-08_08-16-10-813-1024x768.jpg?strip=info&amp;w=900&amp;ssl=1 900w,https:\/\/i2.wp.com\/dzosecina.rs\/wp-content\/uploads\/2025\/04\/viber_slika_2025-04-08_08-16-10-813-1024x768.jpg?strip=info&amp;w=1200&amp;ssl=1 1200w,https:\/\/i2.wp.com\/dzosecina.rs\/wp-content\/uploads\/2025\/04\/viber_slika_2025-04-08_08-16-10-813-1024x768.jpg?strip=info&amp;w=1500&amp;ssl=1 1500w,https:\/\/i2.wp.com\/dzosecina.rs\/wp-content\/uploads\/2025\/04\/viber_slika_2025-04-08_08-16-10-813-1024x768.jpg?strip=info&amp;w=1800&amp;ssl=1 1800w\" alt=\"\" data-height=\"1350\" data-id=\"1816\" data-link=\"https:\/\/dzosecina.rs\/?attachment_id=1816\" data-url=\"https:\/\/dzosecina.rs\/wp-content\/uploads\/2025\/04\/viber_slika_2025-04-08_08-16-10-813-1024x768.jpg\" data-width=\"1800\" src=\"https:\/\/i2.wp.com\/dzosecina.rs\/wp-content\/uploads\/2025\/04\/viber_slika_2025-04-08_08-16-10-813-1024x768.jpg?ssl=1\" data-amp-layout=\"responsive\"\/><\/a><\/figure>\n<\/div>\n<div class=\"tiled-gallery__col\" style=\"flex-basis:50.00000%\">\n<figure class=\"tiled-gallery__item\"><a href=\"https:\/\/dzosecina.rs\/wp-content\/uploads\/2025\/04\/viber_slika_2025-04-08_08-16-19-016-1024x768.jpg\" target=\"_blank\" rel=\"noopener\"><img decoding=\"async\" srcset=\"https:\/\/i1.wp.com\/dzosecina.rs\/wp-content\/uploads\/2025\/04\/viber_slika_2025-04-08_08-16-19-016-1024x768.jpg?strip=info&amp;w=600&amp;ssl=1 600w,https:\/\/i1.wp.com\/dzosecina.rs\/wp-content\/uploads\/2025\/04\/viber_slika_2025-04-08_08-16-19-016-1024x768.jpg?strip=info&amp;w=900&amp;ssl=1 900w,https:\/\/i1.wp.com\/dzosecina.rs\/wp-content\/uploads\/2025\/04\/viber_slika_2025-04-08_08-16-19-016-1024x768.jpg?strip=info&amp;w=1200&amp;ssl=1 1200w,https:\/\/i1.wp.com\/dzosecina.rs\/wp-content\/uploads\/2025\/04\/viber_slika_2025-04-08_08-16-19-016-1024x768.jpg?strip=info&amp;w=1500&amp;ssl=1 1500w,https:\/\/i1.wp.com\/dzosecina.rs\/wp-content\/uploads\/2025\/04\/viber_slika_2025-04-08_08-16-19-016-1024x768.jpg?strip=info&amp;w=1800&amp;ssl=1 1800w\" alt=\"\" data-height=\"1350\" data-id=\"1812\" data-link=\"https:\/\/dzosecina.rs\/?attachment_id=1812\" data-url=\"https:\/\/dzosecina.rs\/wp-content\/uploads\/2025\/04\/viber_slika_2025-04-08_08-16-19-016-1024x768.jpg\" data-width=\"1800\" src=\"https:\/\/i1.wp.com\/dzosecina.rs\/wp-content\/uploads\/2025\/04\/viber_slika_2025-04-08_08-16-19-016-1024x768.jpg?ssl=1\" data-amp-layout=\"responsive\"\/><\/a><\/figure>\n<\/div>\n<\/div>\n<\/div>\n<\/div>\n<\/div>\n<p>Tim povodom dr.Marija Jan\u010di\u0107, pedijatar na\u0161eg Doma zdravlja,\u00a0sa Patrona\u017eanom sestrom Nadom Nedeljkovi\u0107 su ukazali na zna\u010daji prevenciju javnog zdravlja. Dr Marija je odr\u017eala predavanje na temu,, Kako spustiti visoku temperaturu kod dece\u201c.Roditelji su postavljali pitanja u vezi teme i razre\u0161ili sve nedoumice koje su imali. Dr.Marija je kroz prezentaciju ukazala kada se spu\u0161ta \u00a0temperatura kod dece, kada treba posetiti pedijatra, koje i kako davati medikamente, kada i koje laboratorijske analize treba raditi. Roditelji su izrazili \u017eelju za novim predavanjem koje \u010demo odr\u017eati u narednom periodu.<\/p>\n<div class=\"sharedaddy sd-block sd-like jetpack-likes-widget-wrapper jetpack-likes-widget-unloaded\" id=\"like-post-wrapper-60514368-1811-68067aa79bdeb\" data-src=\"https:\/\/widgets.wp.com\/likes\/?ver=13.4.4#blog_id=60514368&amp;post_id=1811&amp;origin=dzosecina.rs&amp;obj_id=60514368-1811-68067aa79bdeb&amp;n=1\" data-name=\"like-post-frame-60514368-1811-68067aa79bdeb\" data-title=\"Like or Reblog\">\n<h3 class=\"sd-title\">Like this:<\/h3>\n<p><span class=\"button\"><span>Like<\/span><\/span> <span class=\"loading\">Loading&#8230;<\/span><\/p>\n<p><span class=\"sd-text-color\"\/><a class=\"sd-link-color\"\/><\/div>\n<\/p><\/div>\n<p><script>(function(d, s, id) { var js, fjs = d.getElementsByTagName(s)[0]; if (d.getElementById(id)) return; js = d.createElement(s); js.id = id; js.src=\"https:\/\/connect.facebook.net\/en_US\/sdk.js#xfbml=1&amp;appId=249643311490&version=v2.3\"; fjs.parentNode.insertBefore(js, fjs); }(document, 'script', 'facebook-jssdk'));<\/script><br \/>\n<br \/><a href=\"https:\/\/dzosecina.rs\/2025\/04\/08\/obelezavanje-svetskog-dana-zdravlja\/\" target=\"_blank\" rel=\"noopener\">Source link <\/a><br \/>\n\n Obele\u017eavanje Svetskog dana zdravlja \u2013 Dom Zdravlja &#8220;Osecina&#8221;<\/p>\n","protected":false},"excerpt":{"rendered":"<p>Posle obele\u017eavanja Svetskog dana zdravlja sa decom iz De\u010dijeg vrti\u0107a ,,Lane\u201c, 7 april je obele\u017een i sa roditeljima. Tim povodom&hellip;<\/p>\n","protected":false},"author":1,"featured_media":5093,"comment_status":"open","ping_status":"open","sticky":false,"template":"","format":"standard","meta":{"footnotes":""},"categories":[1],"tags":[],"class_list":["post-5092","post","type-post","status-publish","format-standard","has-post-thumbnail","hentry","category-oglasi-osecina"],"_links":{"self":[{"href":"https:\/\/oglasi.infooglasi.rs\/oglasi\/oglasiosecina\/wp-json\/wp\/v2\/posts\/5092","targetHints":{"allow":["GET"]}}],"collection":[{"href":"https:\/\/oglasi.infooglasi.rs\/oglasi\/oglasiosecina\/wp-json\/wp\/v2\/posts"}],"about":[{"href":"https:\/\/oglasi.infooglasi.rs\/oglasi\/oglasiosecina\/wp-json\/wp\/v2\/types\/post"}],"author":[{"embeddable":true,"href":"https:\/\/oglasi.infooglasi.rs\/oglasi\/oglasiosecina\/wp-json\/wp\/v2\/users\/1"}],"replies":[{"embeddable":true,"href":"https:\/\/oglasi.infooglasi.rs\/oglasi\/oglasiosecina\/wp-json\/wp\/v2\/comments?post=5092"}],"version-history":[{"count":0,"href":"https:\/\/oglasi.infooglasi.rs\/oglasi\/oglasiosecina\/wp-json\/wp\/v2\/posts\/5092\/revisions"}],"wp:featuredmedia":[{"embeddable":true,"href":"https:\/\/oglasi.infooglasi.rs\/oglasi\/oglasiosecina\/wp-json\/wp\/v2\/media\/5093"}],"wp:attachment":[{"href":"https:\/\/oglasi.infooglasi.rs\/oglasi\/oglasiosecina\/wp-json\/wp\/v2\/media?parent=5092"}],"wp:term":[{"taxonomy":"category","embeddable":true,"href":"https:\/\/oglasi.infooglasi.rs\/oglasi\/oglasiosecina\/wp-json\/wp\/v2\/categories?post=5092"},{"taxonomy":"post_tag","embeddable":true,"href":"https:\/\/oglasi.infooglasi.rs\/oglasi\/oglasiosecina\/wp-json\/wp\/v2\/tags?post=5092"}],"curies":[{"name":"wp","href":"https:\/\/api.w.org\/{rel}","templated":true}]}}