{"id":4824,"date":"2024-02-10T10:42:52","date_gmt":"2024-02-10T09:42:52","guid":{"rendered":"https:\/\/oglasi.infooglasi.rs\/oglasi\/oglasiparacin\/buduci-farmaceuti-najbolji-jezicari-oglasi-paracin\/"},"modified":"2024-02-10T10:42:52","modified_gmt":"2024-02-10T09:42:52","slug":"buduci-farmaceuti-najbolji-jezicari-oglasi-paracin","status":"publish","type":"post","link":"https:\/\/oglasi.infooglasi.rs\/oglasi\/oglasiparacin\/buduci-farmaceuti-najbolji-jezicari-oglasi-paracin\/","title":{"rendered":"BUDU\u0106I FARMACEUTI NAJBOLJI JEZI\u010cARI &#8211; OGLASI PARA\u0106IN"},"content":{"rendered":"<p><\/p>\n<div class=\"et_pb_with_border et_pb_section et_pb_section_0 et_section_regular\">\n<div class=\"et_pb_row et_pb_row_0\">\n<div class=\"et_pb_column et_pb_column_4_4 et_pb_column_0  et_pb_css_mix_blend_mode_passthrough et-last-child\">\n<div class=\"et_pb_module et_pb_text et_pb_text_0  et_pb_text_align_left et_pb_bg_layout_light\">\n<div class=\"et_pb_text_inner\">\n<h1 style=\"text-align: center\">BUDU\u0106I FARMACEUTI NAJBOLJI JEZI\u010cARI: Na republi\u010dkom takmi\u010denju lingvisti\u010dkih sekcija pobedila Tehnolo\u0161ka \u0161kola iz Para\u0107ina<\/h1>\n<\/div><\/div>\n<\/p><\/div>\n<\/p><\/div>\n<\/p><\/div>\n<div class=\"et_pb_section et_pb_section_1 et_hover_enabled et_pb_with_background et_section_regular\">\n<div class=\"et_pb_row et_pb_row_1\">\n<div class=\"et_pb_column et_pb_column_4_4 et_pb_column_1  et_pb_css_mix_blend_mode_passthrough et-last-child\">\n<div class=\"et_pb_module et_pb_image et_pb_image_0\">\n<p>\t\t\t\t<a href=\"https:\/\/mihajlovic.rs\/wp-content\/uploads\/2024\/01\/446726_lingvisticka-sekcija-tehnoloske-foto-z.-rasic_f.jpg\" class=\"et_pb_lightbox_image\" title=\"BUDU\u0106I FARMACEUTI NAJBOLJI JEZI\u010cARI\" target=\"_blank\" rel=\"noopener\"><span class=\"et_pb_image_wrap \"><img loading=\"lazy\" decoding=\"async\" width=\"906\" height=\"513\" src=\"https:\/\/mihajlovic.rs\/wp-content\/uploads\/2024\/01\/446726_lingvisticka-sekcija-tehnoloske-foto-z.-rasic_f.jpg\" alt=\"BUDU\u0106I FARMACEUTI NAJBOLJI JEZI\u010cARI\" title=\"446726_lingvisticka-sekcija-tehnoloske-foto-z.-rasic_f\" class=\"wp-image-6032\" \/><\/span><\/a>\n\t\t\t<\/div>\n<\/p><\/div>\n<\/p><\/div>\n<\/p><\/div>\n<div class=\"et_pb_section et_pb_section_2 et_section_regular\">\n<div class=\"et_pb_row et_pb_row_2\">\n<div class=\"et_pb_column et_pb_column_4_4 et_pb_column_2  et_pb_css_mix_blend_mode_passthrough et-last-child\">\n<div class=\"et_pb_module et_pb_text et_pb_text_1  et_pb_text_align_left et_pb_bg_layout_light\">\n<div class=\"et_pb_text_inner\">\n<h2>LINGVISTI\u010cKA sekcija Tehnolo\u0161ke \u0161kole iz Para\u0107ina, koju godinama vodi profesorka Zorica Ivanovi\u0107, ostvarila je jo\u0161 jedan podvig i ponovo pobedila na dr\u017eavnom takmi\u010denju koje organizuju Dru\u0161tvo za srpski jezik i knji\u017eevnost Srbije i Filolo\u0161ki fakultet, pod pokroviteljstvom Ministarstva prosvete.<\/h2>\n<\/div><\/div>\n<div class=\"et_pb_module et_pb_divider et_pb_divider_0 et_pb_divider_position_ et_pb_space\">\n<div class=\"et_pb_divider_internal\"><\/div>\n<\/div>\n<div class=\"et_pb_module et_pb_text et_pb_text_2  et_pb_text_align_left et_pb_bg_layout_light\">\n<div class=\"et_pb_text_inner\">Tehnolo\u0161ka \u0161kola na ovom republi\u010dkom takmi\u010denju, koje se organizuje du\u017ei niz godina, u\u010destvovala je do sada \u010detiri puta. I svaki put su mladi lingvisti osvajali nagrade &#8211; prvi put drugu, a zatim tri prve. Pod mentorstvom prof. Ivanovi\u0107, pa\u017eljivo odabrane teme i vi\u0161emese\u010dni rad donosili su rezultate iako se, zbog smene generacija, sastav sekcije menjao. Zanimljivo, sada\u0161nji sastav ove sekcije, koji je prvu nagradu podelio sa Po\u017eareva\u010dkom gimnazijom, \u010dini 14 devojaka &#8211; u\u010denica drugog i \u010detvrtog razreda farmaceutskog smera.<\/div>\n<\/p><\/div>\n<div class=\"et_pb_module et_pb_text et_pb_text_3  et_pb_text_align_left et_pb_bg_layout_light\">\n<div class=\"et_pb_text_inner\">\n<h3><span style=\"color: #008000\"><strong>Od radova &#8211; knjiga<\/strong><\/span><\/h3>\n<blockquote>\n<p>SVA \u010detiri rada lingvisti\u010dke sekcije profesorka Ivanovi\u0107 priredila je i sklopila u knjigu pod nazivom &#8220;Lingvisti\u010dki ogledi srednjo\u0161kolaca&#8221;. Obimno izdanje na vi\u0161e od 260 stranica ovih dana je iza\u0161lo iz \u0161tampe, finansirano sredstvima op\u0161tinskog bud\u017eeta. Izdava\u010d je Biblioteka &#8220;Dr Vi\u0107entije Raki\u0107&#8221;.<\/p>\n<\/blockquote>\n<\/div><\/div>\n<div class=\"et_pb_module et_pb_text et_pb_text_4  et_pb_text_align_left et_pb_bg_layout_light\">\n<div class=\"et_pb_text_inner\">\n<p>&#8211; Uspeli smo tokom protekle godine da privedemo kraju \u010detiri obimna rada, a u skladu sa tim sekcija je radila u \u010detiri grupe &#8211; obja\u0161njava Zorica Ivanovi\u0107. &#8211; Lingvisti\u010dki su obra\u0111ivali lokalne teme. Analizu nekada\u0161njeg para\u0107inskog &#8220;Biltena&#8221; i leksema u njemu radile su An\u0111ela Arsi\u0107, Mara Kljajevi\u0107, Teodora Rajkovi\u0107, Bogdana Jovanovi\u0107, Nata\u0161a Mojsilovi\u0107 i Nikolina \u017divanovi\u0107. Druga tema bili su frazeologizmi u romanu Mome Kapora &#8220;Bele\u0161ke jedne Ane&#8221;. Time su se bavile Tea \u0110or\u0111evi\u0107 i Ivana \u017divkovi\u0107. Ana Stanojlovi\u0107 prou\u010davala je poreklo i zna\u010denje re\u010di na slovo d\u017e u srpskom jeziku. Dok je \u010detvrta, veoma obimna tema bila: Zna\u010denje akuzativa jednine imenica tre\u0107e Stevanovi\u0107eve vrste u romanu &#8220;Koreni&#8221;. Ovu temu obradile su u\u010denice drugog razreda: Na\u0111a Plav\u0161i\u0107, Teodora Jevdosi\u0107, Nevena Stanojevi\u0107, Jovana Milenkovi\u0107 i Emilija Radisavljevi\u0107 &#8211; obja\u0161njava Ivanovi\u0107eva.<\/p>\n<p>U novembru pro\u0161le godine tek zavr\u0161ene i otkucane radove profesorka je poslala na konkurs, da bi Dru\u0161tvo za srpski jezik i knji\u017eevnost nedavno objavilo rezultate takmi\u010denja. A nagrada \u0107e biti uru\u010dena 10. februara u Sali heroja Filolo\u0161kog fakulteta u Beogradu u okviru 65. Republi\u010dkog zimskog seminara profesora srpskog jezika.<\/p>\n<\/div><\/div>\n<\/p><\/div>\n<\/p><\/div>\n<\/p><\/div>\n<div class=\"et_pb_section et_pb_section_3 et_section_regular\">\n<div class=\"et_pb_row et_pb_row_3\">\n<div class=\"et_pb_column et_pb_column_4_4 et_pb_column_3  et_pb_css_mix_blend_mode_passthrough et-last-child\">\n<div class=\"et_pb_module et_pb_divider et_pb_divider_1 et_pb_divider_position_ et_pb_space\">\n<div class=\"et_pb_divider_internal\"><\/div>\n<\/div>\n<div class=\"et_pb_module et_pb_text et_pb_text_5  et_pb_text_align_left et_pb_bg_layout_light\">\n<div class=\"et_pb_text_inner\">\n<p><strong>Izvor:<\/strong> <a href=\"https:\/\/www.novosti.rs\/srbija\/vesti\/1326391\/buduci-farmaceuti-najbolji-jezicari-republickom-takmicenju-lingvistickih-sekcija-pobedila-tehnoloska-skola-paracina\" target=\"_blank\" rel=\"noopener\">novosti.rs<\/a> <strong>Foto:<\/strong> Z. Ra\u0161i\u0107<\/p>\n<\/div><\/div>\n<div class=\"et_pb_module et_pb_post_nav_0 et_pb_posts_nav nav-single\">\n\t\t\t\t\t\t\t\t<span class=\"nav-previous\"><br \/>\n\t\t\t\t\t<a href=\"https:\/\/mihajlovic.rs\/cudesna-svetinja-ukraj-grada-orlovica-pavla\/\" rel=\"prev noopener\" target=\"_blank\"><br \/>\n\t\t\t\t\t\t\t\t\t\t\t\t<span class=\"meta-nav\">&larr; <\/span><span class=\"nav-label\">Prethodna vest<\/span><br \/>\n\t\t\t\t\t<\/a><br \/>\n\t\t\t\t<\/span><\/p><\/div>\n<\/p><\/div>\n<\/p><\/div>\n<\/p><\/div>\n<\/p>\n<p>The post <a rel=\"nofollow noopener\" href=\"https:\/\/mihajlovic.rs\/buduci-farmaceuti-najbolji-jezicari\/\" target=\"_blank\">BUDU\u0106I FARMACEUTI NAJBOLJI JEZI\u010cARI<\/a> appeared first on <a rel=\"nofollow noopener\" href=\"https:\/\/mihajlovic.rs\" target=\"_blank\">Poslovni sistem Mihajlovic<\/a>.<\/p>\n<p><a href=\"https:\/\/mihajlovic.rs\/buduci-farmaceuti-najbolji-jezicari\/\" target=\"_blank\" rel=\"noopener\">Source link <\/a><br \/>\n\n BUDU\u0106I FARMACEUTI NAJBOLJI JEZI\u010cARI<\/p>\n","protected":false},"excerpt":{"rendered":"<p>BUDU\u0106I FARMACEUTI NAJBOLJI JEZI\u010cARI: Na republi\u010dkom takmi\u010denju lingvisti\u010dkih sekcija pobedila Tehnolo\u0161ka \u0161kola iz Para\u0107ina LINGVISTI\u010cKA sekcija Tehnolo\u0161ke \u0161kole iz Para\u0107ina,&hellip;<\/p>\n","protected":false},"author":1,"featured_media":4825,"comment_status":"open","ping_status":"open","sticky":false,"template":"","format":"standard","meta":{"footnotes":""},"categories":[1],"tags":[],"class_list":["post-4824","post","type-post","status-publish","format-standard","has-post-thumbnail","hentry","category-oglasi-paracin"],"_links":{"self":[{"href":"https:\/\/oglasi.infooglasi.rs\/oglasi\/oglasiparacin\/wp-json\/wp\/v2\/posts\/4824","targetHints":{"allow":["GET"]}}],"collection":[{"href":"https:\/\/oglasi.infooglasi.rs\/oglasi\/oglasiparacin\/wp-json\/wp\/v2\/posts"}],"about":[{"href":"https:\/\/oglasi.infooglasi.rs\/oglasi\/oglasiparacin\/wp-json\/wp\/v2\/types\/post"}],"author":[{"embeddable":true,"href":"https:\/\/oglasi.infooglasi.rs\/oglasi\/oglasiparacin\/wp-json\/wp\/v2\/users\/1"}],"replies":[{"embeddable":true,"href":"https:\/\/oglasi.infooglasi.rs\/oglasi\/oglasiparacin\/wp-json\/wp\/v2\/comments?post=4824"}],"version-history":[{"count":0,"href":"https:\/\/oglasi.infooglasi.rs\/oglasi\/oglasiparacin\/wp-json\/wp\/v2\/posts\/4824\/revisions"}],"wp:featuredmedia":[{"embeddable":true,"href":"https:\/\/oglasi.infooglasi.rs\/oglasi\/oglasiparacin\/wp-json\/wp\/v2\/media\/4825"}],"wp:attachment":[{"href":"https:\/\/oglasi.infooglasi.rs\/oglasi\/oglasiparacin\/wp-json\/wp\/v2\/media?parent=4824"}],"wp:term":[{"taxonomy":"category","embeddable":true,"href":"https:\/\/oglasi.infooglasi.rs\/oglasi\/oglasiparacin\/wp-json\/wp\/v2\/categories?post=4824"},{"taxonomy":"post_tag","embeddable":true,"href":"https:\/\/oglasi.infooglasi.rs\/oglasi\/oglasiparacin\/wp-json\/wp\/v2\/tags?post=4824"}],"curies":[{"name":"wp","href":"https:\/\/api.w.org\/{rel}","templated":true}]}}