{"id":4991,"date":"2024-10-09T16:58:51","date_gmt":"2024-10-09T14:58:51","guid":{"rendered":"https:\/\/oglasi.infooglasi.rs\/oglasi\/oglasiparacin\/alpska-tura-nova-godina-2025-oglasi-paracin\/"},"modified":"2024-10-09T16:58:51","modified_gmt":"2024-10-09T14:58:51","slug":"alpska-tura-nova-godina-2025-oglasi-paracin","status":"publish","type":"post","link":"https:\/\/oglasi.infooglasi.rs\/oglasi\/oglasiparacin\/alpska-tura-nova-godina-2025-oglasi-paracin\/","title":{"rendered":"Alpska tura Nova godina 2025 &#8211; OGLASI PARA\u0106IN"},"content":{"rendered":"<p><\/p>\n<p style=\"text-align: center\"><strong>Alpska tura Nova godina 2025<\/strong><\/p>\n<p style=\"text-align: center\"><span style=\"color: #ff0000\">FRIDRIHSHAFEN \u2013 MAJNFELD &#8211; ZEMLJA HAJDI \u2013 LIHTEN\u0160TAJN \u2013 SENT MORIC &#8211; DAVOS &#8211; BREGENC<\/span><\/p>\n<p style=\"text-align: center\"><strong>6 DANA AUTOBUSOM \/ 3 NO\u0106ENJA<\/strong><\/p>\n<p style=\"text-align: center\"><strong>29. DECEMBAR 2024. \u2013 3. JANUAR 2025.<\/strong><\/p>\n<div class=\"su-spoiler su-spoiler-style-fancy su-spoiler-icon-plus su-spoiler-closed\" data-scroll-offset=\"0\" data-anchor-in-url=\"no\">\n<div class=\"su-spoiler-title\" role=\"button\"><span class=\"su-spoiler-icon\"><\/span>Program putovanja<\/div>\n<div class=\"su-spoiler-content su-u-clearfix su-u-trim\">\n<p><strong><em>Program putovanja:<\/em><\/strong><\/p>\n<p><span style=\"color: #ff0000\"><strong>1. dan (nedelja 29. decembar)<\/strong><\/span>\u00a0\u00a0 Polazak iz Beograda (Sava centar), i iz Novog Sada (AS \u201eVojvodina\u201c) \u2013 polazak je u popodnevnim satima oko 18h. Putovanje preko Hrvatske, Slovenije i Austrije. No\u0107na vo\u017enja sa usputnim kra\u0107im zadr\u017eavanjima radi odmora i obavljanja carinskih formalnosti.<\/p>\n<p><strong><span style=\"color: #ff0000\">2. dan (ponedeljak 30. decembar)\u00a0<\/span>\u00a0 FRIDRIHSHAFEN<\/strong><strong>\u00a0\u00a0\u00a0<\/strong>Jutarnja vo\u017enja preko divnih alpskih predela Austrije i dalje preko bajkovite Bavarske ka obali Bodenskog jezera. Dolazak u\u00a0<strong>FRIDRIHSHAFEN<\/strong>\u00a0u popodnevnim satima. Sme\u0161taj u hotel. Odmor. Fakultativni polazak vozom do centra grada i obilazak grada. Grad se nalazi na obali Bodenskog jezera, odnosno\u00a0<strong><em>jezera Konstanc<\/em><\/strong>\u00a0kako ga nazivaju u Nema\u010dkoj. Pripada pokrajini Baden-Virtemberg. \u0160etnja\u00a0<strong><em>jezerskom promenadom<\/em><\/strong>\u00a0i razgledanje zanimljivog istorijskog centra kojim dominira\u00a0<strong><em>zamak<\/em><\/strong>, nekada\u0161nja opatija iz 11. veka. Uz zamak se nalazi i\u00a0<strong><em>dvorska crkva<\/em><\/strong>\u00a0izgra\u0111ena u rasko\u0161nom baroknom stilu. Grad je poznat kao mesto u kojem je \u017eiveo grof\u00a0<strong><em>Cepelin<\/em><\/strong>, izumitelj Cepelina. Slobodno vreme za individualne aktivnosti i ve\u010deru u nekom od tradicionalnih gasthofa. Individualni povratak u hotel. No\u0107enje.<\/p>\n<p><strong><span style=\"color: #ff0000\">3. dan (utorak 31. decembar)<\/span>\u00a0\u00a0\u00a0<\/strong><strong>MAJNFELD &#8211; VADUC\u00a0\u00a0\u00a0<\/strong>Doru\u010dak. Slobodno vreme za individualne aktivnosti, ili u 9h polazak na fakultativni izlet. Odlazak do\u00a0<strong>MAJNFELDA<\/strong>, odnosno\u00a0<strong><em>zemlje Hajdi<\/em><\/strong>. Seoce\u00a0<strong><em>Heididorf<\/em><\/strong>\u00a0sa autenti\u010dnim alpskim kolibama, razbacanim u zelenilu livada, sa zale\u0111em Alpa&#8230; Nestvaran, i zaista bajkoviti prizor. Tu je i\u00a0<strong><em>Hajdina ku\u0107a, fontana&#8230;<\/em><\/strong>\u00a0Slobodno vreme za u\u017eivanje u sjajnom ambijentu i individualnu posetu Heididorfu. Oko 14h odlazak do malene\u00a0<strong><em>kne\u017eevine Lihten\u0161tajn<\/em><\/strong>\u00a0i poseta glavnom gradu\u00a0<strong>VADUCU<\/strong>. Po dolasku sledi kra\u0107i obilazak grada kojim dominira Kne\u017eevski zamak \u2013 tvr\u0111ava. Slobodno vreme do 19h. Povratak u hotel oko 20.30h.\u00a0Priprema za \u201enajlu\u0111u no\u0107\u201c.\u00a0<strong>DO\u010cEK NOVE GODINE<\/strong>\u00a0na trgovima i ulicama Fridrihshafena. No\u0107enje.<\/p>\n<p><strong><span style=\"color: #ff0000\">4. dan (sreda 1. januar)<\/span>\u00a0\u00a0 SENT MORIC &#8211; DAVOS<\/strong>\u00a0Doru\u010dak. Slobodno vreme za individualne aktivnosti, ili polazak u 11h na celodnevni fakultativni izlet. Putovanje kroz idili\u010dne alpske predele \u0160vajcarske do ekskluzivnog ski-centra SENT MORIC. Po dolasku (oko 14.30h) kra\u0107a organizovana \u0161etnja centrom grada i slobodno vreme do 17h.\u00a0Odlazak u luksuzni ski-centar \u0160vajcarske\u00a0<strong>DAVOS<\/strong>. Gradi\u0107em dominira toranj\u00a0<strong><em>Protestantske crkve Svetog Jovana<\/em><\/strong>. Tako\u0111e, u Davosu \u0107emo videti i veliki, savremeni\u00a0<strong><em>Kongresni centar<\/em><\/strong>\u00a0u kojem se svake godine odr\u017eava Svetski ekonomski forum (WEF). Slobodno vreme do 21h. Povratak u hotel oko 23.30h. No\u0107enje.<\/p>\n<p><span style=\"color: #ff0000\"><strong>5. dan (\u010detvrtak 2. januar)\u00a0\u00a0 <span style=\"color: #000000\">BREGENC<\/span><\/strong><\/span>\u00a0Doru\u010dak. Odjava iz hotela u 10h. Odlazak do prestonice austrijske savezne pokrajine Forarlberg, prelepog grada\u00a0<strong>BREGENCA<\/strong>\u00a0koji se nalazi na obali divnog\u00a0<strong><em>Bodenskog jezera<\/em><\/strong>. Po dolasku u Bregenc, sledi obilazak grada uz razgledanje\u00a0<strong><em>Gornjeg grada<\/em><\/strong>, ili starog grada sa prepoznatljivom baroknom arhitekturom i divnim tornjem\u00a0<strong><em>Svetog Martina<\/em><\/strong>. Potom sledi odlazak do novijeg,\u00a0<strong><em>Donjeg grada<\/em><\/strong>\u00a0i razgledanje:\u00a0<strong><em>betonski por\u0161e, naju\u017ea ku\u0107a Evrope, mle\u010dna pe\u010durka, luka grada na jezeru,&#8230;\u00a0<\/em><\/strong>Slobodno vreme za \u0161etnju, u\u017eivanje u kafeima i elegantnim restoranima. Fakultativno, odlazak gondolom do\u00a0<strong><em>Pfender planine<\/em><\/strong>\u00a0koja pripada alspskom masivu. Gondola ide do visine od 1064 m. Sa vrha planine pru\u017ea se nestvaran pogled na Bodensko jezero, celi grad i obli\u017enji deo Bavarske u Nema\u010dkoj. Na planini Pfender nalazi se i nekoliko izleti\u0161nih ta\u010daka, kao i divni tradicionalni alpski restorani \u2013 Gasthofi. Tako\u0111e, ovde se nalazi i sjajan mali\u00a0<strong><em>Alpski park<\/em><\/strong>\u00a0sa primercima alpske divlja\u010di. Nakon slobodnog vremena, povratak gondolom do centra grada. Slobodno vreme. Polazak ka Srbiji oko 21.30h. No\u0107na vo\u017enja preko Austrije, Slovenije, Hrvatske&#8230;<\/p>\n<p><span style=\"color: #ff0000\"><strong>6. dan (petak 3. januar)<\/strong><\/span>\u00a0Dolazak u Novi Sad i Beograd u popodnevnim satima.\u00a0<strong><em>Kraj putovanja<\/em><\/strong>.<\/p>\n<\/div>\n<\/div>\n<div class=\"su-spoiler su-spoiler-style-fancy su-spoiler-icon-plus su-spoiler-closed\" data-scroll-offset=\"0\" data-anchor-in-url=\"no\">\n<div class=\"su-spoiler-title\" role=\"button\"><span class=\"su-spoiler-icon\"><\/span>Cenovnik<\/div>\n<div class=\"su-spoiler-content su-u-clearfix su-u-trim\">\n<h2 id=\"tablepress-3712-name\" class=\"tablepress-table-name tablepress-table-name-id-3712\">Alpska tura Nova godina<\/h2>\n<table id=\"tablepress-3712\" class=\"tablepress tablepress-id-3712 tablepress-responsive\" aria-labelledby=\"tablepress-3712-name\" aria-describedby=\"tablepress-3712-description\">\n<thead>\n<tr class=\"row-1 odd\">\n<th class=\"column-1\">CENA ARAN\u017dMANA PO OSOBI<\/th>\n<th class=\"column-2\">329\u00a0\u20ac<\/th>\n<\/tr>\n<\/thead>\n<tbody>\n<tr class=\"row-2 even\">\n<td class=\"column-1\">SPECIJALNA CENA ZA RANE PRIJAVE<\/td>\n<td class=\"column-2\">289 \u20ac<\/td>\n<\/tr>\n<tr class=\"row-3 odd\">\n<td class=\"column-1\">+ PAKET IZLETA ZA UPLATE U AGENCIJI<\/td>\n<td class=\"column-2\">Navedena cena paketa izleta obuhvata:<\/td>\n<\/tr>\n<tr class=\"row-4 even\">\n<td class=\"column-1\">umesto\u00a0140 \u20ac\u00a0\u00a0\u00a0samo\u00a0110 \u20ac<\/td>\n<td class=\"column-2\">Celodnevni izlet Majnfeld \u2013 Vaduc\/Lihten\u0161tajn<\/td>\n<\/tr>\n<tr class=\"row-5 odd\">\n<td class=\"column-1\"><\/td>\n<td class=\"column-2\">Celodnevni izlet Sent Moric &#8211; Davos<\/td>\n<\/tr>\n<tr class=\"row-6 even\">\n<td class=\"column-1\"><\/td>\n<td class=\"column-2\">Izlet \u017ei\u010darom do planine Pfander, kod Bregenca<\/td>\n<\/tr>\n<tr class=\"row-7 odd\">\n<td class=\"column-1\"><\/td>\n<td class=\"column-2\">Obilazak Fridrishafena prema programu<\/td>\n<\/tr>\n<\/tbody>\n<\/table>\n<p><span id=\"tablepress-3712-description\" class=\"tablepress-table-description tablepress-table-description-id-3712\"><font color=\"red\"><\/p>\n<p align=\"center\">*specijalna cena va\u017ei za prijave do 01.11.2024.<\/p>\n<p><\/font><\/span><br \/>\n<!-- #tablepress-3712 from cache --><\/p>\n<p><strong>OPIS HOTELA:<\/strong><\/p>\n<p><strong><a href=\"https:\/\/all.accor.com\/hotel\/7012\/index.en.shtml?utm_campaign=seo+maps&amp;utm_medium=seo+maps&amp;utm_source=google+Maps\" target=\"_blank\" rel=\"noopener\">HOTEL \u201eIBIS FRIEDRICHSHAFEN AIRPORT MESSE\u201c 3***, Fridrihshafen<\/a>\u00a0<\/strong>ili sli\u010dan\u00a0<a href=\"https:\/\/all.accor.com\/hotel\/7012\" target=\"_blank\" rel=\"noopener\">https:\/\/all.accor.com\/hotel\/7012<\/a><\/p>\n<p>Hotel se nalazi na aerodromu, oko 6 km od centra Fridrihshafena. Sa centrom grada je povezan direktnom \u017eelezni\u010dkom linijom, a stanica voza se od hotela nalazi na svega 200 metara. Hotel pripada jednoj od najve\u0107ih hotelskih grupacija na svetu \u201eAccor\u201c, odnosno \u201eIbis\u201c, te poseduje standardizovanu uslugu. Poseduje recepciju otvorenu 24 sata, aperitiv bar, lobi, WiFi konekciju, salon za poslu\u017eenje doru\u010dka&#8230; Sobe su standard kategorije, i sve poseduju kupatilo sa tu\u0161-wc, TV Cab., centralni grejni sistem, klima ure\u0111aj.<\/p>\n<\/div>\n<\/div>\n<div class=\"su-spoiler su-spoiler-style-fancy su-spoiler-icon-plus su-spoiler-closed\" data-scroll-offset=\"0\" data-anchor-in-url=\"no\">\n<div class=\"su-spoiler-title\" role=\"button\"><span class=\"su-spoiler-icon\"><\/span>Aran\u017eman obuhvata<\/div>\n<div class=\"su-spoiler-content su-u-clearfix su-u-trim\">\n<p>Alpska tura Nova godina<\/p>\n<ul>\n<li>prevoz turisti\u010dkim autobusom na navedenoj relaciji (visoka turisti\u010dka klasa, kompletna oprema, klima, audio-video)<\/li>\n<li>sme\u0161taj u u hotelu sa 3* u regiji Bodenskog jezera u Nema\u010dkoj na bazi 3 no\u0107enja sa doru\u010dkom (kontinentalni doru\u010dak &#8211; samoposlu\u017eivanje\/\u201cbuffet\u201c)<\/li>\n<li>sme\u0161taj u 1\/2 i 1\/2+1 \u201estandard\/economy\u201c sobe sa kupatilom (1\/2 sobe sastoje se od 2 single le\u017eaja normalne veli\u010dine ili francuskog \u2019\u2019queen size\u2019\u2019 le\u017eaja; 1\/2+1 sobe sastoje se od 2 single le\u017eaja normalne veli\u010dine ili francuskog \u2019\u2019queen size\u2019\u2019 le\u017eaja,\u00a0sa pomo\u0107nim le\u017eajem, manjih dimenzija od redovna dva \u2013 fotelja na razvla\u010denje, forma poljskog \u017ei\u010danog kreveta ili sl., \u0161to mo\u017ee bitnije ugroziti komfor tre\u0107e osobe!)<\/li>\n<li>obilazak Bregenca prema programu putovanja<\/li>\n<li>usluge profesionalnog turisti\u010dkog vodi\u010da<\/li>\n<li>organizacione tro\u0161kove<\/li>\n<\/ul>\n<\/div>\n<\/div>\n<div class=\"su-spoiler su-spoiler-style-fancy su-spoiler-icon-plus su-spoiler-closed\" data-scroll-offset=\"0\" data-anchor-in-url=\"no\">\n<div class=\"su-spoiler-title\" role=\"button\"><span class=\"su-spoiler-icon\"><\/span>Aran\u017eman ne obuhvata<\/div>\n<div class=\"su-spoiler-content su-u-clearfix su-u-trim\">\n<p>Alpska tura Nova godina<\/p>\n<ul>\n<li>sve ostale nepomenute usluge<\/li>\n<li>ulaznice za muzeje i druge turisti\u010dke objekte<\/li>\n<li>obavezno me\u0111unarodno zdravstveno (mo\u017ee se kupiti u agenciji)<\/li>\n<li>doplatu za jednokrevetnu sobu \u2013 135 \u20ac<\/li>\n<li>doplatu za dodatno sedi\u0161te u autobusu \u2013 100 \u20ac<\/li>\n<li>doplatu za turisti\u010dku, boravi\u0161nu taksu koja iznosi oko 2 \u20ac po osobi \u2013 taksa se pla\u0107a na licu mesta, na recepciji hotela<\/li>\n<\/ul>\n<p><strong>U slu\u010daju da paket izleta nije rezervisan prilikom prijave i pla\u0107en u agenciji, cene fakultativnih izleta za uplate na licu mesta su:<\/strong><\/p>\n<ul>\n<li>Celodnevni izlet Majnfeld \u2013 Vaduc\/Lihten\u0161tajn \u2013 40 \u20ac<\/li>\n<li>Celodnevni izlet Sent Moric \u2013 Davos \u2013 60 \u20ac<\/li>\n<li>Izlet \u017ei\u010darom do planine Pgfander u Bregencu \u2013 25 \u20ac<\/li>\n<li>Obilazak Fridrihshafena sa uklju\u010denom voznom kartom u jednom pravcu \u2013 15 \u20ac<\/li>\n<\/ul>\n<\/div>\n<\/div>\n<div class=\"su-spoiler su-spoiler-style-fancy su-spoiler-icon-plus su-spoiler-closed\" data-scroll-offset=\"0\" data-anchor-in-url=\"no\">\n<div class=\"su-spoiler-title\" role=\"button\"><span class=\"su-spoiler-icon\"><\/span>Uslovi pla\u0107anja<\/div>\n<div class=\"su-spoiler-content su-u-clearfix su-u-trim\">\n<p>Alpska tura Nova godina<\/p>\n<p>Pla\u0107anje je u dinarskoj protivvrednosti po srednjem kursu <a href=\"https:\/\/www.nbs.rs\/sr_RS\/finansijsko_trziste\/medjubankarsko-devizno-trziste\/kursna-lista\/zvanicni-srednji-kurs-dinara\/index.html\" target=\"_blank\" rel=\"noopener\">NBS<\/a><\/p>\n<ul>\n<li><strong>Gotovinski<\/strong>\u00a0&#8211; rezervacija se vr\u0161i uplatom akontacije u iznosu od 40%, a ostatak se pla\u0107a najkasnije 15 dana pre datuma polaska.<\/li>\n<li><strong>Administrativnom zabranom<\/strong>\u00a0na platu &#8211; 50% se pla\u0107a prilikom rezervacije, a ostatak duga se iskazuje u eurima<strong>,<\/strong>\u00a0obra\u010dun se vr\u0161i po srednjem kursu NBS na dan dospe\u0107a obustave i rate!\u00a0Administrativnim zabranama je mogu\u0107e platiti do 20.05.2025.<\/li>\n<li><strong>Platnim i kreditnim karticama<\/strong>\u00a0VISA, MASTER, MAESTRO, AMERICAN EXPRES i DINA<\/li>\n<li><strong>Intesa kreditnom karticom<\/strong>\u00a0Visa, Master, Maestro ili American Expres karticama \u2013 50% se pla\u0107a prilikom rezervacije, ostatak duga je mogu\u0107e platiti navedenim karticama najkasnije 15 dana pre polaska na maksimalno 6 mese\u010dnih rata, odnosno najkasnije do 20.05.2025.<\/li>\n<li>Zaposleni u preduze\u0107ima koja su \u010dlanice \u201e<strong>Fonda Solidarnosti<\/strong>\u201c pla\u0107aju na 12 rata, ukoliko im Fond odobri Ugovor o administrativnoj zabrani<\/li>\n<li><strong>U mese\u010dnim ratama \u010cEKOVIMA<\/strong>:\u00a0prilikom rezervacije pla\u0107a se 50% od cene aran\u017emana, a ostatak duga se deli na jednake mese\u010dne rate, koje dospevaju 20.u mesecu, a najkasnije do 20.05.2025.<\/li>\n<\/ul>\n<\/div>\n<\/div>\n<div class=\"su-spoiler su-spoiler-style-fancy su-spoiler-icon-plus su-spoiler-closed\" data-scroll-offset=\"0\" data-anchor-in-url=\"no\">\n<div class=\"su-spoiler-title\" role=\"button\"><span class=\"su-spoiler-icon\"><\/span>Napomene<\/div>\n<div class=\"su-spoiler-content su-u-clearfix su-u-trim\">\n<p>Alpska tura Nova godina<\/p>\n<p><strong>SASTAVNI DEO ARAN\u017dMANA SU I POSEBNE NAPOMENE AGENCIJE ORGANIZATORA KOJE SE NALAZE U PROSTORIJAMA AGENCIJE,<em>\u00a0<\/em><\/strong><em>(Posebne napomene su vezane za redosled sedenja u autobusu i mogu\u0107nosti doplate odre\u0111enih sedi\u0161ta, kao i za niz drugih elemenata bitnih za organizaciju putovanja i zadovoljstvo putnika! Pro\u010ditajte ih!)<\/em><\/p>\n<p>U slu\u010daju nedovoljnog broja prijavljenih putnika, rok za otkaz aran\u017emana je 5 dana pre puta.<\/p>\n<p>ORGANIZATOR\u00a0 zadr\u017eava pravo korekcije cena usled promena na monetarnom tr\u017ei\u0161tu ili promena cena sme\u0161taja ili prevoza. ORGANIZATOR\u00a0 zadr\u017eava pravo izmene u programu putovanja (redosled pojedinih sadr\u017eaja u programu usled objektivnih okolnosti). Aran\u017eman je ra\u0111en na bazi minimum 75 putnika. Uz ovaj aran\u017eman va\u017ee op\u0161ti uslovi putovanja organizatora, usagla\u0161eni sa YUTA standardom. Organizator putovanja Fantast tourist d.o.o.,Jevrejska 8, Novi Sad, mati\u010dni broj 20024925. Licenca broj: OTP A-70\/2021. Prema Zakonu o turizmu organizator ima propisanu BANKARSKU GARANCIJU br. 04777-02-0251472 (osigurana suma u visini od 100.000\u20ac) \u201eUNI CREDIT BANK SRBIJA AD BEOGRAD\u201c.<\/p>\n<h5>Alpska tura Nova godina<\/h5>\n<p><strong>OVLA\u0160\u0106ENI AGENT PRODAJE: FUN TRAVEL AGENCY, BEOGRAD<\/strong><\/p>\n<p>Ponudu aran\u017emana za do\u010dek Nove godine mo\u017eete pogledati na sl.<a href=\"https:\/\/funtravel.rs\/category\/nova-godina-putovanja-2025\/\" target=\"_blank\" rel=\"noopener\">linku<\/a><\/p>\n<\/div>\n<\/div>\n<div class=\"simplesocialbuttons simplesocial-round-icon simplesocialbuttons_inline simplesocialbuttons-align-left post-95811 post  simplesocialbuttons-inline-no-animation\">\n<button class=\"simplesocial-fb-share\" aria-label=\"Facebook Share\" data-href=\"https:\/\/www.facebook.com\/sharer\/sharer.php?u=https:\/\/funtravel.rs\/alpska-tura-nova-godina\/\"><span class=\"simplesocialtxt\">Facebook <\/span> <\/button><br \/>\n<button class=\"simplesocial-viber-share\" aria-label=\"Viber Share\" data-href=\"viber:\/\/forward?text=https:\/\/funtravel.rs\/alpska-tura-nova-godina\/\"><span class=\"simplesocialtxt\">Viber<\/span><\/button><br \/>\n<button class=\"simplesocial-whatsapp-share\" aria-label=\"WhatsApp Share\" data-href=\"https:\/\/api.whatsapp.com\/send?text=https:\/\/funtravel.rs\/alpska-tura-nova-godina\/\"><span class=\"simplesocialtxt\">WhatsApp<\/span><\/button><br \/>\n<button class=\"simplesocial-msng-share\" aria-label=\"Facebook Messenger Share\" data-href=\"http:\/\/www.facebook.com\/dialog\/send?app_id=891268654262273&amp;redirect_uri=https%3A%2F%2Ffuntravel.rs%2Falpska-tura-nova-godina%2F&amp;link=https%3A%2F%2Ffuntravel.rs%2Falpska-tura-nova-godina%2F&amp;display=popup\"><span class=\"simplesocialtxt\">Messenger<\/span><\/button><br \/>\n<button class=\"simplesocial-twt-share\" aria-label=\"Twitter Share\" data-href=\"https:\/\/twitter.com\/intent\/tweet?text=Alpska+tura+Nova+godina+2025&amp;url=https:\/\/funtravel.rs\/alpska-tura-nova-godina\/\"><span class=\"simplesocialtxt\">Twitter<\/span> <\/button><br \/>\n<button class=\"simplesocial-email-share\" aria-label=\"Share through Email\" data-href=\"mailto:?subject=Alpska tura Nova godina 2025&amp;body=https:\/\/funtravel.rs\/alpska-tura-nova-godina\/\"><span class=\"simplesocialtxt\">Email<\/span><\/button><br \/>\n<button aria-label=\"Print Share\" class=\"simplesocial-print-share\"><span class=\"simplesocialtxt\">Print<\/span><\/button>\n<\/div>\n<p>The post <a href=\"https:\/\/funtravel.rs\/alpska-tura-nova-godina\/\" target=\"_blank\" rel=\"noopener\">Alpska tura Nova godina 2025<\/a> appeared first on <a href=\"https:\/\/funtravel.rs\" target=\"_blank\" rel=\"noopener\">Fun travel Agency<\/a>.<\/p>\n<p><script async src=\"https:\/\/platform.twitter.com\/widgets.js\" charset=\"utf-8\"><\/script><br \/>\n<br \/><a href=\"https:\/\/funtravel.rs\/alpska-tura-nova-godina\/\" target=\"_blank\" rel=\"noopener\">Source link <\/a><br \/>\n\n Alpska tura Nova godina 2025<\/p>\n","protected":false},"excerpt":{"rendered":"<p>Alpska tura Nova godina 2025 FRIDRIHSHAFEN \u2013 MAJNFELD &#8211; ZEMLJA HAJDI \u2013 LIHTEN\u0160TAJN \u2013 SENT MORIC &#8211; DAVOS &#8211; BREGENC&hellip;<\/p>\n","protected":false},"author":1,"featured_media":4992,"comment_status":"open","ping_status":"open","sticky":false,"template":"","format":"standard","meta":{"footnotes":""},"categories":[1],"tags":[],"class_list":["post-4991","post","type-post","status-publish","format-standard","has-post-thumbnail","hentry","category-oglasi-paracin"],"_links":{"self":[{"href":"https:\/\/oglasi.infooglasi.rs\/oglasi\/oglasiparacin\/wp-json\/wp\/v2\/posts\/4991","targetHints":{"allow":["GET"]}}],"collection":[{"href":"https:\/\/oglasi.infooglasi.rs\/oglasi\/oglasiparacin\/wp-json\/wp\/v2\/posts"}],"about":[{"href":"https:\/\/oglasi.infooglasi.rs\/oglasi\/oglasiparacin\/wp-json\/wp\/v2\/types\/post"}],"author":[{"embeddable":true,"href":"https:\/\/oglasi.infooglasi.rs\/oglasi\/oglasiparacin\/wp-json\/wp\/v2\/users\/1"}],"replies":[{"embeddable":true,"href":"https:\/\/oglasi.infooglasi.rs\/oglasi\/oglasiparacin\/wp-json\/wp\/v2\/comments?post=4991"}],"version-history":[{"count":0,"href":"https:\/\/oglasi.infooglasi.rs\/oglasi\/oglasiparacin\/wp-json\/wp\/v2\/posts\/4991\/revisions"}],"wp:featuredmedia":[{"embeddable":true,"href":"https:\/\/oglasi.infooglasi.rs\/oglasi\/oglasiparacin\/wp-json\/wp\/v2\/media\/4992"}],"wp:attachment":[{"href":"https:\/\/oglasi.infooglasi.rs\/oglasi\/oglasiparacin\/wp-json\/wp\/v2\/media?parent=4991"}],"wp:term":[{"taxonomy":"category","embeddable":true,"href":"https:\/\/oglasi.infooglasi.rs\/oglasi\/oglasiparacin\/wp-json\/wp\/v2\/categories?post=4991"},{"taxonomy":"post_tag","embeddable":true,"href":"https:\/\/oglasi.infooglasi.rs\/oglasi\/oglasiparacin\/wp-json\/wp\/v2\/tags?post=4991"}],"curies":[{"name":"wp","href":"https:\/\/api.w.org\/{rel}","templated":true}]}}