{"id":4788,"date":"2023-10-29T09:08:04","date_gmt":"2023-10-29T08:08:04","guid":{"rendered":"https:\/\/oglasi.infooglasi.rs\/oglasi\/oglasipecinci\/pecinci-u-petak-nastavak-sudjenja-jeleni-mihajlovic-oglasi-pecinci\/"},"modified":"2023-10-29T09:08:04","modified_gmt":"2023-10-29T08:08:04","slug":"pecinci-u-petak-nastavak-sudjenja-jeleni-mihajlovic-oglasi-pecinci","status":"publish","type":"post","link":"https:\/\/oglasi.infooglasi.rs\/oglasi\/oglasipecinci\/pecinci-u-petak-nastavak-sudjenja-jeleni-mihajlovic-oglasi-pecinci\/","title":{"rendered":"Pe\u0107inci: U petak nastavak su\u0111enja Jeleni Mihajlovi\u0107 &#8211; OGLASI PE\u0106INCI"},"content":{"rendered":"<p><\/p>\n<div id=\"post-25172\">\n<div class=\"post-thumbnail\"> <img loading=\"lazy\" data-perfmatters-preload=\"\" width=\"750\" height=\"500\" src=\"https:\/\/inmedija.rs\/wp-content\/uploads\/2023\/06\/jelena-mihajlovic-1.jpg\" class=\"attachment-akella-thumbnail-medium size-akella-thumbnail-medium wp-post-image\" alt=\"\" decoding=\"async\" srcset=\"https:\/\/inmedija.rs\/wp-content\/uploads\/2023\/06\/jelena-mihajlovic-1.jpg 750w, https:\/\/inmedija.rs\/wp-content\/uploads\/2023\/06\/jelena-mihajlovic-1-300x200.jpg 300w, https:\/\/inmedija.rs\/wp-content\/uploads\/2023\/06\/jelena-mihajlovic-1-320x213.jpg 320w, https:\/\/inmedija.rs\/wp-content\/uploads\/2023\/06\/jelena-mihajlovic-1-480x320.jpg 480w, https:\/\/inmedija.rs\/wp-content\/uploads\/2023\/06\/jelena-mihajlovic-1-450x300.jpg 450w\" sizes=\"auto, (max-width: 767px) 96vw, (max-width: 991px) 720px, (max-width: 1199px) 620px, 750px\"\/><\/div>\n<div class=\"entry-content\">\n<p>Nastavak su\u0111enja majci Jeleni Mihajlovi\u0107 iz Pe\u0107inaca\u00a0 bi\u0107e odr\u017eano u petak 15.9.2023. u 12:30 u Sudu u Rumi, napisao je predsednik OO Demokratske stranke Pe\u0107inci Nikola Ma\u017ei\u0107.<\/p>\n<p>Ma\u017ei\u0107 koji je i predsednik okru\u017enog odbora DS-a Srem je pozvao roditelje da Jeleni Mihajlovi\u0107 daju podr\u0161ku.<\/p>\n<p>\u00a0\u2013 <strong><em>Pozivam sve slobodnomisle\u0107e gra\u0111ane, posebno roditelje da do\u0111u ispred Suda u 12 sati kao podr\u0161ka majci kojoj su prvo oteli imanje, izbacili dete pa su je jo\u0161 i tu\u017eili jer je krenula da se bori za svoje i da tra\u017ei da se u Srbiji po\u0161tuju zakoni. Pe\u0107inci bez nasilja. Srbija bez nasilja<\/em><\/strong>.- napisao je Nikola Ma\u017ei\u0107.<\/p>\n<p>Tu\u017ebu protiv nje je podneo predsednik op\u0161tinskog odbora Srpske napredne stranke u Pe\u0107incima, Milorad Panti\u0107 Luki.<\/p>\n<figure class=\"wp-block-embed is-type-wp-embed is-provider-in-medija wp-block-embed-in-medija\"\/>\n<p>U tu\u017ebi se, izme\u0111u ostalog, navodi da je Jelena Mihajlovi\u0107 u vi\u0161e navrata gostuju\u0107i na televizijama Nova S i N1 kao i na svom Fejzbuk nalogu objavila \u201cinkrimisane re\u010di uvredljve sadr\u017eine prema Miloradu Panti\u0107u.<\/p>\n<p>Podsetimo da su se majke dece iz Pe\u0107inaca, \u010dijoj deci je onemogu\u0107eno da idu u vrti\u0107, Jelena Ma\u017ei\u0107 i Jelena Mihajlovi\u0107, obratile vi\u0161e puta javnosti i navele da su njihova deca nezakonito izba\u010dena iz vrti\u0107a, \u201cobele\u017eena od strane lokalnog mo\u0107nika Milorada Panti\u0107a Lukija\u201d.<\/p>\n<p>Tako\u0111e, predsednik OO Srpske napredne stranke Pe\u0107inci, Milorad Pantiu\u0107 Luki podneo je i privatnu tu\u017ebu zbog klevete protiv predsednika okru\u017enog odbora i predsednika op\u0161tinskog odbora Demokratske stranke u Pe\u0107incima, Nikole Ma\u017ei\u0107a.<\/p>\n<p><strong><em>M.B. (IN Medija)<\/em><\/strong><\/p>\n<p><strong>PRO\u010cITAJTE JO\u0160:<\/strong><\/p>\n<figure class=\"wp-block-embed is-type-wp-embed is-provider-in-medija wp-block-embed-in-medija\"\/>\n<\/div>\n<\/div>\n<p><a href=\"https:\/\/inmedija.rs\/pecinci-u-petak-nastavak-sudenja-jeleni-mihajlovic\/?utm_source=rss&#038;utm_medium=rss&#038;utm_campaign=pecinci-u-petak-nastavak-sudenja-jeleni-mihajlovic\" target=\"_blank\" rel=\"noopener\">Source link <\/a><br \/>\n\n Pe\u0107inci: U petak nastavak su\u0111enja Jeleni Mihajlovi\u0107<\/p>\n","protected":false},"excerpt":{"rendered":"<p>Nastavak su\u0111enja majci Jeleni Mihajlovi\u0107 iz Pe\u0107inaca\u00a0 bi\u0107e odr\u017eano u petak 15.9.2023. u 12:30 u Sudu u Rumi, napisao je&hellip;<\/p>\n","protected":false},"author":1,"featured_media":4789,"comment_status":"open","ping_status":"open","sticky":false,"template":"","format":"standard","meta":{"footnotes":""},"categories":[1],"tags":[],"class_list":["post-4788","post","type-post","status-publish","format-standard","has-post-thumbnail","hentry","category-oglasi-pecinci"],"_links":{"self":[{"href":"https:\/\/oglasi.infooglasi.rs\/oglasi\/oglasipecinci\/wp-json\/wp\/v2\/posts\/4788","targetHints":{"allow":["GET"]}}],"collection":[{"href":"https:\/\/oglasi.infooglasi.rs\/oglasi\/oglasipecinci\/wp-json\/wp\/v2\/posts"}],"about":[{"href":"https:\/\/oglasi.infooglasi.rs\/oglasi\/oglasipecinci\/wp-json\/wp\/v2\/types\/post"}],"author":[{"embeddable":true,"href":"https:\/\/oglasi.infooglasi.rs\/oglasi\/oglasipecinci\/wp-json\/wp\/v2\/users\/1"}],"replies":[{"embeddable":true,"href":"https:\/\/oglasi.infooglasi.rs\/oglasi\/oglasipecinci\/wp-json\/wp\/v2\/comments?post=4788"}],"version-history":[{"count":0,"href":"https:\/\/oglasi.infooglasi.rs\/oglasi\/oglasipecinci\/wp-json\/wp\/v2\/posts\/4788\/revisions"}],"wp:featuredmedia":[{"embeddable":true,"href":"https:\/\/oglasi.infooglasi.rs\/oglasi\/oglasipecinci\/wp-json\/wp\/v2\/media\/4789"}],"wp:attachment":[{"href":"https:\/\/oglasi.infooglasi.rs\/oglasi\/oglasipecinci\/wp-json\/wp\/v2\/media?parent=4788"}],"wp:term":[{"taxonomy":"category","embeddable":true,"href":"https:\/\/oglasi.infooglasi.rs\/oglasi\/oglasipecinci\/wp-json\/wp\/v2\/categories?post=4788"},{"taxonomy":"post_tag","embeddable":true,"href":"https:\/\/oglasi.infooglasi.rs\/oglasi\/oglasipecinci\/wp-json\/wp\/v2\/tags?post=4788"}],"curies":[{"name":"wp","href":"https:\/\/api.w.org\/{rel}","templated":true}]}}