{"id":4807,"date":"2023-11-11T17:59:55","date_gmt":"2023-11-11T16:59:55","guid":{"rendered":"https:\/\/oglasi.infooglasi.rs\/oglasi\/oglasipecinci\/oteo-se-ocu-i-istrcao-na-ulicu-scena-je-bila-potresna-nastradali-djecak-prevezen-u-hitnu-vozilom-koje-ga-je-udarilo-oglasi-pecinci\/"},"modified":"2023-11-11T17:59:55","modified_gmt":"2023-11-11T16:59:55","slug":"oteo-se-ocu-i-istrcao-na-ulicu-scena-je-bila-potresna-nastradali-djecak-prevezen-u-hitnu-vozilom-koje-ga-je-udarilo-oglasi-pecinci","status":"publish","type":"post","link":"https:\/\/oglasi.infooglasi.rs\/oglasi\/oglasipecinci\/oteo-se-ocu-i-istrcao-na-ulicu-scena-je-bila-potresna-nastradali-djecak-prevezen-u-hitnu-vozilom-koje-ga-je-udarilo-oglasi-pecinci\/","title":{"rendered":"&#8220;Oteo se ocu i istr\u010dao na ulicu, SCENA JE BILA POTRESNA&#8221; Nastradali dje\u010dak prevezen u Hitnu vozilom koje ga je udarilo &#8211; OGLASI PE\u0106INCI"},"content":{"rendered":"<p><\/p>\n<div>\n<p>Nakon stra\u0161ne tragedije, koja se dogodila u nedjelju oko 20 sati u Kupinovu, u op\u0161tini Pe\u0107inci, otac nastradalog D. J. je u automobilu koji mu je udario dijete poku\u0161ao da stigne do Hitne pomo\u0107i.<\/p>\n<p>\u2013 O. M. je nakon \u0161to je udario dijete bio potpuno van sebe. Scena je bila jeziva. Otac je podigao dijete u ruke, bio je tu jedan prolaznik, seli su u ista kola kojim je dijete udareno i krenuli ka Hitnoj pomo\u0107i. Svi smo bili u \u0161oku i sad ne mogu da se sjetim da li je O.M. upravljao kolima ili taj prolaznik \u2013 rekao je jedan od o\u010devidaca u\u017easne scene koja se dogodila prije dva dana.<\/p>\n<p>Hitna pomo\u0107 je odmah po pozivu krenula na mjesto nesre\u0107e i susreli su se na jednom dijelu puta sa vozilom u kom je bio otac sa te\u0161ko povre\u0111enim dje\u010dakom, pi\u0161e Informer.<\/p>\n<p>Ljekari su dali sve od sebe, ali, na\u017ealost, nisu uspjeli da spasu mali\u0161ana.<\/p>\n<p>Saobra\u0107ajna nesre\u0107a dogodila se u nedjelju u Ora\u010dkoj ulici u Kupinovu kada je O.M \u201cbmw\u201d udario dje\u010daka D.J. koji je istr\u010dao iz parki\u0107a na ulicu, pi\u0161e <a class=\"rank-math-link\" href=\"https:\/\/www.blic.rs\/vesti\/hronika\/dete-3-prevezeno-u-hitnu-automobilom-koji-ga-je-ubio-oteo-se-ocu-i-istrcao-na-ulicu\/dlewmvh\" target=\"_blank\" rel=\"noopener\">Blic<\/a>.<\/p>\n<p>Kako je objasnio te\u010da nastradalog djeteta, D. J. je bio u parku sa ocem, kao i njegova supruga sa njihovim djetetom.<\/p>\n<p>\u2013 D. J. je bio \u017eivahno dijete. Izuzetno nesta\u0161an i brz. U trenutku se oteo ocu i istr\u010dao na ulicu. Udario ga je automobil marke \u201cbmw\u201d kojim je zpravljao tinejd\u017eer od 17 godina sa probnom dozvolom. U trenutku kada je dijete istr\u010dalo na ulicu, nije znao da se sna\u0111e da uko\u010di prije toga i udario ga je \u2013 rekao je te\u010da u ponedjjeljak.<\/p>\n<p>Jedan od mje\u0161tana rekao je za Informer da je dje\u010dak istr\u010dao na ulicu kada je, navodno, video kucu.<\/p>\n<p>\u2013 Pas je bio na ulici i on je istr\u010dao, vjerovatno da ga pomazi. Nije ni do\u0161ao do njega, udarila su ga kola, a kuca je pobjegla. Tijelo deteta ostalo je da le\u017ei na asfaltu. U sljede\u0107em trenutku otac je zgrabio mali\u0161ana i u stanju \u0161oka sa njim u naru\u010dju je u\u0161lao u \u201cbmw\u201d i krenuli \u0161to su br\u017ee mogli da potra\u017ee pomo\u0107 ljekara \u2013 ispri\u010dao je jedan od mje\u0161tana.<\/p>\n<p>Nakon stra\u0161ne nesre\u0107e policija je iza\u0161la na teren, obavili su uvi\u0111aj. Tinejd\u017eer koji je vozi automobil ima probnu dozvolu, alkotestiran je tokom uvi\u0111aja i nije imao alkohola u krvi. O. M. je po hitnom postupku saslu\u0161an kod sudije i odre\u0111en mu je pritvor do 30 dana.<\/p>\n<p>\u2013 O. M. je povremeno uzimao o\u010dev automobil. Nije bio bahat u vo\u017enji, vodio je ra\u010dina kako vozi, vjerujem da je premlad da bi se sna\u0161ao u ovakvim situacijama. Tragedija je velika, ali mislim da mu je dijete bukvalno istr\u010dalo pred automobil \u2013 rekao je jedan od kom\u0161ija njegove porodice i dodao da su i njegovi roditelji u potpunom \u0161oku zbog tragedije.<\/p>\n<p>                <a style=\"font-weight:bold;&#010;                font-size:14px;margin-bottom:0.6rem;display:block; width:max-content;background-color:#7360F2;color:white;padding:0.6rem;border-radius:5px;cursor:pointer;\" title=\"Viber grupa\" target=\"_blank\" href=\"https:\/\/invite.viber.com\/?g2=AQADj2jdM9Z9glCzKoVL14kr2VhoO%2FPqOu0JB5T7bD3knZHJFKQs4T3Pr1gHQzZv&amp;lang=en\" rel=\"noopener\"><br \/>\n                    Najnovije vijesti Srpskainfo i na Viberu<br \/>\n                <\/a><\/p><\/div>\n<p><script async>\n        !function(f,b,e,v,n,t,s)\n        {if(f.fbq)return;n=f.fbq=function(){n.callMethod?\n            n.callMethod.apply(n,arguments):n.queue.push(arguments)};\n            if(!f._fbq)f._fbq=n;n.push=n;n.loaded=!0;n.version='2.0';\n            n.queue=[];t=b.createElement(e);t.async=!0;\n            t.src=v;s=b.getElementsByTagName(e)[0];\n            s.parentNode.insertBefore(t,s)}(window, document,'script',\n            'https:\/\/connect.facebook.net\/en_US\/fbevents.js');\n        fbq('init', '344652463724127');\n        fbq('track', 'PageView');\n    <\/script><br \/>\n<br \/><a href=\"https:\/\/srpskainfo.com\/oteo-se-ocu-i-istrcao-na-ulicu-scena-je-bila-potresna-nastradali-djecak-prevezen-u-hitnu-vozilom-koje-ga-je-udarilo\/\" target=\"_blank\" rel=\"noopener\">Source link <\/a><br \/>\n\n &#8220;Oteo se ocu i istr\u010dao na ulicu, SCENA JE BILA POTRESNA&#8221; Nastradali dje\u010dak prevezen u Hitnu vozilom koje ga je udarilo<\/p>\n","protected":false},"excerpt":{"rendered":"<p>Nakon stra\u0161ne tragedije, koja se dogodila u nedjelju oko 20 sati u Kupinovu, u op\u0161tini Pe\u0107inci, otac nastradalog D. J.&hellip;<\/p>\n","protected":false},"author":1,"featured_media":4808,"comment_status":"open","ping_status":"open","sticky":false,"template":"","format":"standard","meta":{"footnotes":""},"categories":[1],"tags":[],"class_list":["post-4807","post","type-post","status-publish","format-standard","has-post-thumbnail","hentry","category-oglasi-pecinci"],"_links":{"self":[{"href":"https:\/\/oglasi.infooglasi.rs\/oglasi\/oglasipecinci\/wp-json\/wp\/v2\/posts\/4807","targetHints":{"allow":["GET"]}}],"collection":[{"href":"https:\/\/oglasi.infooglasi.rs\/oglasi\/oglasipecinci\/wp-json\/wp\/v2\/posts"}],"about":[{"href":"https:\/\/oglasi.infooglasi.rs\/oglasi\/oglasipecinci\/wp-json\/wp\/v2\/types\/post"}],"author":[{"embeddable":true,"href":"https:\/\/oglasi.infooglasi.rs\/oglasi\/oglasipecinci\/wp-json\/wp\/v2\/users\/1"}],"replies":[{"embeddable":true,"href":"https:\/\/oglasi.infooglasi.rs\/oglasi\/oglasipecinci\/wp-json\/wp\/v2\/comments?post=4807"}],"version-history":[{"count":0,"href":"https:\/\/oglasi.infooglasi.rs\/oglasi\/oglasipecinci\/wp-json\/wp\/v2\/posts\/4807\/revisions"}],"wp:featuredmedia":[{"embeddable":true,"href":"https:\/\/oglasi.infooglasi.rs\/oglasi\/oglasipecinci\/wp-json\/wp\/v2\/media\/4808"}],"wp:attachment":[{"href":"https:\/\/oglasi.infooglasi.rs\/oglasi\/oglasipecinci\/wp-json\/wp\/v2\/media?parent=4807"}],"wp:term":[{"taxonomy":"category","embeddable":true,"href":"https:\/\/oglasi.infooglasi.rs\/oglasi\/oglasipecinci\/wp-json\/wp\/v2\/categories?post=4807"},{"taxonomy":"post_tag","embeddable":true,"href":"https:\/\/oglasi.infooglasi.rs\/oglasi\/oglasipecinci\/wp-json\/wp\/v2\/tags?post=4807"}],"curies":[{"name":"wp","href":"https:\/\/api.w.org\/{rel}","templated":true}]}}