{"id":4868,"date":"2024-01-05T02:49:29","date_gmt":"2024-01-05T01:49:29","guid":{"rendered":"https:\/\/oglasi.infooglasi.rs\/oglasi\/oglasipecinci\/zrtve-ne-smeju-biti-zaboravljene-%d0%b2%d0%be%d1%98%d0%b2%d0%be%d1%92%d0%b0%d0%bd%d1%81%d0%bae-oglasi-pecinci\/"},"modified":"2024-01-05T02:49:29","modified_gmt":"2024-01-05T01:49:29","slug":"zrtve-ne-smeju-biti-zaboravljene-%d0%b2%d0%be%d1%98%d0%b2%d0%be%d1%92%d0%b0%d0%bd%d1%81%d0%bae-oglasi-pecinci","status":"publish","type":"post","link":"https:\/\/oglasi.infooglasi.rs\/oglasi\/oglasipecinci\/zrtve-ne-smeju-biti-zaboravljene-%d0%b2%d0%be%d1%98%d0%b2%d0%be%d1%92%d0%b0%d0%bd%d1%81%d0%bae-oglasi-pecinci\/","title":{"rendered":"\u017dRTVE NE SMEJU BITI ZABORAVLJENE \u2013 \u0412\u041e\u0408\u0412\u041e\u0402\u0410\u041d\u0421\u041aE &#8211; OGLASI PE\u0106INCI"},"content":{"rendered":"<p><\/p>\n<div id=\"post-43641\">\n<div class=\"post-image-content\">\n<figure class=\"post-featured-image\">\n\t\t\t\t\t\t\t\t<img loading=\"lazy\" width=\"800\" height=\"421\" src=\"https:\/\/media1.vojvodjanske.rs\/2020\/08\/pe\u0107inci-Polaganje_venca_u_Karlovcicu_v.jpg\" class=\"attachment-post-thumbnail size-post-thumbnail wp-post-image\" alt=\"\" decoding=\"async\" srcset=\"https:\/\/i0.wp.com\/media1.vojvodjanske.rs\/2020\/08\/pe\u0107inci-Polaganje_venca_u_Karlovcicu_v.jpg?w=800&amp;ssl=1 800w, https:\/\/i0.wp.com\/media1.vojvodjanske.rs\/2020\/08\/pe\u0107inci-Polaganje_venca_u_Karlovcicu_v.jpg?resize=300%2C158&amp;ssl=1 300w, https:\/\/i0.wp.com\/media1.vojvodjanske.rs\/2020\/08\/pe\u0107inci-Polaganje_venca_u_Karlovcicu_v.jpg?resize=768%2C404&amp;ssl=1 768w\" sizes=\"auto, (max-width: 800px) 100vw, 800px\" data-attachment-id=\"43642\" data-permalink=\"https:\/\/vojvodjanske.rs\/zrtve-ne-smeju-biti-zaboravljene\/pecinci-polaganje_venca_u_karlovcicu_v\/\" data-orig-file=\"https:\/\/i0.wp.com\/media1.vojvodjanske.rs\/2020\/08\/pe\u0107inci-Polaganje_venca_u_Karlovcicu_v.jpg?fit=800%2C421&amp;ssl=1\" data-orig-size=\"800,421\" data-comments-opened=\"0\" data-image-meta=\"{&quot;aperture&quot;:&quot;0&quot;,&quot;credit&quot;:&quot;&quot;,&quot;camera&quot;:&quot;&quot;,&quot;caption&quot;:&quot;&quot;,&quot;created_timestamp&quot;:&quot;0&quot;,&quot;copyright&quot;:&quot;&quot;,&quot;focal_length&quot;:&quot;0&quot;,&quot;iso&quot;:&quot;0&quot;,&quot;shutter_speed&quot;:&quot;0&quot;,&quot;title&quot;:&quot;&quot;,&quot;orientation&quot;:&quot;1&quot;}\" data-image-title=\"palim borcima u Drugom svetskom ratupe\u0107inci Polaganje_venca_u_Karlovcicu_v\" data-image-description=\"\" data-image-caption=\"\" data-medium-file=\"https:\/\/i0.wp.com\/media1.vojvodjanske.rs\/2020\/08\/pe\u0107inci-Polaganje_venca_u_Karlovcicu_v.jpg?fit=300%2C158&amp;ssl=1\" data-large-file=\"https:\/\/i0.wp.com\/media1.vojvodjanske.rs\/2020\/08\/pe\u0107inci-Polaganje_venca_u_Karlovcicu_v.jpg?fit=790%2C416&amp;ssl=1\"\/>\t\t\t\t\t\t\t<\/figure>\n<\/p><\/div>\n<p><!-- end.post-image-content --><br \/>\n\t\t\t\t\t\t\t\t\t\t <!-- end .entry-header --><\/p>\n<div class=\"entry-content\">\n<p><span style=\"font-size: 14pt;color: #000000\">Tradicionalno odavanje po\u0161te palim borcima u Drugom svetskom ratu i \u017ertvama fa\u0161isti\u010dkog terora, povodom seoske slave, ni ove godine nije izostalo u Karlov\u010di\u0107u. Ju\u010de su, nakon odr\u017eanog pomena, venac na spomenik \u017ertvama narodnooslobodila\u010dkog rata polo\u017eili predsednik Saveta mesne zajednice Karlov\u010di\u0107 Jovan Devrnja i \u010dlan Saveta Milan Stepanovi\u0107.<\/span><\/p>\n<p><span style=\"font-size: 14pt;color: #000000\">Devrnja je tim povodom rekao da \u017ertve koje je na\u0161 narod podneo u borbi za slobodu ne smeju biti zaboravljene, jer je slobodarska tradicija neotu\u0111iv deo srpskog nacionalnog bi\u0107a.<\/span><\/p>\n<p><span style=\"font-size: 14pt;color: #000000\">Zbog mera za\u0161tite od \u0161irenja zaraze ove godine venac je polo\u017een bez prisustva gra\u0111ana Karlov\u010di\u0107a i bez kulturno-umetni\u010dkog programa.<\/span><\/p>\n<p><span style=\"font-size: 14pt;color: #000000\">Izvor: Op\u0161tina Pe\u0107inci<\/span><\/p>\n<div class=\"sharedaddy sd-block sd-like jetpack-likes-widget-wrapper jetpack-likes-widget-unloaded\" id=\"like-post-wrapper-141682141-43641-659760297d12f\" data-src=\"https:\/\/widgets.wp.com\/likes\/#blog_id=141682141&amp;post_id=43641&amp;origin=vojvodjanske.rs&amp;obj_id=141682141-43641-659760297d12f&amp;n=1\" data-name=\"like-post-frame-141682141-43641-659760297d12f\" data-title=\"Like or Reblog\">\n<h3 class=\"sd-title\">Like this:<\/h3>\n<p><span class=\"button\"><span>Like<\/span><\/span> <span class=\"loading\">Loading&#8230;<\/span><\/p>\n<p><span class=\"sd-text-color\"\/><a class=\"sd-link-color\"\/><\/div>\n<p><h3 class=\"jp-relatedposts-headline\"><em>Related<\/em><\/h3>\n<\/p><\/div>\n<p><!-- end .entry-content -->\n\t\t\t\t\t\t\t\t\t<\/div>\n<p><a href=\"https:\/\/vojvodjanske.rs\/zrtve-ne-smeju-biti-zaboravljene\/\" target=\"_blank\" rel=\"noopener\">Source link <\/a><br \/>\n\n \u017dRTVE NE SMEJU BITI ZABORAVLJENE \u2013 \u0412\u041e\u0408\u0412\u041e\u0402\u0410\u041d\u0421\u041aE<\/p>\n","protected":false},"excerpt":{"rendered":"<p>Tradicionalno odavanje po\u0161te palim borcima u Drugom svetskom ratu i \u017ertvama fa\u0161isti\u010dkog terora, povodom seoske slave, ni ove godine nije&hellip;<\/p>\n","protected":false},"author":1,"featured_media":4869,"comment_status":"open","ping_status":"open","sticky":false,"template":"","format":"standard","meta":{"footnotes":""},"categories":[1],"tags":[],"class_list":["post-4868","post","type-post","status-publish","format-standard","has-post-thumbnail","hentry","category-oglasi-pecinci"],"_links":{"self":[{"href":"https:\/\/oglasi.infooglasi.rs\/oglasi\/oglasipecinci\/wp-json\/wp\/v2\/posts\/4868","targetHints":{"allow":["GET"]}}],"collection":[{"href":"https:\/\/oglasi.infooglasi.rs\/oglasi\/oglasipecinci\/wp-json\/wp\/v2\/posts"}],"about":[{"href":"https:\/\/oglasi.infooglasi.rs\/oglasi\/oglasipecinci\/wp-json\/wp\/v2\/types\/post"}],"author":[{"embeddable":true,"href":"https:\/\/oglasi.infooglasi.rs\/oglasi\/oglasipecinci\/wp-json\/wp\/v2\/users\/1"}],"replies":[{"embeddable":true,"href":"https:\/\/oglasi.infooglasi.rs\/oglasi\/oglasipecinci\/wp-json\/wp\/v2\/comments?post=4868"}],"version-history":[{"count":0,"href":"https:\/\/oglasi.infooglasi.rs\/oglasi\/oglasipecinci\/wp-json\/wp\/v2\/posts\/4868\/revisions"}],"wp:featuredmedia":[{"embeddable":true,"href":"https:\/\/oglasi.infooglasi.rs\/oglasi\/oglasipecinci\/wp-json\/wp\/v2\/media\/4869"}],"wp:attachment":[{"href":"https:\/\/oglasi.infooglasi.rs\/oglasi\/oglasipecinci\/wp-json\/wp\/v2\/media?parent=4868"}],"wp:term":[{"taxonomy":"category","embeddable":true,"href":"https:\/\/oglasi.infooglasi.rs\/oglasi\/oglasipecinci\/wp-json\/wp\/v2\/categories?post=4868"},{"taxonomy":"post_tag","embeddable":true,"href":"https:\/\/oglasi.infooglasi.rs\/oglasi\/oglasipecinci\/wp-json\/wp\/v2\/tags?post=4868"}],"curies":[{"name":"wp","href":"https:\/\/api.w.org\/{rel}","templated":true}]}}