{"id":4970,"date":"2024-04-15T20:44:00","date_gmt":"2024-04-15T18:44:00","guid":{"rendered":"https:\/\/oglasi.infooglasi.rs\/oglasi\/oglasipecinci\/pecinci-opozicija-i-dalje-ne-zeli-da-ucestvuje-u-radu-lokalnog-parlamenta-oglasi-pecinci\/"},"modified":"2024-04-15T20:44:00","modified_gmt":"2024-04-15T18:44:00","slug":"pecinci-opozicija-i-dalje-ne-zeli-da-ucestvuje-u-radu-lokalnog-parlamenta-oglasi-pecinci","status":"publish","type":"post","link":"https:\/\/oglasi.infooglasi.rs\/oglasi\/oglasipecinci\/pecinci-opozicija-i-dalje-ne-zeli-da-ucestvuje-u-radu-lokalnog-parlamenta-oglasi-pecinci\/","title":{"rendered":"Pe\u0107inci: Opozicija i dalje ne \u017eeli da u\u010destvuje u radu lokalnog parlamenta &#8211; OGLASI PE\u0106INCI"},"content":{"rendered":"<p><\/p>\n<div>\n<p><strong>Iz Ministarstva za dr\u017eavnu upravu i lokalnu samoupravu tvrde da je konstitutivna sednica Skup\u0161tine op\u0161tine Pe\u0107inci iz januara ove godine odr\u017eana u skladu sa zakonom, dok opozicioni odbornici iz Demokratske stranke navode da takvo tuma\u010denje ministarstva nikada nisu dobili, zbog \u010dega su nastavili da bojkotuju rad lokalnog parlamenta.<\/strong><\/p>\n<p>\u0160ef lokalnog DS-a <strong>\u017divko Markovi\u0107<\/strong> rekao je za VOICE da su 12. januara ove godine Ministarstvu za dr\u017eavnu upravu i lokalnu samoupravu uputili zahtev da se poni\u0161ti konstitutivna sednica Skup\u0161tine op\u0161tine Pe\u0107inci jer, po njima, nije bila zakonito sazvana<\/p>\n<p>\u201cRok za odgovor je bio 30 dana od podno\u0161enja zahteva, ali ga mi jo\u0161 nismo dobili\u201d, kazao je Markovi\u0107.<\/p>\n<p>Istra\u017eivanje VOICE-a pokazalo je i da je naredna sednica Skup\u0161tine op\u0161tine Pe\u0107inci odr\u017eana iako Ministarstvo za dr\u017eavnu upravu i lokalnu samoupravu nije dalo svoje mi\u0161ljenje o konstitutivnoj sednici za koju je opozicija tvrdila da je nelegitimna.<\/p>\n<p>Naime, sednica lokalnog parlamenta u novom sazivu odr\u017eana je <a href=\"http:\/\/www.pecinci.org\/info\/aktuelno.10.html?idvest=6792#news_box\" target=\"_blank\" rel=\"noopener\"><strong>14. marta 2018. godine<\/strong><\/a> dok je mi\u0161ljenje \u2013 odnosno dopis Ministarstva \u2013 stiglo dva dana kasnije, <a href=\"https:\/\/drive.google.com\/open?id=17bZdAciatx4KshLvK3ZO3v3PQzNgQiuC\" target=\"_blank\" rel=\"noopener\"><strong>16. marta 2018. godine<\/strong><\/a>.<\/p>\n<p>Na dnevnom redu se, izme\u0111u ostalog, na\u0161ao i rebalans bud\u017eeta, a u radu Skup\u0161tine op\u0161tine Pe\u0107inci nisu u\u010destvovala jedina tri odbornika opozicije, jer smatraju da je Skup\u0161tina op\u0161tine <strong>nelegitimna.<\/strong><\/p>\n<p>Kako VOICE saznaje, Ministarstvo dr\u017eavne uprave i lokalne samouprave je dopisom jo\u0161 22. januara 2018. godine tra\u017eilo da sekretar Skup\u0161tine op\u0161tine Pe\u0107inci, u \u0161to kra\u0107em roku, dostavi\u00a0 Ministarstvu izja\u0161njenje u odnosu na sadr\u017einu navedene predstavke koju je uputio \u017divko Markovi\u0107. Me\u0111utim, na dopis ministarstva nije odgovoreno te je Ministarstvo za dr\u017eavnu upravu i lokalnu samoupravu urgiralo novim dopisom od 9. marta 2018. godine, da se postupi po istom, re\u010deno je VOICE-u u <a href=\"https:\/\/drive.google.com\/open?id=17bZdAciatx4KshLvK3ZO3v3PQzNgQiuC\" target=\"_blank\" rel=\"noopener\">pres slu\u017ebi<\/a> pomenutog ministarstva.<\/p>\n<p>Izve\u0161taj sekretara SO Pe\u0107inci dostavljen je ministarstvu tek 15. marta 2018. godine, dan nakon \u0161to je odr\u017eana prva sednica Skup\u0161tine op\u0161tine. Kako tvrde u ministarstvu, 16. marta 2018. godine dostavljen je dopis podnosiocu predstavke, kao i sekretaru Skup\u0161tine op\u0161tine Pe\u0107inci.<\/p>\n<p>U dopisu se navodi da nije bilo povrede odredaba Zakona o lokalnoj samoupravi, potvrdili su iz pres slu\u017ebe ministarstva.<\/p>\n<p>Kako je <a href=\"https:\/\/drive.google.com\/open?id=17bZdAciatx4KshLvK3ZO3v3PQzNgQiuC\" target=\"_blank\" rel=\"noopener\">u odgovoru<\/a> novinaru VOICE-a obja\u0161njeno, konstitutivna sednica je sazvana i odr\u017eana u skladu sa zakonom i op\u0161tim aktima op\u0161tine, jer je u nemogu\u0107nosti da se stupi u kontakt sa predsednikom skup\u0161tine iz predhodnog saziva, istu sazvao i vodio najstariji kandidat za odbornika\/odbornik, kao i da su svi akti koje je Skup\u0161tina donela na sednici odr\u017eanoj 10. januara 2018. godine, doneti potrebnom ve\u0107inom, te da u konkretnom slu\u010daju nije bilo povrede odredaba op\u0161tih akata op\u0161tine koje bi za posledicu imale povredu odredaba Zakona o lokalnoj samoupravi, kojima je propisan na\u010din rada i odlu\u010divanja ovog organa op\u0161tine, kao ni odredaba Zakona o lokalnim izborima.<\/p>\n<p>Nakon odr\u017eanih vanrednih lokalnih izbora 24. decembra 2017. i konstitutivne sednice 10. januara 2018. godine, u radu lokalnog parlamenta ne u\u010destvuju tri odbornika opoziciije u Skup\u0161tini op\u0161tine, jer tvrde da je konstitutivna sednica bila nezakonita.<\/p>\n<p><a href=\"https:\/\/voice.org.rs\/bivsi-demokrata-iz-indije-preleteo-na-mesto-naprednog-predsednika-opstine-pecinci\/\" target=\"_blank\" rel=\"noopener\"><strong>\u017deljko Trbovi\u0107,<\/strong><\/a> dotada\u0161nji na\u010delnik Op\u0161tinske uprave, imenovan je za novog predsednika te sremske op\u0161tine dok je za mesto predsednice Skup\u0161tine op\u0161tine Pe\u0107inci izabrana <strong>Dubravka Kova\u010devi\u0107 Suboti\u010dki,<\/strong> biv\u0161a predsednica op\u0161tine.<\/p>\n<figure id=\"attachment_86855\" aria-describedby=\"caption-attachment-86855\" style=\"width: 415px\" class=\"wp-caption alignright\"><a href=\"http:\/\/www.autonomija.info\/wp-content\/uploads\/2017\/12\/Pecinci-Izbori-Novac.jpg\" target=\"_blank\" rel=\"noopener\"><img decoding=\"async\" loading=\"lazy\" class=\"wp-image-86855 size-full\" src=\"http:\/\/www.autonomija.info\/wp-content\/uploads\/2017\/12\/Pecinci-Izbori-Novac.jpg\" alt=\"\" width=\"415\" height=\"499\" srcset=\"\"\/><\/a><figcaption id=\"caption-attachment-86855\" class=\"wp-caption-text\">Glasa\u010d koji je na bira\u010dkom mestu na lokalnim izborima u Pe\u0107incima vratio novac dobijen za glasanje za SNS<\/figcaption><\/figure>\n<p>Podr\u0161ku novom rukovodstvom dalo je 27 odbornika Srpske napredne stranke (SNS) dok su tri odbornika koalicije \u201cDostojanstveno, bez straha \u2013 Bata Markovi\u0107 \u2013 <strong>Demokratska stranka i LSV\u201d<\/strong> glasali protiv.<\/p>\n<p>\u201cNa sednici je demonstrirana <strong>sila i bahatost<\/strong> predstavnika SNS-a, koji nisu dozvolili da se raspravlja. Jednostavno nam nisu dozvolili\u201d, rekao je tada agenciji Beta \u0161ef opoziocione odborni\u010dke grupe \u017divko Markovi\u0107.<\/p>\n<p>Prema njegovim re\u010dima, SNS je prekr\u0161io Zakon o lokalnoj samoupravi, jer je sednica zakazana \u201cna nelegitiman na\u010din\u201d.<\/p>\n<p>Kako je Markovi\u0107 objasnio, Op\u0161tinska izborna komisija je proglasila kona\u010dne rezultate lokalnih izbora 27. decembra 2017. godine, a konstitutivna sednica je zakazana 5. januara 2018. godine, \u0161to zna\u010di da je pro\u0161lo devet dana, iako je Zakonom o lokalnoj samoupravi regulisano da konstitutivnu sednicu zakazuje predsednik Skup\u0161tine op\u0161tine iz prethodnog saziva u roku od 15 dana.<\/p>\n<p>\u017divko Markovi\u0107 je rekao da su novoimenovani predsednik op\u0161tine \u017deljko Trbovi\u0107 i novoimenovana predsednica lokalnog parlamenta Dubravka Kova\u010devi\u0107 Suboti\u010dki <strong>\u201cla\u017eno prijavljeni\u201d<\/strong> da \u017eive u Pe\u0107incima, po\u0161to Trbovi\u0107 \u017eivi u In\u0111iji, a Dubravka Kova\u010devi\u0107 Suboti\u010dki \u017eivi u Staroj Pazovi.<\/p>\n<p>\u201cDa bi neko bio predsednik op\u0161tine, on mora imati prebivali\u0161te na podru\u010dju op\u0161tine Pe\u0107inci\u201d, kazao je \u017divko Markovi\u0107.<\/p>\n<p>\u017deljko Trbovi\u0107 je do 2011. godine bio \u010dlan DS-a i sedam godina direktor Javnog preduze\u0107a Ingas u In\u0111iji. Godinu dana nakon smene sa mesta direktora Ingasa, Trbovi\u0107 je avgusta 2012. godine imenovan za na\u010delnika Op\u0161tinske uprave u Pe\u0107incima.<\/p>\n<p>Kako su preneli pojedini mediji, lokalne izbore u Pe\u0107incima u decembru 2017. godine obele\u017eilo je <a href=\"http:\/\/www.autonomija.info\/gradjanin-opstine-pecinci-vratio-novac-koji-je-dobio-od-sns-a-za-glasanje-video.html\" target=\"_blank\" rel=\"noopener\">niz nepravilnosti<\/a> i <a href=\"http:\/\/www.autonomija.info\/incidenti-ispred-birackog-mesta-u-opstini-pecinci-video.html\" target=\"_blank\" rel=\"noopener\">incidenata.<\/a><\/p>\n<p><a href=\"http:\/\/www.autonomija.info\/crta-podnela-prijave-protiv-n-n-lica-u-pecincima.html\" target=\"_blank\" rel=\"noopener\">Posmatra\u010dka misija CRTA<\/a> odlu\u010dila je tada da prekine posmatranje vanrednih lokalnih izbora u Pe\u0107incima, koje je posmatrala izvan bira\u010dkih mesta, iz bezbednosnih razloga.<\/p>\n<p><strong>M.Ble\u010di\u0107 (VOICE)\u00a0<\/strong><\/p>\n<p><a href=\"http:\/\/www.autonomija.info\/wp-content\/uploads\/2015\/02\/voice_logo.gif\" target=\"_blank\" rel=\"noopener\"><img decoding=\"async\" loading=\"lazy\" class=\"alignleft wp-image-53056 size-medium\" src=\"http:\/\/www.autonomija.info\/wp-content\/uploads\/2015\/02\/voice_logo-300x77.gif\" alt=\"\" width=\"300\" height=\"77\" srcset=\"\"\/><\/a><\/p>\n<\/p><\/div>\n<p><a href=\"https:\/\/voice.org.rs\/pecinci-opozicija-i-dalje-ne-zeli-da-ucestvuje-u-radu-lokalnog-parlamenta\/\" target=\"_blank\" rel=\"noopener\">Source link <\/a><br \/>\n\n Pe\u0107inci: Opozicija i dalje ne \u017eeli da u\u010destvuje u radu lokalnog parlamenta<\/p>\n","protected":false},"excerpt":{"rendered":"<p>Iz Ministarstva za dr\u017eavnu upravu i lokalnu samoupravu tvrde da je konstitutivna sednica Skup\u0161tine op\u0161tine Pe\u0107inci iz januara ove godine&hellip;<\/p>\n","protected":false},"author":1,"featured_media":0,"comment_status":"open","ping_status":"open","sticky":false,"template":"","format":"standard","meta":{"footnotes":""},"categories":[1],"tags":[],"class_list":["post-4970","post","type-post","status-publish","format-standard","hentry","category-oglasi-pecinci"],"_links":{"self":[{"href":"https:\/\/oglasi.infooglasi.rs\/oglasi\/oglasipecinci\/wp-json\/wp\/v2\/posts\/4970","targetHints":{"allow":["GET"]}}],"collection":[{"href":"https:\/\/oglasi.infooglasi.rs\/oglasi\/oglasipecinci\/wp-json\/wp\/v2\/posts"}],"about":[{"href":"https:\/\/oglasi.infooglasi.rs\/oglasi\/oglasipecinci\/wp-json\/wp\/v2\/types\/post"}],"author":[{"embeddable":true,"href":"https:\/\/oglasi.infooglasi.rs\/oglasi\/oglasipecinci\/wp-json\/wp\/v2\/users\/1"}],"replies":[{"embeddable":true,"href":"https:\/\/oglasi.infooglasi.rs\/oglasi\/oglasipecinci\/wp-json\/wp\/v2\/comments?post=4970"}],"version-history":[{"count":0,"href":"https:\/\/oglasi.infooglasi.rs\/oglasi\/oglasipecinci\/wp-json\/wp\/v2\/posts\/4970\/revisions"}],"wp:attachment":[{"href":"https:\/\/oglasi.infooglasi.rs\/oglasi\/oglasipecinci\/wp-json\/wp\/v2\/media?parent=4970"}],"wp:term":[{"taxonomy":"category","embeddable":true,"href":"https:\/\/oglasi.infooglasi.rs\/oglasi\/oglasipecinci\/wp-json\/wp\/v2\/categories?post=4970"},{"taxonomy":"post_tag","embeddable":true,"href":"https:\/\/oglasi.infooglasi.rs\/oglasi\/oglasipecinci\/wp-json\/wp\/v2\/tags?post=4970"}],"curies":[{"name":"wp","href":"https:\/\/api.w.org\/{rel}","templated":true}]}}