{"id":5015,"date":"2024-06-25T03:02:56","date_gmt":"2024-06-25T01:02:56","guid":{"rendered":"https:\/\/oglasi.infooglasi.rs\/oglasi\/oglasipecinci\/donji-srem-2015-zapoceo-pripreme-sport-in-oglasi-pecinci\/"},"modified":"2024-06-25T03:02:56","modified_gmt":"2024-06-25T01:02:56","slug":"donji-srem-2015-zapoceo-pripreme-sport-in-oglasi-pecinci","status":"publish","type":"post","link":"https:\/\/oglasi.infooglasi.rs\/oglasi\/oglasipecinci\/donji-srem-2015-zapoceo-pripreme-sport-in-oglasi-pecinci\/","title":{"rendered":"Donji Srem 2015 zapo\u010deo pripreme \u2013 Sport In &#8211; OGLASI PE\u0106INCI"},"content":{"rendered":"<p><\/p>\n<div id=\"\">\n<p>Pripreme pred nastavak prvenstva Sremske lige zapo\u010deo je i pe\u0107ina\u010dki Donji Srem 2015. <span id=\"more-25923\"\/><\/p>\n<p>Prvoj prozivci trenera Dragana Macure odazvalo se 22 fudbalera, me\u0111u njima i poja\u010danja, s kojima bi Pe\u0107in\u010dani poku\u0161ali izboriti plasman u Vojvo\u0111ansku ligu.<\/p>\n<p>\u2013 <strong>Idemo svojim putem<\/strong> \u2013 ka\u017ee predsednik Donjeg Srema 2015 Milo\u0161 Gmizi\u0107 \u2013 <strong>S obzirom na velike ambicije \u017eelja nam je bila da se poja\u010damo sa, pre svega, iskusnim fudbalerima. Do\u0161li su nam: Zdravko Trivkovi\u0107 i Bogdan Luka\u010d iz Ljukova, Slobodan Juri\u0161i\u0107 iz PSK Putinci, \u017delimir Ba\u0161i\u0107 iz Donjih Petrovaca, Nikola Ragastovac iz Slobode (Donji Tovarnik) i \u0110or\u0111e Luki\u0107 iz \u017delezni\u010dara (In\u0111ija). Iz na\u0161eg kadetskog pogona prekomandovan je talentovani Nemanja Eri\u0107. Klub su napustili Nemanja Vesi\u0107 i Zdravko Maksimovi\u0107. Sa ovako poja\u010dano ekipom nadamo se najboljem. Bitno je da smo izvukli pouke iz jesenjeg dela prvenstva, kada smo imali dva kiksa na doma\u0107em terenu, \u0161to nam se ovog prole\u0107a ne sme dogoditi. Najbolje bi bili kada bi plasman u vi\u0161i rang izborili kao \u0161ampioni. U najgorem slu\u010daju, tu mogu\u0107nost imamo i kroz me\u010deve bara\u017ea<\/strong>.<\/p>\n<figure id=\"attachment_22506\" aria-describedby=\"caption-attachment-22506\" style=\"width: 211px\" class=\"wp-caption aligncenter\"><a href=\"http:\/\/www.sportin.biz\/wp-content\/uploads\/2019\/10\/Trener-Dragan-Macura-i-predsednik-Milo\u0161-Gmizi\u0107.jpg\" target=\"_blank\" rel=\"noopener\"><img decoding=\"async\" loading=\"lazy\" class=\"wp-image-22506 size-medium\" src=\"http:\/\/www.sportin.biz\/wp-content\/uploads\/2019\/10\/Trener-Dragan-Macura-i-predsednik-Milo\u0161-Gmizi\u0107-211x300.jpg\" alt=\"\" width=\"211\" height=\"300\" srcset=\"https:\/\/sportin.biz\/wp-content\/uploads\/2019\/10\/Trener-Dragan-Macura-i-predsednik-Milo\u0161-Gmizi\u0107-211x300.jpg 211w, https:\/\/sportin.biz\/wp-content\/uploads\/2019\/10\/Trener-Dragan-Macura-i-predsednik-Milo\u0161-Gmizi\u0107.jpg 600w\" sizes=\"auto, (max-width: 211px) 100vw, 211px\"\/><\/a><figcaption id=\"caption-attachment-22506\" class=\"wp-caption-text\">Trener Dragan Macura i predsednik Milo\u0161 Gmizi\u0107, foto: \u017divko Radivojevi\u0107<\/figcaption><\/figure>\n<p>\u0160ef struke u pe\u0107ina\u010dkom sremskoliga\u0161u, Dragan Macura, po obi\u010daju je optimista.<\/p>\n<p>\u2013 <strong>Pored treninga, \u010detiri puta nedeljno, zakazali smo za svaku nedelju kontrolnu utakmicu<\/strong> \u2013 isti\u010de trener Macura \u2013 <strong>Za sada, rivali \u0107e nam biti Sremac iz Dobrinaca, Sloboda iz Donjeg Tovarnika, Sremac iz Vojke i Srem iz Jakova. U zavisnosti od obaveza igra\u010da, mo\u017eda \u0107emo imati jo\u0161 neku proveru preko nedelje. Kada sam po\u010detkom oktobra pro\u0161le godine do\u0161ao u Pe\u0107ince, nisam bio na\u010disto sa mogu\u0107nostima igra\u010dima. Dobrim radom do\u0161li smo su situaciju da budemo me\u0111u najozbiljnijim kandidatima za sam vrh. Doveli smo kvalitetna poja\u010danja i uz dobar rad i kvalitetno, sportsko pona\u0161anje, mo\u017eemo do\u0107i do prvog mesta<\/strong>.<\/p>\n<p>Iskusni Petar Peri\u0161i\u0107 je bio me\u0111u standardnim prvotimcima u prvom delu sezone jesenas.<\/p>\n<p>\u2013 <strong>Kada rezimiramo jesenji deo prvenstva, mo\u017eemo biti zadovoljni<\/strong> \u2013 priznaje Peri\u0161i\u0107 \u2013 <strong>Idemo dobrim putem. Doveli smo vrlo dobra poja\u010danja, te mislim da imamo osnova da se na kraju radujemo<\/strong>.<\/p>\n<p>&#13;<br \/>\n         &#13;<br \/>\n        &#13;<br \/>\n                    <!--begin code -->&#13;<br \/>\n&#13;<br \/>\n                    &#13;<\/p>\n<div class=\"pp-multiple-authors-boxes-wrapper pp-multiple-authors-wrapper pp-multiple-authors-layout-boxed multiple-authors-target-the-content box-post-id-53716 box-instance-id-1 ppma_boxes_53716\" data-post_id=\"53716\" data-instance_id=\"1\" data-additional_class=\"pp-multiple-authors-layout-boxed.multiple-authors-target-the-content\" data-original_class=\"pp-multiple-authors-boxes-wrapper pp-multiple-authors-wrapper box-post-id-53716 box-instance-id-1\">\n<p>                                                                            <span class=\"ppma-layout-prefix\"\/><\/p>\n<div class=\"ppma-author-category-wrap\">\n                                                                                                                                    <span class=\"ppma-category-group ppma-category-group- category-index-0\">&#13;<\/p>\n<ul class=\"pp-multiple-authors-boxes-ul author-ul-0\">&#13;<br \/>\n                                                                                                                                                                                                                                                                                                                                                                                                                                                                                                                                                                    &#13;<\/p>\n<li class=\"pp-multiple-authors-boxes-li author_index_0 author_zivko-radivojevic has-avatar\">&#13;\n<div class=\"pp-author-boxes-avatar\">\n<div class=\"avatar-image\">\n                                                                                                                                                                                                                <img alt=\"\u017divko Radivojevi\u0107\" src=\"https:\/\/secure.gravatar.com\/avatar\/4a189799c1fadf4116c7457e58308d3a?s=80&amp;d=mm&amp;r=g\" srcset=\"https:\/\/secure.gravatar.com\/avatar\/4a189799c1fadf4116c7457e58308d3a?s=160&amp;d=mm&amp;r=g 2x\" class=\"avatar avatar-80 photo\" height=\"80\" width=\"80\" loading=\"lazy\" decoding=\"async\"\/>                                                                                                                                                                                                            <\/div>\n<\/p><\/div>\n<p>&#13;<br \/>\n                                                            &#13;<\/p>\n<div class=\"pp-author-boxes-avatar-details\">\n<p class=\"pp-author-boxes-description multiple-authors-description author-description-0\">&#13;<br \/>\n                                                                            \u017divko Radivojevi\u0107 je dugogodi\u0161nji uspe\u0161ni saradnik, autor, mnogih pisanih dela na stranicama Sportin.biz-a. Prakti\u010dno jedan od osniva\u010da ovog web portala. Sa posebnom pa\u017enjom prati sva de\u0161avanja u Sremu, ali i \u0161ire. Njegovi tekstovi o bo\u0107anju i bowlingu su prakti\u010dno jedinstveni u Srbiji. Time je njegov doprinos na razvoju ovih sportova nemerljiv.                                                                        <\/p>\n<p>                                                                                                                                    <span class=\"pp-author-boxes-meta multiple-authors-links\">&#13;<br \/>\n                                                                        <a href=\"https:\/\/sportin.biz\/author\/zivko-radivojevic\/\" title=\"View all posts\" target=\"_blank\" rel=\"noopener\">&#13;<br \/>\n                                                                            <span>View all posts<\/span>&#13;<br \/>\n                                                                        <\/a>&#13;<br \/>\n                                                                    <\/span><br \/>\n                                                                                                                                <a class=\"ppma-author-user_email-profile-data ppma-author-field-meta ppma-author-field-type-email\" aria-label=\"Email\" href=\"https:\/\/sportin.biz\/2020\/01\/26\/donji-srem-2015-zapoceo-pripreme\/mailto:andjelkosportin@yahoo.com\" target=\"_self\" rel=\"noopener\"><span class=\"dashicons dashicons-email-alt\"\/> <\/a>\n                                                                                                                            <\/div>\n<p>&#13;\n                                                                                                                                                                                                                        <\/li>\n<p>&#13;\n                                                                                                                                                                                                                                    <\/ul>\n<p>&#13;<br \/>\n                                                                            <\/span>\n                                                                                                                        <\/div>\n<p>                        <span class=\"ppma-layout-suffix\"\/>\n                    <\/div>\n<p>&#13;<br \/>\n                    <!--end code -->&#13;<br \/>\n                    &#13;<br \/>\n                &#13;<br \/>\n                                &#13;<br \/>\n                &#13;<br \/>\n                &#13;<br \/>\n        &#13;<\/p>\n<nav class=\"navigation post-navigation\" aria-label=\"\u010clanci\">\n<h2 class=\"screen-reader-text\">Kretanje \u010dlanka<\/h2>\n<\/nav><\/div>\n<p><a href=\"https:\/\/sportin.biz\/2020\/01\/26\/donji-srem-2015-zapoceo-pripreme\/\" target=\"_blank\" rel=\"noopener\">Source link <\/a><br \/>\n\n Donji Srem 2015 zapo\u010deo pripreme \u2013 Sport In<\/p>\n","protected":false},"excerpt":{"rendered":"<p>Pripreme pred nastavak prvenstva Sremske lige zapo\u010deo je i pe\u0107ina\u010dki Donji Srem 2015. Prvoj prozivci trenera Dragana Macure odazvalo se&hellip;<\/p>\n","protected":false},"author":1,"featured_media":5016,"comment_status":"open","ping_status":"open","sticky":false,"template":"","format":"standard","meta":{"footnotes":""},"categories":[1],"tags":[],"class_list":["post-5015","post","type-post","status-publish","format-standard","has-post-thumbnail","hentry","category-oglasi-pecinci"],"_links":{"self":[{"href":"https:\/\/oglasi.infooglasi.rs\/oglasi\/oglasipecinci\/wp-json\/wp\/v2\/posts\/5015","targetHints":{"allow":["GET"]}}],"collection":[{"href":"https:\/\/oglasi.infooglasi.rs\/oglasi\/oglasipecinci\/wp-json\/wp\/v2\/posts"}],"about":[{"href":"https:\/\/oglasi.infooglasi.rs\/oglasi\/oglasipecinci\/wp-json\/wp\/v2\/types\/post"}],"author":[{"embeddable":true,"href":"https:\/\/oglasi.infooglasi.rs\/oglasi\/oglasipecinci\/wp-json\/wp\/v2\/users\/1"}],"replies":[{"embeddable":true,"href":"https:\/\/oglasi.infooglasi.rs\/oglasi\/oglasipecinci\/wp-json\/wp\/v2\/comments?post=5015"}],"version-history":[{"count":0,"href":"https:\/\/oglasi.infooglasi.rs\/oglasi\/oglasipecinci\/wp-json\/wp\/v2\/posts\/5015\/revisions"}],"wp:featuredmedia":[{"embeddable":true,"href":"https:\/\/oglasi.infooglasi.rs\/oglasi\/oglasipecinci\/wp-json\/wp\/v2\/media\/5016"}],"wp:attachment":[{"href":"https:\/\/oglasi.infooglasi.rs\/oglasi\/oglasipecinci\/wp-json\/wp\/v2\/media?parent=5015"}],"wp:term":[{"taxonomy":"category","embeddable":true,"href":"https:\/\/oglasi.infooglasi.rs\/oglasi\/oglasipecinci\/wp-json\/wp\/v2\/categories?post=5015"},{"taxonomy":"post_tag","embeddable":true,"href":"https:\/\/oglasi.infooglasi.rs\/oglasi\/oglasipecinci\/wp-json\/wp\/v2\/tags?post=5015"}],"curies":[{"name":"wp","href":"https:\/\/api.w.org\/{rel}","templated":true}]}}