{"id":5019,"date":"2024-07-01T11:16:39","date_gmt":"2024-07-01T09:16:39","guid":{"rendered":"https:\/\/oglasi.infooglasi.rs\/oglasi\/oglasipecinci\/poverenica-o-slucaju-dece-u-pecincima-bila-bi-sramna-poruka-ako-ne-postupe-po-nasoj-preporuci-drustvo-oglasi-pecinci\/"},"modified":"2024-07-01T11:16:39","modified_gmt":"2024-07-01T09:16:39","slug":"poverenica-o-slucaju-dece-u-pecincima-bila-bi-sramna-poruka-ako-ne-postupe-po-nasoj-preporuci-drustvo-oglasi-pecinci","status":"publish","type":"post","link":"https:\/\/oglasi.infooglasi.rs\/oglasi\/oglasipecinci\/poverenica-o-slucaju-dece-u-pecincima-bila-bi-sramna-poruka-ako-ne-postupe-po-nasoj-preporuci-drustvo-oglasi-pecinci\/","title":{"rendered":"Poverenica o slu\u010daju dece u Pe\u0107incima: Bila bi sramna poruka ako ne postupe po na\u0161oj preporuci &#8211; Dru\u0161tvo &#8211; OGLASI PE\u0106INCI"},"content":{"rendered":"<p><\/p>\n<div>\n<div class=\"font-medium post-intro-content content\">\n<p>Poverenica za za\u0161titu ravnopravnosti Brankica Jankovi\u0107 ocenila je ve\u010deras da bi se poslala jedna sramna poruka ukoliko nadle\u017eni ne postupe po preporuci ove institucije u slu\u010daju dece ispisane iz vrti\u0107a \u201eVlada Obradovi\u0107 Kameni\u201c u Pe\u0107incima, a koja su diskriminisana zbog politi\u010dke pripadnosti njihovih roditelja.<\/p>\n<\/div>\n<p>Poverenica za za\u0161titu ravnopravnosti uputila je ranije preporuku da se otklone posledice diskriminatornog postupanja i da se deca hitno vrate u vrti\u0107 iz kojeg su ispisana. Tom prilikom je poverenica Jankovi\u0107 zatra\u017eila i da se ustanova \u201eVlada Obradovi\u0107 Kameni\u201c pisanim putem izvini roditeljima i da ubudu\u0107e vodi ra\u010duna da ne vr\u0161i diskriminaciju.<\/p>\n<p>\u201eUtvrdili smo diskriminaciju. Nije postupljeno po na\u0161oj preporuci u roku od 30 dana, dali smo im opomenu i uskoro \u0107e iste\u0107i taj rok. Mislim da bi to bila zaista jedna velika sramota i jedna poruka da stvari ne funkcioni\u0161u dobro ako \u0107ete decu tretirati druga\u010dije zbog politi\u010dke ili sindikalne pripadnosti njihovih roditelja ili \u010dlanova njihove porodice\u201c, <a href=\"https:\/\/nova.rs\/emisije\/brankica-jankovic-dnevnik-nova-s\/\" target=\"_blank\" rel=\"noopener external noreferrer\" data-wpel-link=\"external\"><strong>izjavila je Jankovi\u0107 u Dnevniku TV Nova S<\/strong><\/a>.<\/p>\n<p>\u201eTo je ne\u0161to zaista nedopustivo i ja se jo\u0161 uvek nadam da bismo nakon te opomene, iako jo\u0161 malo isti\u010de rok, mogli da dobijemo pozitivan odgovor\u201c, dodala je ona.<\/p>\n<p>Poverenica je istakla da ve\u0107ina lokalnih samouprava i organa postupa po preporukama ove institucije,<\/p>\n<p>\u201eOvo \u0107e biti jedan od onih retkih koji \u0107e poslati jednu sramnu poruku da stvari ne funkcioni\u0161u dobro, ako \u0107emo na\u0161u decu zloupotrebljavati u politi\u010dke ili bilo koje druge svrhe\u201c, kazala je Jankovi\u0107 u slu\u010daju da se desi da se ne postupi po njenoj preporuci u ovom slu\u010daju.<\/p>\n<p>Na pitanje da li je zadovoljna reakcijom dr\u017eave u slu\u010dajevima profa\u0161isti\u010dkih i desni\u010darskih skupova, Jankovi\u0107 je odgovorila da nije uvek zadovoljna.<\/p>\n<p>\u201eTo je jedan od na\u0161ih glavnih problema. Mislim da se radi o selektivnoj pravdi i mislim da to moje mi\u0161ljenje mo\u017eda deli ve\u0107ina gra\u0111ana\u201c, rekla je ona i dodala da ima prostora za neselektivno delovanje.<\/p>\n<p>Ona je rekla da se u ovim slu\u010dajevima mora uvek reagovati.<\/p>\n<p>\u201eOvo \u0161to nam se pre neki dan desilo sa Narodnim patrolama je nedopustivo. Ne znam ko je napravio Narodne patrole, ali znam da smo mi upozoravali ve\u0107 godinama. Nisu oni jedini koji prave probleme, pogledajte poslednjih dana \u2018rat\u2019 grafitima. Drugo \u0161to mene pla\u0161i je uzimanje pravde u svoje ruke jer tamo neki sebi daju za pravo, kao kada su migrantima zabranjivali da se kre\u0107u no\u0107u\u201c, rekla je Jankovi\u0107 i podsetila da se nedavno dogodio i zabranjen skup podr\u0161ke \u010duvenom srpskom kolaboracionisti i nacisti\u010dkom saradniku u Drugom svetskom ratu Milanu Nedi\u0107u.<\/p>\n<p>U Dnevniku je poverenica Jankovi\u0107 govorila i o njenoj inicijativi da se naprave zakonske izmene kod izgradnje rampi za osobe sa invaliditetom.<\/p>\n<p>Naime, po dana\u0161njem Zakonu o planiranju i izgradnji potrebna je, kako je kazala Jankovi\u0107, saglasnost ve\u0107ine stanara na objektima i povr\u0161inama u vlasni\u0161tvu vi\u0161e vlasnika.<\/p>\n<p>Mi smo tra\u017eili da kada se izgradnja odnosi na uklanjanje nepristupa\u010dnih barijera da se ona u novom zakonu ukine, izjavila je Jankovi\u0107.<\/p>\n<p>\u201eNesmetan pristup domovima za osobe sa invaliditetom je pitanje pravde i jednog normalnog \u017eivota. Mnogi od njih sebi ne mogu da obezbede rampe jer njihove kom\u0161ije, da \u010dovek ne poveruje, nisu davale saglasnost za izgradnju rampi, iako to uop\u0161te ne uti\u010de na kvalitet \u017eivota tih kom\u0161ija\u201c, rekla je Jankovi\u0107.<\/p>\n<p>Ona je rekla da bi rampe mogle da koriste i ljudima koji se te\u017ee kre\u0107u, ali i roditeljima sa kolicima za dete.<\/p>\n<p>Poverenica je navela da nije dobila zvani\u010dan odgovor, ali da je pro\u010ditala u medijima izjavu ministra gra\u0111evinarstva Gorana Vesi\u0107a, koji je naveo da taj predlog vidi kao jako dobar.<\/p>\n<p>\u201eOvde se ne radi o luksuzu, ve\u0107 o \u017eivotu gra\u0111ana\u201c, poru\u010dila je poverenica Jankovi\u0107.<\/p>\n<p>Ona se osvrnula i na podatke o siroma\u0161tvu u Srbiji ocenjuju\u0107i da su rezultati pojedinih istra\u017eivanja pora\u017eavaju\u0107i.<\/p>\n<p>\u201eStopa rizika od siroma\u0161tva je 21,2 posto\u201c, upozorila je Jankovi\u0107.<\/p>\n<p>Ona je upozorila i da je i u Srbiji veoma vidljiva razlika izme\u0111u bogatih i siroma\u0161nih.<\/p>\n<p>\u201eKod nas ljudi imaju potrebu da prika\u017eu koliko imaju, a siroma\u0161tvo ne mo\u017eete sakriti i kada srednji sloj skoro nestaje, ne mislim samo da je to problem samo u Srbiji, ve\u0107 je globalni\u201c, ocenila je ona.<\/p>\n<p>Poverenica Jankovi\u0107 je govore\u0107i o socijalnim posledicama inflacije pro\u010ditala i podatak Republi\u010dkog zavoda za statistiku.<\/p>\n<p>\u201eProse\u010dna zarada obra\u010dunata za novembar je bila 78.326 dinara neto, a u pore\u0111enju sa istim mesecom godinu ranije prose\u010dna i bruto i neto zarada je nominalno ve\u0107a za 13,3 odsto, a realno je manja za 1,6 procenata\u201c, rekla je Jankovi\u0107.<\/p>\n<div class=\"post-disclaimer\">\n<p><strong><em>Pratite nas na na\u0161oj <a href=\"https:\/\/www.facebook.com\/www.danas.rs\" target=\"_blank\" rel=\"noopener external noreferrer\" data-wpel-link=\"external\">Facebook<\/a> i <a href=\"https:\/\/www.instagram.com\/danas.rs\/?hl=en\" target=\"_blank\" rel=\"noopener external noreferrer\" data-wpel-link=\"external\">Instagram<\/a> stranici, ali i na <a href=\"https:\/\/twitter.com\/OnlineDanas\" target=\"_blank\" rel=\"noopener external noreferrer\" data-wpel-link=\"external\">Twitter<\/a> nalogu. Pretplatite se na <a href=\"https:\/\/klub.danas.rs\/\" target=\"_blank\" rel=\"noopener external noreferrer\" data-wpel-link=\"external\">PDF izdanje lista Danas<\/a>.<\/em><\/strong><\/p>\n<\/div>\n<\/div>\n<p><script async src=\"\/\/platform.twitter.com\/widgets.js\" charset=\"utf-8\"><\/script><script async defer src=\"https:\/\/platform.instagram.com\/en_US\/embeds.js\"><\/script><br \/>\n<br \/><a href=\"https:\/\/www.danas.rs\/vesti\/drustvo\/poverenica-o-slucaju-dece-u-pecincima-bila-bi-sramna-poruka-ako-ne-postupe-po-nasoj-preporuci\/\" target=\"_blank\" rel=\"noopener\">Source link <\/a><br \/>\n\n Poverenica o slu\u010daju dece u Pe\u0107incima: Bila bi sramna poruka ako ne postupe po na\u0161oj preporuci &#8211; Dru\u0161tvo<\/p>\n","protected":false},"excerpt":{"rendered":"<p>Poverenica za za\u0161titu ravnopravnosti Brankica Jankovi\u0107 ocenila je ve\u010deras da bi se poslala jedna sramna poruka ukoliko nadle\u017eni ne postupe&hellip;<\/p>\n","protected":false},"author":1,"featured_media":5020,"comment_status":"open","ping_status":"open","sticky":false,"template":"","format":"standard","meta":{"footnotes":""},"categories":[1],"tags":[],"class_list":["post-5019","post","type-post","status-publish","format-standard","has-post-thumbnail","hentry","category-oglasi-pecinci"],"_links":{"self":[{"href":"https:\/\/oglasi.infooglasi.rs\/oglasi\/oglasipecinci\/wp-json\/wp\/v2\/posts\/5019","targetHints":{"allow":["GET"]}}],"collection":[{"href":"https:\/\/oglasi.infooglasi.rs\/oglasi\/oglasipecinci\/wp-json\/wp\/v2\/posts"}],"about":[{"href":"https:\/\/oglasi.infooglasi.rs\/oglasi\/oglasipecinci\/wp-json\/wp\/v2\/types\/post"}],"author":[{"embeddable":true,"href":"https:\/\/oglasi.infooglasi.rs\/oglasi\/oglasipecinci\/wp-json\/wp\/v2\/users\/1"}],"replies":[{"embeddable":true,"href":"https:\/\/oglasi.infooglasi.rs\/oglasi\/oglasipecinci\/wp-json\/wp\/v2\/comments?post=5019"}],"version-history":[{"count":0,"href":"https:\/\/oglasi.infooglasi.rs\/oglasi\/oglasipecinci\/wp-json\/wp\/v2\/posts\/5019\/revisions"}],"wp:featuredmedia":[{"embeddable":true,"href":"https:\/\/oglasi.infooglasi.rs\/oglasi\/oglasipecinci\/wp-json\/wp\/v2\/media\/5020"}],"wp:attachment":[{"href":"https:\/\/oglasi.infooglasi.rs\/oglasi\/oglasipecinci\/wp-json\/wp\/v2\/media?parent=5019"}],"wp:term":[{"taxonomy":"category","embeddable":true,"href":"https:\/\/oglasi.infooglasi.rs\/oglasi\/oglasipecinci\/wp-json\/wp\/v2\/categories?post=5019"},{"taxonomy":"post_tag","embeddable":true,"href":"https:\/\/oglasi.infooglasi.rs\/oglasi\/oglasipecinci\/wp-json\/wp\/v2\/tags?post=5019"}],"curies":[{"name":"wp","href":"https:\/\/api.w.org\/{rel}","templated":true}]}}