{"id":5064,"date":"2024-08-10T12:41:10","date_gmt":"2024-08-10T10:41:10","guid":{"rendered":"https:\/\/oglasi.infooglasi.rs\/oglasi\/oglasipecinci\/pecinci-opozicija-ocekuje-kradju-izbora-oglasi-pecinci\/"},"modified":"2024-08-10T12:41:10","modified_gmt":"2024-08-10T10:41:10","slug":"pecinci-opozicija-ocekuje-kradju-izbora-oglasi-pecinci","status":"publish","type":"post","link":"https:\/\/oglasi.infooglasi.rs\/oglasi\/oglasipecinci\/pecinci-opozicija-ocekuje-kradju-izbora-oglasi-pecinci\/","title":{"rendered":"Pe\u0107inci: Opozicija o\u010dekuje kra\u0111u izbora &#8211; OGLASI PE\u0106INCI"},"content":{"rendered":"<p><\/p>\n<div>\n<p><strong>Odlukom Vlade Srbije, u op\u0161tini Pe\u0107inci raspu\u0161tena je <a href=\"http:\/\/www.pecinci.org\/info\/aktuelno.10.html?idvest=6146\" target=\"_blank\" rel=\"noopener\">Skup\u0161tina op\u0161tine<\/a><\/strong><strong> i obrazovan Privremeni organ, koji \u0107e do 24. decembra, odnosno do lokalnih izbora, obavljati sve poslove iz nadle\u017enosti skup\u0161tine i izvr\u0161nih organa op\u0161tine Pe\u0107inci. Na mesto predsednika Privremenog organa imenovana je dosada\u0161nja predsednica pe\u0107ina\u010dke op\u0161tine Dubravka Kova\u010devi\u0107 Suboti\u010dki, a za \u010dlanove su imenovani Zoran Vojki\u0107, Sne\u017eana Gagi\u0107, Milenko \u0110ur\u0111evi\u0107 i Sini\u0161a \u0110oki\u0107, odnosno isklju<\/strong><strong>\u010d<\/strong><strong>ivo predstavnici vladaju\u0107eg SNS-a. Opozicija smatra da je ta protivzakonita odluka uvod u \u201ckra\u0111u\u201d lokalnih izbora u Pe\u0107incima. <\/strong><\/p>\n<p>Kako VOICE saznaje, <strong>ostavka<\/strong> Dubravke Kova\u010devi\u0107 Suboti\u010dki nije se na\u0161la na dnevnom redu Skup\u0161tine op\u0161tine niti su odbornici stranaka opozicije bili obave\u0161teni o tome.<\/p>\n<p><strong>Dubravka Kova\u010devi\u0107 Suboti\u010dki<\/strong> je o ostavci obavestila Ministarstvo za dr\u017eavnu upravu i lokalnu samoupravu koje je formiralo Privremeni organ sastavljen isklju\u010divo od predstavnika vladaju\u0107e Srpske napredne stranke, \u010dime je prekr\u0161en <a href=\"https:\/\/drive.google.com\/open?id=1-_enBk3ARWn78kh-Le9MJrU3_f6jogpw\" target=\"_blank\" rel=\"noopener\"><strong>\u010dlan 86. Zakona o lokalnoj samoupravi<\/strong><\/a><strong>,<\/strong> koji nala\u017ee da se prilikom formiranja privremenog organa vodi ra\u010duna o politi\u010dkom sastavu raspu\u0161tene skup\u0161tine, pokazuje istra\u017eivanje Vojvo\u0111anskog istra\u017eiva\u010dko-analiti\u010dkog centra (VOICE)<\/p>\n<p><strong>Prevremeni izbori 2014. godine<\/strong><\/p>\n<p>Prevremeni izbori u Pe\u0107incima ve\u0107 su bili odr\u017eani i 2013. godine. Vlada Srbije imenovala je 8. novembra 2013. godine Privremeni organ u op\u0161tini Pe\u0107inci, nakon \u0161to se lokalna skup\u0161tina nije sastajala <a href=\"http:\/\/www.autonomija.info\/pecinci-uhapsen-bivsi-predsednik-opstine-pa-raspusten-lokalni-parlament.html\" target=\"_blank\" rel=\"noopener\">du\u017ee od tri meseca<\/a>. Privremeno ve\u0107e funkciju organa vlasti mo\u017ee da obavlja najdu\u017ee 60 dana. Nakon toga, 45 do 60 dana je rok za sprovo\u0111enje izbornih radnji, \u0161to se i dogodilo.<\/p>\n<p>Lokalni izbori u op\u0161tini Pe\u0107inci odr\u017eani su <strong>u martu 2014.<\/strong> godine kada je 16.127 \u00a0gra\u0111ana te sremske op\u0161tine imalo priliku da se izjasni kojih \u0107e 30 odbornika biti njihovi predstavnici u lokalnom parlametnu. Na izborima se na\u0161lo devet izbornih lista stranaka, grupa gra\u0111ana ili politi\u010dkih organizacija. Koaliciona lista \u201eAleksandar Vu\u010di\u0107 \u2013 Budu\u0107nost u koju verujem\u201c na vanrednim lokalnim izborima u op\u0161tini Pe\u0107inci tada je osvojila vi\u0161e od 46 odsto glasova, na drugom mestu po broju glasova bila je Grupa gra\u0111ana \u201eMilenko \u0110ur\u0111evi\u0107 \u2013 Za na\u0161e selo\u201c sa 17,41 odsto, tre\u0107a je bila lista \u201eDemokratska stranka \u2013 \u017divko Markovi\u0107\u201c sa 13,03 odsto, dok je Grupa gra\u0111ana \u201eZa naprednu i slobodnu op\u0161tinu\u201c osvojila 6,54 odsto glasova. To zna\u010di da je koaliciji oko SNS pripalo 17 odborni\u010dkih mandata, \u201eMilenko \u0110ur\u0111evi\u0107 \u2013 Za na\u0161e selo\u201c \u0161est, DS pet, a Grupa gra\u0111ana \u201eZa naprednu i slobodnu op\u0161tinu\u201c dobila je dva odbornika u lokalnom parlamentu.<\/p>\n<p>Na <a href=\"https:\/\/www.ekapija.com\/news\/894766\/dubravka-kovacevic-suboticki-nova-predsednica-opstine-pecinci\" target=\"_blank\" rel=\"noopener\">konstitutivnoj sednici<\/a> Skup\u0161tine op\u0161tine Pe\u0107inci za predsednicu op\u0161tine izabrana je dr Dubravka Kova\u010devi\u0107 Suboti\u010dki, lekarka specijalistkinja za plu\u0107ne bolesti, koja je prethodne dve godine obavljala du\u017enost direktorice pe\u0107ina\u010dkog Doma zdravlja.<\/p>\n<p>Za njenog zamenika izabran je dotada\u0161nji na\u010delnik Odeljenja za bud\u017eet i finansije diplomirani ekonomista \u00a0<strong>Zoran Vojki\u0107.<\/strong><\/p>\n<p>Na funkciju predsednika Skup\u0161tine op\u0161tine Pe\u0107inci odbornici su izabrali diplomiranog ekonomistu <strong>Savu \u010coj\u010di\u0107a,<\/strong> za njegovog zamenika izabran je diplomirani menad\u017eer <strong>Aleksandar Jovi\u010di\u0107,<\/strong> a na funkciju sekretara Skup\u0161tine op\u0161tine izabrana je diplomirana pravnica <strong>Jelena Mi\u0107i\u0107.<\/strong><\/p>\n<figure id=\"attachment_85323\" aria-describedby=\"caption-attachment-85323\" style=\"width: 300px\" class=\"wp-caption alignright\"><a href=\"http:\/\/www.autonomija.info\/wp-content\/uploads\/2017\/11\/Zgrada-opstine-Pecinci.jpg\" target=\"_blank\" rel=\"noopener\"><img decoding=\"async\" loading=\"lazy\" class=\"wp-image-85323 size-medium\" src=\"http:\/\/www.autonomija.info\/wp-content\/uploads\/2017\/11\/Zgrada-opstine-Pecinci-300x169.jpg\" alt=\"\" width=\"300\" height=\"169\" srcset=\"\"\/><\/a><figcaption id=\"caption-attachment-85323\" class=\"wp-caption-text\">Zgrada op\u0161tine u Pe\u0107incima<\/figcaption><\/figure>\n<p>Naprednjaci su bili u mogu\u0107nosti da sami formiraju lokalnu vlast ali ubrzo nakon odr\u017eanih izbora,\u00a0 Grupa gra\u0111ana \u201eMilenko \u0110ur\u0111evi\u0107 \u2013 Za na\u0161e selo\u201c ulazi u koaliciju sa Srpskom naprednom strankom. Nosilac pomenute liste, <strong>Milenko \u0110ur\u0111evi\u0107<\/strong> je pred pro\u0161logodi\u0161nje\u00a0 izbore u Srbiji podr\u017eao Srpsku napredne stranku i na republi\u010dkom i pokrajinkom nivou.<\/p>\n<p>\u2013 Iako smo bili protivnici na lokalnim izborima 2014. godine, samo nekoliko meseci nakon izbora, zbog dobrih rezultata rada lokalne samouprave koju vodi Srpska napredna stranka, shvatili smo ispravnost njene politike i odlu\u010dili smo da podr\u017eimo op\u0161tinsko rukovodstvo, a na izborima 24. aprila podr\u017ea\u0107emo listu Srpske napredne stranke i na republi\u010dkom i na pokrajinskom nivou \u00a0<a href=\"http:\/\/www.rtv.rs\/sr_lat\/vojvodina\/srem\/djurdjevic-podrzacemo-sns-na-pokrajinskom-nivou_699327.html\" target=\"_blank\" rel=\"noopener\">\u2013 <strong>izjavio je \u0110ur\u0111evi\u0107<\/strong>.<\/a><\/p>\n<blockquote>\n<p><strong>Ko je Milenko \u0110ur\u0111evi\u0107?<\/strong><\/p>\n<p>Milenko \u0110ur\u0111evi\u0107 je vlasnik <a href=\"http:\/\/www.im-djurdjevic.com\/\" target=\"_blank\" rel=\"noopener\">Industrije\u00a0 mesa \u201c\u0110ur\u0111evi\u0107<\/a>\u201c sa sedi\u0161tem u radnoj zoni u Suboti\u0161tu, op\u0161tina Pe\u0107inci, koja je <strong>drugi po redu najve\u0107i proizvo\u0111a\u010d sve\u017eeg mesa u Srbiji,<\/strong> osnovana 1999. godine. \u0110ur\u0111evi\u0107 svoju robu plasira po celoj Srbiji, putem svoje maloprodaje, i prodaje u marketima. U sklopu kompanije nalazi se klanica, koja je po\u010dela sa radom 2004. godine.<\/p>\n<p>U periodu od 2006. do 2014. godine \u0110ur\u0111evi\u0107 je bio predsednik FK \u201cDonji Srem\u201d koji se takmi\u010dio u Super ligi Srbije. Nakon osam godina je podneo ostavku zbog, kako je sam rekao, <a href=\"https:\/\/www.youtube.com\/watch?v=43IQpXUvZdo\" target=\"_blank\" rel=\"noopener\">poslovnih obaveza<\/a>.<\/p>\n<p>Nakon \u0161to je ovaj preduzetnik na lokalnim izborima <a href=\"http:\/\/www.autonomija.info\/pecinci-uhapsen-bivsi-predsednik-opstine-pa-raspusten-lokalni-parlament.html\" target=\"_blank\" rel=\"noopener\">2014. godine<\/a> bio kandidat Srpske napredne stranke za predsednika op\u0161tine Pe\u0107inci, ukupna vrednost ugovora koju je dobio na tenderima koje su raspisale dr\u017eavne ustanove i lokalne samouprave, samo u toku te godine, bila je ve\u0107a u odnosu na ugovore koje je dobio za prethodne \u010detiri godine, odnosno od 2010. do 2013. godine, pokazuje istra\u017eivanje VOICE-a.<\/p>\n<p>Milenko \u0110ur\u0111evi\u0107 je preko SZTR \u201c\u0110ur\u0111evi\u0107\u201d, \u010diji je vlasnik, dobijao na tenderima koje su raspisivale pre\u0161kolske ustanove u Beogradu, Gerontolo\u0161ki centar, Institut za onkologiju i radiologiju, JKP Gradska \u010disto\u0107a Beograd, Okru\u017eni zatvor, Ministarstvo odbrane, Narodna banka. Tako\u0111e, SZTR \u201c\u0110ur\u0111evi\u0107\u201d pobe\u0111uje na tenderima od 2014. godine koje raspisuje <a href=\"https:\/\/drive.google.com\/open?id=1OA6kZR0yV6HBWpWOkFVY-uY7ixh_wn6F\" target=\"_blank\" rel=\"noopener\">Studentski centar iz Beograda<\/a> gde procenjena vrednost nabavke bude i do <a href=\"https:\/\/drive.google.com\/open?id=1moBARSPYctdUWZstvJ9TDKFfWhZXZBC_\" target=\"_blank\" rel=\"noopener\"><strong>103 miliona dinara<\/strong><\/a>.<\/p>\n<\/blockquote>\n<p><strong>Uvertira pred decembarske izbore 2017. godine<\/strong><\/p>\n<p>Gra\u0111ani pe\u0107ina\u010dke op\u0161tine \u0107e, po svemu sude\u0107i, ove godine <strong>dva puta<\/strong> iskoristiti svoje bira\u010dko pravo. Prvi put su imali priliku da glasaju tokom leta, kada su se birali \u010dlanovi Saveta mesnih zajednica, dok \u0107e drugi put svoje bira\u010dko pravo iskoristiti na lokalnim izborima 24. decembra.<\/p>\n<p>Izbori za Savete mesnih zajednica u 11 naselja pe\u0107ina\u010dke op\u0161tine odr\u017eani su <a href=\"https:\/\/drive.google.com\/open?id=18ivz1qb11weDx7nbMEastFxc1ghRvcZa\" target=\"_blank\" rel=\"noopener\"><strong>18. juna 2017<\/strong><\/a>. godine me\u0111utim, na izborima su me\u0161tani A\u0161anje, Bresta\u010da, Donjeg Tovarnika, Karlov\u010di\u0107a, Kupinova, Obre\u017ea, Ogara, Pe\u0107inaca, Popinca, Suboti\u0161ta i Siba\u010da mogli da biraju jedino predstavnike vladaju\u0107e <a href=\"http:\/\/www.pecinci.org\/info\/aktuelno.10.html?idvest=5315\" target=\"_blank\" rel=\"noopener\">Srpske napredne stranke<\/a>.<\/p>\n<figure id=\"attachment_85324\" aria-describedby=\"caption-attachment-85324\" style=\"width: 300px\" class=\"wp-caption alignleft\"><a href=\"http:\/\/www.autonomija.info\/wp-content\/uploads\/2017\/11\/Zivko-Markovic-DS-Pecinci.jpg\" target=\"_blank\" rel=\"noopener\"><img decoding=\"async\" loading=\"lazy\" class=\"wp-image-85324 size-medium\" src=\"http:\/\/www.autonomija.info\/wp-content\/uploads\/2017\/11\/Zivko-Markovic-DS-Pecinci-300x260.jpg\" alt=\"\" width=\"300\" height=\"260\" srcset=\"\"\/><\/a><figcaption id=\"caption-attachment-85324\" class=\"wp-caption-text\">\u017divko Markovi\u0107: Ljudi su zastra\u0161eni, ovde svako ko radi u op\u0161tinskoj upravi ili javnom preduze\u0107u je dobio zadatak da obezbedi 40 sigurnih glasova za SNS<\/figcaption><\/figure>\n<p>Predsednik Op\u0161tinskog odbora Demokratske stranke <strong>\u017divko Markovi\u0107<\/strong> ka\u017ee za VOICE da je <strong>za odr\u017eavanje izbora za \u010dlanove Saveta MZ saznao putem oglasne table<\/strong> koja se nalazila u zgradi op\u0161tine.<\/p>\n<p>\u2013 Kao predsednik opozicione stranke sam za izbore saznao dan pre odr\u017eavanja izbora, to <strong>ne mogu da shvatim.<\/strong> Neko je mogao to obave\u0161tenje i da pocepa. Ne mogu da shvatim da nas nisu obavestili ve\u0107 sam sasvim slu\u010dajno bio u zgradi op\u0161tine gde sam video obave\u0161tenje ali je ve\u0107 bilo kasno. Za izbore \u010dlanova Saveta mesnih zajednica i gra\u0111ani su mogli da se informi\u0161u samo preko oglasne table u zgradi op\u0161tine, tako da je <strong>Srpska napredna stranka na tim izborima u\u010destvovala sama.<\/strong><\/p>\n<p>\u010cetiri meseca nakon izbora za Savete mesnih zajednica, Dubravka Kova\u010devi\u0107 Suboti\u010dki podnosi ostavku na mesto predsednice op\u0161tine Pe\u0107inci. Prema \u010dlanu 49. Zakona o lokalnoj samoupravi, predsednik op\u0161tine mo\u017ee biti razre\u0161en pre isteka vremena na koje je biran, na obrazlo\u017een predlog najmanje tre\u0107ine odbornika, na isti na\u010din na koji je izabran. O predlogu za razre\u0161enje predsednika op\u0161tine <a href=\"https:\/\/drive.google.com\/open?id=1AUc1w1yUPGTYN1oH9-OmE_YJt2DCFZnq\" target=\"_blank\" rel=\"noopener\"><strong>mora se raspravljati<\/strong><\/a> i odlu\u010divati u roku od 15 dana od dana dostavljanja predloga predsedniku skup\u0161tine. Me\u0111utim, ostavka Dubravke Kova\u010devi\u0107 Suboti\u010dki nije se na\u0161la na dnevnom redu Skup\u0161tine op\u0161tine Pe\u0107inci.<\/p>\n<p>\u2013 Zvani\u010dno to nije bilo na sednici Skup\u0161tine op\u0161tine iako se, po pravilu, predsednik op\u0161tne bira na sednicama Skup\u0161tine, analogno tome i <strong>ostavka<\/strong> se morala na\u0107i na dnevnom redu sednice SO gde bi se to konstatovalo \u2013 potvr\u0111uje za VOICE \u0161ef odborni\u010dke grupe Demokratske stranke \u017divko Markovi\u0107.<\/p>\n<p>Nakon toga, odlukom Vlade Srbije u op\u0161tini Pe\u0107inci raspu\u0161tena je Skup\u0161tina op\u0161tine i obrazovan Privremeni organ, koji \u0107e do 24. decembra 2017. godine, odnosno do lokalnih izbora, obavljati sve poslove iz nadle\u017enosti skup\u0161tine i izvr\u0161nih organa op\u0161tine Pe\u0107inci.<\/p>\n<p>Na mesto predsednika Privremenog organa imenovana je dosada\u0161nja predsednica pe\u0107ina\u010dke op\u0161tine Dubravka Kova\u010devi\u0107 Suboti\u010dki, a za \u010dlanove su imenovani Zoran Vojki\u0107, Sne\u017eana Gagi\u0107, <strong>Milenko \u0110ur\u0111evi\u0107<\/strong> i Sini\u0161a \u0110oki\u0107.<\/p>\n<p>Svi \u010dlanovi Privremenog organa su predstavnici Srpske napredne stranke \u010dime je prekr\u0161en <a href=\"https:\/\/drive.google.com\/open?id=1EzxUbo-qXYFPEMSWaWuh-vTIMgALvv_H\" target=\"_blank\" rel=\"noopener\"><strong>\u010dlan 86. Zakona o lokalnoj samoupravi<\/strong><\/a><strong>,<\/strong> koji nala\u017ee da se prilikom formiranja privremenog organa vodi ra\u010duna o politi\u010dkom sastavu raspu\u0161tene skup\u0161tine. Pre raspu\u0161tanja lokalnog parlamenta odnos snaga je bio slede\u0107i: SNS 20 odbornika, DS 4, Grupa gra\u0111ana \u201eZa naprednu i slobodnu op\u0161tinu Pe\u0107inci\u201c dva odbornika, GG \u201eMilenko \u0110ur\u0111evi\u0107 \u2013 za na\u0161e selo\u201c dva odbornika i dva takozvana samostalna odbornika, koji su ranije istupili iz SNS-a.<\/p>\n<p>\u2013 To zna\u010di da je od 30 odbornika SNS imao 20 a opozicija 10 odbornika pre raspu\u0161tanja Skup\u0161tine op\u0161tine Pe\u0107inci. U najboljem slu\u010daju za SNS, oni bi imali \u010detiri predstavnika u Prvivremenom organu a opozicija jednog. <strong>Realno i korektno bi bilo da SNS ima tri a opozicija dva predstavnika u Privremenom organu.<\/strong> \u2013 obja\u0161njava za VOICE \u0161ef odborni\u010dke grupe i lider Pe\u0107ina\u010dkih demokrata, \u00a0\u017divko Markovi\u0107.<\/p>\n<p>Povodom doga\u0111aja u op\u0161tini Pe\u0107inci oglasio se i <a href=\"http:\/\/www.ds.org.rs\/medija-centar\/saopstenja\/20956-krivicna-prijava-protiv-ruzica\" target=\"_blank\" rel=\"noopener\"><strong>Izvr\u0161ni odbor Demokratske stranke<\/strong><\/a><strong>, <\/strong>\u00a0koji je najavio krivi\u010dnu prijavu protiv ministra za dr\u017eavnu upravu i lokalnu samoupravu Branka Ru\u017ei\u0107a, jer su u privremeni organ u op\u0161tini Pe\u0107inci imenovani samo \u010dlanovi SNS-a.<\/p>\n<p>\u2013 Meni upravo ovo govori, ovaj na\u010din na koji je imenovan Privremeni organ da se <strong>priprema \u017eestoka kra\u0111a izbora,<\/strong> zato \u0161to \u0107e sve biti u rukama Srpske napredne stranke. Na stranu to \u0161to u Pe\u0107incima vlada <strong>medijski mrak<\/strong>, jer lokalni mediji ne izve\u0161tavaju o aktivnostima opozicije, mene vi\u0161e zabrinjava to \u0161to \u0107e taj privremeni organ formirati i Izbornu komisiju, \u0161to \u0107e odlu\u010divati ko \u0107e biti u bira\u010dkim odborima, \u0161to \u0107e imati neposredan uvid u bira\u010dke spiskove \u00a0a mi ve\u0107 imamo iskustva da kada su u toku lokalni izbori, naglo poraste broj stanovnika op\u0161tine Pe\u0107inci \u2013 navodi za VOICE lider DS-a u toj sremskoj op\u0161tini \u017divko Markovi\u0107.<\/p>\n<p><strong>Predavanje liste za prevremene lokalne izbore <\/strong><\/p>\n<p><a href=\"http:\/\/www.autonomija.info\/wp-content\/uploads\/2012\/03\/izbori-u-Srbiji.jpg\" target=\"_blank\" rel=\"noopener\"><img decoding=\"async\" loading=\"lazy\" class=\"alignright wp-image-15317 size-medium\" src=\"http:\/\/www.autonomija.info\/wp-content\/uploads\/2012\/03\/izbori-u-Srbiji-300x225.jpg\" alt=\"\" width=\"300\" height=\"225\" srcset=\"\"\/><\/a>Prva sednica Privremenog organa, <a href=\"http:\/\/www.pecinci.org\/info\/aktuelno.10.html?idvest=6117\" target=\"_blank\" rel=\"noopener\">odr\u017eana je 30. oktobra<\/a>, kada je za sekretara ovog tela izabrana Jelena Mi\u0107i\u0107, dosada\u0161nja sekretarka Skup\u0161tine op\u0161tine Pe\u0107inci.<\/p>\n<p>\u2013 Obrazovanjem Privremenog organa obezbe\u0111eno je nesmetano funkcionisanje pe\u0107ina\u010dke lokalne samouprave u narednom periodu. Tako\u0111e, \u017eelim da naglasim da na\u0161i sugra\u0111ani ne\u0107e trpeti zbog uvo\u0111enja privremenih mera i da \u0107e svi infrastrukturni radovi koji su u toku biti privedeni kraju, kao i da \u0107emo nastaviti sa realizacijom svih zapo\u010detih projekata. Sve op\u0161tinske slu\u017ebe \u0107e nastaviti sa redovnim obavljanjem poslova iz svoje nadle\u017enosti \u010dime \u0107emo obezbediti nesmetano svakodnevno funkcionisanje lokalne zajednice, izjavila je nakon odr\u017eane sednice Dubravka Kova\u010devi\u0107 Suboti\u010dki.<\/p>\n<p>Samo \u010detiri dana nakon prve sednice Privremenog organa, doneto je <a href=\"https:\/\/drive.google.com\/open?id=1kSg1ymfU3BLyoAHDQhxp2qN8wBDAsWbc\" target=\"_blank\" rel=\"noopener\"><strong>Re\u0161enje o imenovanju op\u0161tinske izborne komisije<\/strong><\/a> Op\u0161tine Pe\u0107inci koji \u0107e tu du\u017enost obavljati <a href=\"https:\/\/drive.google.com\/open?id=1RQ6WynZFy7ckQ-EDNkowETTqCBuU2gSI\" target=\"_blank\" rel=\"noopener\"><strong>u naredne \u010detiri godine<\/strong>.<\/a><\/p>\n<p>Op\u0161tinska izborna komisija Op\u0161tine Pe\u0107inci je<a href=\"http:\/\/www.pecinci.org\/info\/aktuelno.10.html?idvest=6156\" target=\"_blank\" rel=\"noopener\"><strong>\u00a0 9. novembra oko 23 sata<\/strong><\/a> proglasila prvu izbornu listu kandidata za odbornike u Skup\u0161tini op\u0161tine Pe\u0107inci na vanrednim lokalnim izborima zakazanim za 24. decembar. Za izbornu listu koja \u0107e na decembarskim izborima na glasa\u010dkom listi\u0107u biti pod brojem jedan progla\u0161ena je lista \u201cAleksandar Vu\u010di\u0107-Srpska napredna stranka\u201d koja \u0107e na prevremene izbore iza\u0107i u koaliciji sa strankom aktuelnog ministra za dr\u017eavnu upravu i lokalnu samoupravu Branka Ru\u017ei\u0107a, Socijalisti\u010dkom partijom Srbije.<\/p>\n<p>Predstavnici opozicije ne o\u010dekuju fer i ravnopravnu izbornu trku. Prema njihovim re\u010dima, najve\u0107i problem je <strong>kako gra\u0111ane osloboditi straha.<\/strong><\/p>\n<p>\u2013 Ljudi su zastra\u0161eni, ovde svako ko radi u op\u0161tinskoj upravi ili javnom preduze\u0107u\u00a0 je dobio zadatak da obezbedi <strong>40 sigurnih glasova<\/strong> za Srpsku naprednu stranku, u protivnom \u0107e dobiti otkaz. Svi ti ljudi imaju rodbinu i prijatelje koji \u0107e tako\u0111e nastojati da zbog njih svoj glas daju \u2018naprednjacima\u2019. U jednim <strong>nenormalnim uslovima<\/strong> ipak o\u010dekujem da \u0107e gra\u0111ani Pe\u0107inaca\u00a0 glasati po svojoj savesti i da \u0107e se osloboditi straha \u2013 zaklju\u010dio je predsednik OO DS Pe\u0107inci \u017divko Markovi\u0107.<\/p>\n<p><strong>Miodrag Ble\u010di\u0107 (VOICE)\u00a0<\/strong><\/p>\n<p><a href=\"https:\/\/voice.org.rs\/\" target=\"_blank\" rel=\"noopener\"><img decoding=\"async\" loading=\"lazy\" class=\"alignleft wp-image-53056 size-medium\" src=\"http:\/\/www.autonomija.info\/wp-content\/uploads\/2015\/02\/voice_logo-300x77.gif\" alt=\"\" width=\"300\" height=\"77\" srcset=\"\"\/><\/a><\/p>\n<\/p><\/div>\n<p><a href=\"https:\/\/voice.org.rs\/pecinci-opozicija-ocekuje-kradu-izbora\/\" target=\"_blank\" rel=\"noopener\">Source link <\/a><br \/>\n\n Pe\u0107inci: Opozicija o\u010dekuje kra\u0111u izbora<\/p>\n","protected":false},"excerpt":{"rendered":"<p>Odlukom Vlade Srbije, u op\u0161tini Pe\u0107inci raspu\u0161tena je Skup\u0161tina op\u0161tine i obrazovan Privremeni organ, koji \u0107e do 24. decembra, odnosno&hellip;<\/p>\n","protected":false},"author":1,"featured_media":5065,"comment_status":"open","ping_status":"open","sticky":false,"template":"","format":"standard","meta":{"footnotes":""},"categories":[1],"tags":[],"class_list":["post-5064","post","type-post","status-publish","format-standard","has-post-thumbnail","hentry","category-oglasi-pecinci"],"_links":{"self":[{"href":"https:\/\/oglasi.infooglasi.rs\/oglasi\/oglasipecinci\/wp-json\/wp\/v2\/posts\/5064","targetHints":{"allow":["GET"]}}],"collection":[{"href":"https:\/\/oglasi.infooglasi.rs\/oglasi\/oglasipecinci\/wp-json\/wp\/v2\/posts"}],"about":[{"href":"https:\/\/oglasi.infooglasi.rs\/oglasi\/oglasipecinci\/wp-json\/wp\/v2\/types\/post"}],"author":[{"embeddable":true,"href":"https:\/\/oglasi.infooglasi.rs\/oglasi\/oglasipecinci\/wp-json\/wp\/v2\/users\/1"}],"replies":[{"embeddable":true,"href":"https:\/\/oglasi.infooglasi.rs\/oglasi\/oglasipecinci\/wp-json\/wp\/v2\/comments?post=5064"}],"version-history":[{"count":0,"href":"https:\/\/oglasi.infooglasi.rs\/oglasi\/oglasipecinci\/wp-json\/wp\/v2\/posts\/5064\/revisions"}],"wp:featuredmedia":[{"embeddable":true,"href":"https:\/\/oglasi.infooglasi.rs\/oglasi\/oglasipecinci\/wp-json\/wp\/v2\/media\/5065"}],"wp:attachment":[{"href":"https:\/\/oglasi.infooglasi.rs\/oglasi\/oglasipecinci\/wp-json\/wp\/v2\/media?parent=5064"}],"wp:term":[{"taxonomy":"category","embeddable":true,"href":"https:\/\/oglasi.infooglasi.rs\/oglasi\/oglasipecinci\/wp-json\/wp\/v2\/categories?post=5064"},{"taxonomy":"post_tag","embeddable":true,"href":"https:\/\/oglasi.infooglasi.rs\/oglasi\/oglasipecinci\/wp-json\/wp\/v2\/tags?post=5064"}],"curies":[{"name":"wp","href":"https:\/\/api.w.org\/{rel}","templated":true}]}}